{
    "id": "https://www.memoriademadrid.es/iiif/manifest/389411",
    "@context": "http://iiif.io/api/presentation/3/context.json",
    "type": "Manifest",
    "label": {
        "es": [
            "Guillermo Luca de Tena"
        ]
    },
    "summary": {
        "es": [
            "Direcci\u00f3n: Calle Lagasca, 28\r\nDistrito: Salamanca\r\nColocada en el 11 de junio de 2015"
        ]
    },
    "homepage": [
        {
            "id": "https://www.memoriademadrid.es/view/389411",
            "type": "Text",
            "label": {
                "es": [
                    "Home Page"
                ]
            },
            "format": "text/html"
        }
    ],
    "behavior": [
        "continuous"
    ],
    "thumbnail": [
        {
            "id": "https://www.memoriademadrid.es/thumbnail/389411",
            "type": "Image",
            "format": "image/jpeg",
            "width": 1024,
            "height": 768
        }
    ],
    "metadata": [
        {
            "label": {
                "es": [
                    "MasterCarpeta"
                ]
            },
            "value": {
                "es": [
                    "Patrimonio_urbano_149285"
                ]
            }
        },
        {
            "label": {
                "es": [
                    "ID Vargas"
                ]
            },
            "value": {
                "es": [
                    "149285"
                ]
            }
        },
        {
            "label": {
                "es": [
                    "Objeto master"
                ]
            },
            "value": {
                "es": [
                    "No existen coincidencias"
                ]
            }
        },
        {
            "label": {
                "es": [
                    "ImportadoDesde"
                ]
            },
            "value": {
                "es": [
                    "Vargas"
                ]
            }
        },
        {
            "label": {
                "es": [
                    "OpenAccess Nombre"
                ]
            },
            "value": {
                "es": [
                    "Guillermo Luca de Tena"
                ]
            }
        },
        {
            "label": {
                "es": [
                    "OpenAccess ID Esquema de Metadatos"
                ]
            },
            "value": {
                "es": [
                    "4"
                ]
            }
        },
        {
            "label": {
                "es": [
                    "OpenAccess Perfil"
                ]
            },
            "value": {
                "es": [
                    "Imagen"
                ]
            }
        },
        {
            "label": {
                "es": [
                    "OpenAccess Colecci\u00f3n"
                ]
            },
            "value": {
                "es": [
                    "364478"
                ]
            }
        },
        {
            "label": {
                "es": [
                    "OpenAccess Log"
                ]
            },
            "value": {
                "es": [
                    "Updated in OpenAccess at 2025.05.30 05:02:23"
                ]
            }
        },
        {
            "label": {
                "es": [
                    "A\u00f1o Publicaci\u00f3n"
                ]
            },
            "value": {
                "es": [
                    "2015"
                ]
            }
        },
        {
            "label": {
                "es": [
                    "Clase de Patrimonio"
                ]
            },
            "value": {
                "es": [
                    "Patrimonio arquitect\u00f3nico y monumental"
                ]
            }
        },
        {
            "label": {
                "es": [
                    "URL Derechos"
                ]
            },
            "value": {
                "es": [
                    "<a href=http://creativecommons.org/licenses/by-nc/4.0/ >Creative Commons BY-NC 4.0</a>"
                ]
            }
        },
        {
            "label": {
                "es": [
                    "OpenAccess Estado"
                ]
            },
            "value": {
                "es": [
                    "PUBLISH"
                ]
            }
        },
        {
            "label": {
                "es": [
                    "OpenAccess Enlace"
                ]
            },
            "value": {
                "es": [
                    "https://www.memoriademadrid.es/view/389411"
                ]
            }
        },
        {
            "label": {
                "es": [
                    "edm:isShownBy"
                ]
            },
            "value": {
                "es": [
                    "https://www.memoriademadrid.es/viewer/389411"
                ]
            }
        },
        {
            "label": {
                "es": [
                    "edm:object"
                ]
            },
            "value": {
                "es": [
                    "https://www.memoriademadrid.es/thumbnail/389411"
                ]
            }
        },
        {
            "label": {
                "es": [
                    "edm:provider"
                ]
            },
            "value": {
                "es": [
                    "Hispana"
                ]
            }
        },
        {
            "label": {
                "es": [
                    "Notas (privadas)"
                ]
            },
            "value": {
                "es": [
                    "Nuevo registro"
                ]
            }
        },
        {
            "label": {
                "es": [
                    "Instituci\u00f3n"
                ]
            },
            "value": {
                "es": [
                    "Patrimonio urbano"
                ]
            }
        },
        {
            "label": {
                "es": [
                    "Formato"
                ]
            },
            "value": {
                "es": [
                    "image/jpeg"
                ]
            }
        },
        {
            "label": {
                "es": [
                    "Tipo de recurso"
                ]
            },
            "value": {
                "es": [
                    "IMAGE"
                ]
            }
        },
        {
            "label": {
                "es": [
                    "Editor"
                ]
            },
            "value": {
                "es": [
                    "Ayuntamiento de Madrid"
                ]
            }
        },
        {
            "label": {
                "es": [
                    "Latitud/Longitud WGS 84"
                ]
            },
            "value": {
                "es": [
                    "40.42331681,-3.6854958"
                ]
            }
        },
        {
            "label": {
                "es": [
                    "Idioma"
                ]
            },
            "value": {
                "es": [
                    "spa"
                ]
            }
        },
        {
            "label": {
                "es": [
                    "T\u00edtulo"
                ]
            },
            "value": {
                "es": [
                    "Guillermo Luca de Tena"
                ]
            }
        },
        {
            "label": {
                "es": [
                    "Fecha de creaci\u00f3n inicial"
                ]
            },
            "value": {
                "es": [
                    "2015-06-11"
                ]
            }
        },
        {
            "label": {
                "es": [
                    "Fecha del registro"
                ]
            },
            "value": {
                "es": [
                    "2015-07-01"
                ]
            }
        },
        {
            "label": {
                "es": [
                    "Fecha de creaci\u00f3n Matiz"
                ]
            },
            "value": {
                "es": [
                    "2015"
                ]
            }
        },
        {
            "label": {
                "es": [
                    "Lugar"
                ]
            },
            "value": {
                "es": [
                    "Madrid"
                ]
            }
        },
        {
            "label": {
                "es": [
                    "Descripci\u00f3n"
                ]
            },
            "value": {
                "es": [
                    "Direcci\u00f3n: Calle Lagasca, 28\r\nDistrito: Salamanca\r\nColocada en el 11 de junio de 2015"
                ]
            }
        },
        {
            "label": {
                "es": [
                    "Tipo de documento"
                ]
            },
            "value": {
                "es": [
                    "Placas conmemorativas"
                ]
            }
        },
        {
            "label": {
                "es": [
                    "Signatura"
                ]
            },
            "value": {
                "es": [
                    "s/sign."
                ]
            }
        },
        {
            "label": {
                "es": [
                    "Materia"
                ]
            },
            "value": {
                "es": [
                    "Trenes",
                    "Instalaciones de Metro"
                ]
            }
        },
        {
            "label": {
                "es": [
                    "Comentarios (p\u00fablico)"
                ]
            },
            "value": {
                "es": [
                    "En esta casa vivi\u00f3 y muri\u00f3 GUILLERMO LUCA DE TENA (1927 \u2013 2010). Editor de ABC\r\n\r\nGuillermo Luca de Tena naci\u00f3 en Madrid el 8 de junio de 1927, hijo del periodista y escritor Juan Ignacio Luca de Tena y nieto de Torcuato Luca de Tena y \u00c1varez Osorio, fundador de ABC y Blanco y Negro.\r\nLa vida de Guillermo Luca de Tena estuvo unida al periodismo, iniciando su carrera en el diario ABC de Sevilla, primero como gerente, de 1953 a 1957, y luego como director del peri\u00f3dico entre 1957 y 1962. Ese a\u00f1o fue designado Consejero-Delegado de Prensa Espa\u00f1ola y director de la publicaci\u00f3n semanal Blanco y Negro. Ya en Madrid desempe\u00f1\u00f3 ambas funciones a las que sum\u00f3, en 1972, la presidencia del Consejo de Administraci\u00f3n de Prensa Espa\u00f1ola, S.A. y la presidencia de su Comisi\u00f3n Ejecutiva.\r\nFue el primer presidente del Instituto Internacional de Prensa (IPI).\r\nDesde 1966 a 1969 fue miembro del Consejo Privado y de la Secretar\u00eda Pol\u00edtica de Don Juan de Borb\u00f3n, Conde de Barcelona. En junio de 1977, y hasta 1979, fue designado Senador Real en las Cortes Constituyentes. En octubre de 1977 se hizo cargo de la direcci\u00f3n de ABC al frente de cuyo peri\u00f3dico estuvo hasta el mes de enero de 1983 en que el Consejo de Administraci\u00f3n de Prensa Espa\u00f1ola y su Junta de Fundadores lo design\u00f3 Presidente-Editor de Prensa Espa\u00f1ola, S.A. \r\nEn mayo de 1993 fue uno de los firmantes de la Declaraci\u00f3n de Madrid en Defensa de la Libertad de Expresi\u00f3n. \r\nEst\u00e1 en posesi\u00f3n del premio \u201cCarabela de Plata\u201d que le fue entregado en febrero de 1980 por la Asociaci\u00f3n de Corresponsales Iberoamericanos. En enero de 1999 la Asociaci\u00f3n de la Prensa de Madrid le hizo entrega del premio \u201cMarceliano Santamar\u00eda\u201d. Es autor del libro \u201cEl papel de la prensa en la consolidaci\u00f3n de la Democracia\u201d (1980).\r\nEst\u00e1 en posesi\u00f3n de las Grandes Cruces de la Orden del M\u00e9rito Civil y de Alfonso X El Sabio as\u00ed como de la Medalla Constitucional.\r\nEn 2003 el Rey le otorg\u00f3 el t\u00edtulo de Marqu\u00e9s del Valle de Tena con Grandeza de Espa\u00f1a.\r\nPertenece al patronato de los Reales Alc\u00e1zares de Sevilla y al de la Fundaci\u00f3n Pr\u00edncipe de Asturias."
                ]
            }
        },
        {
            "label": {
                "es": [
                    "Derechos"
                ]
            },
            "value": {
                "es": [
                    "http://creativecommons.org/licenses/by-nc/4.0/"
                ]
            }
        }
    ],
    "items": [
        {
            "id": "https://www.memoriademadrid.es/iiif/389411/canvas/p1",
            "type": "Canvas",
            "label": {
                "es": [
                    1
                ]
            },
            "width": 2048,
            "height": 1536,
            "thumbnail": [
                {
                    "id": "https://www.memoriademadrid.es/iiif/3/1261725/full/^500,/0/default.jpg",
                    "type": "Image",
                    "format": "image/jpeg",
                    "width": 500,
                    "height": 375,
                    "services": [
                        {
                            "id": "https://www.memoriademadrid.es/iiif/3/1261725",
                            "profile": "http://iiif.io/api/image/3/level1.json",
                            "@type": "http://iiif.io/api/image/3/context.json"
                        }
                    ]
                }
            ],
            "items": [
                {
                    "id": "https://www.memoriademadrid.es/iiif/3/1261725",
                    "type": "AnnotationPage",
                    "items": [
                        {
                            "id": "https://www.memoriademadrid.es/iiif/3/1261725",
                            "type": "Annotation",
                            "motivation": "painting",
                            "target": "https://www.memoriademadrid.es/iiif/3/1261725",
                            "body": {
                                "id": "https://www.memoriademadrid.es/iiif/3/1261725/full/^1000,/0/default.jpg",
                                "type": "Image",
                                "format": "image/jpeg",
                                "width": 2048,
                                "height": 1536,
                                "service": [
                                    {
                                        "id": "https://www.memoriademadrid.es/iiif/2/1261725",
                                        "profile": "http://iiif.io/api/image/2/level2.json",
                                        "type": "ImageService2"
                                    }
                                ]
                            }
                        }
                    ]
                }
            ]
        },
        {
            "id": "https://www.memoriademadrid.es/iiif/389411/canvas/p2",
            "type": "Canvas",
            "label": {
                "es": [
                    2
                ]
            },
            "width": 2048,
            "height": 1536,
            "thumbnail": [
                {
                    "id": "https://www.memoriademadrid.es/iiif/3/1261726/full/^500,/0/default.jpg",
                    "type": "Image",
                    "format": "image/jpeg",
                    "width": 500,
                    "height": 375,
                    "services": [
                        {
                            "id": "https://www.memoriademadrid.es/iiif/3/1261726",
                            "profile": "http://iiif.io/api/image/3/level1.json",
                            "@type": "http://iiif.io/api/image/3/context.json"
                        }
                    ]
                }
            ],
            "items": [
                {
                    "id": "https://www.memoriademadrid.es/iiif/3/1261726",
                    "type": "AnnotationPage",
                    "items": [
                        {
                            "id": "https://www.memoriademadrid.es/iiif/3/1261726",
                            "type": "Annotation",
                            "motivation": "painting",
                            "target": "https://www.memoriademadrid.es/iiif/3/1261726",
                            "body": {
                                "id": "https://www.memoriademadrid.es/iiif/3/1261726/full/^1000,/0/default.jpg",
                                "type": "Image",
                                "format": "image/jpeg",
                                "width": 2048,
                                "height": 1536,
                                "service": [
                                    {
                                        "id": "https://www.memoriademadrid.es/iiif/2/1261726",
                                        "profile": "http://iiif.io/api/image/2/level2.json",
                                        "type": "ImageService2"
                                    }
                                ]
                            }
                        }
                    ]
                }
            ]
        }
    ],
    "structures": []
}