{
    "id": "https://www.memoriademadrid.es/iiif/manifest/395023",
    "@context": "http://iiif.io/api/presentation/3/context.json",
    "type": "Manifest",
    "label": {
        "es": [
            "Ornato de la fuente de la Puerta del Sol para la solemne entrada de Mar\u00eda Cristina de Borb\u00f3n"
        ]
    },
    "summary": {
        "es": [
            "\"Ornato de la fuente de la Puerta del Sol de Madrid, visto por el frente, dispuesto en el a\u00f1o de 1829 de orden del Exmo. Ayuntamiento para la solemne entrada / de la Reyna N.$a$ S.$a$ / D.$a$ Maria Cristina de Borbon, con motivo de su feliz enlace con el S.$r$ D.$n$ Fernando 7, nuestro augusto Soberano\" \r\nLitograf\u00eda. Papel blanco\r\n31.3 cm x 47.5 cm"
        ]
    },
    "homepage": [
        {
            "id": "https://www.memoriademadrid.es/view/395023",
            "type": "Text",
            "label": {
                "es": [
                    "Home Page"
                ]
            },
            "format": "text/html"
        }
    ],
    "behavior": [
        "continuous"
    ],
    "thumbnail": [
        {
            "id": "https://www.memoriademadrid.es/thumbnail/395023",
            "type": "Image",
            "format": "image/jpeg",
            "width": 1024,
            "height": 681
        }
    ],
    "metadata": [
        {
            "label": {
                "es": [
                    "Tipo de recurso"
                ]
            },
            "value": {
                "es": [
                    "IMAGE"
                ]
            }
        },
        {
            "label": {
                "es": [
                    "OpenAccess Perfil"
                ]
            },
            "value": {
                "es": [
                    "Imagen"
                ]
            }
        },
        {
            "label": {
                "es": [
                    "OpenAccess Colecci\u00f3n"
                ]
            },
            "value": {
                "es": [
                    "260321"
                ]
            }
        },
        {
            "label": {
                "es": [
                    "OpenAccess ID Esquema de Metadatos"
                ]
            },
            "value": {
                "es": [
                    "4"
                ]
            }
        },
        {
            "label": {
                "es": [
                    "OpenAccess Nombre"
                ]
            },
            "value": {
                "es": [
                    "Ornato de la fuente de la Puerta del Sol para la solemne entrada de Mar\u00eda Cristina de Borb\u00f3n"
                ]
            }
        },
        {
            "label": {
                "es": [
                    "ImportadoDesde"
                ]
            },
            "value": {
                "es": [
                    "Vargas"
                ]
            }
        },
        {
            "label": {
                "es": [
                    "A\u00f1o Publicaci\u00f3n"
                ]
            },
            "value": {
                "es": [
                    "1829"
                ]
            }
        },
        {
            "label": {
                "es": [
                    "ID Vargas"
                ]
            },
            "value": {
                "es": [
                    "11096"
                ]
            }
        },
        {
            "label": {
                "es": [
                    "Notas (privadas)"
                ]
            },
            "value": {
                "es": [
                    "Reconstrucci\u00f3n de la Puerta del Sol."
                ]
            }
        },
        {
            "label": {
                "es": [
                    "OpenAccess Enlace"
                ]
            },
            "value": {
                "es": [
                    "https://www.memoriademadrid.es/view/395023"
                ]
            }
        },
        {
            "label": {
                "es": [
                    "Formato"
                ]
            },
            "value": {
                "es": [
                    "image/jpeg"
                ]
            }
        },
        {
            "label": {
                "es": [
                    "Editor"
                ]
            },
            "value": {
                "es": [
                    "Ayuntamiento de Madrid. \u00c1rea de Las Artes"
                ]
            }
        },
        {
            "label": {
                "es": [
                    "Clase de Patrimonio"
                ]
            },
            "value": {
                "es": [
                    "Patrimonio art\u00edstico"
                ]
            }
        },
        {
            "label": {
                "es": [
                    "URL Derechos"
                ]
            },
            "value": {
                "es": [
                    "<a href=http://creativecommons.org/licenses/by-nc/4.0/ >Creative Commons BY-NC 4.0</a>"
                ]
            }
        },
        {
            "label": {
                "es": [
                    "Fecha de creaci\u00f3n final"
                ]
            },
            "value": {
                "es": [
                    "1829-12-31"
                ]
            }
        },
        {
            "label": {
                "es": [
                    "OpenAccess Log"
                ]
            },
            "value": {
                "es": [
                    "Updated in OpenAccess at 2025.12.03 09:31:24."
                ]
            }
        },
        {
            "label": {
                "es": [
                    "OpenAccess Estado"
                ]
            },
            "value": {
                "es": [
                    "PUBLISH"
                ]
            }
        },
        {
            "label": {
                "es": [
                    "Idioma"
                ]
            },
            "value": {
                "es": [
                    "spa"
                ]
            }
        },
        {
            "label": {
                "es": [
                    "edm:object"
                ]
            },
            "value": {
                "es": [
                    "https://www.memoriademadrid.es/thumbnail/395023"
                ]
            }
        },
        {
            "label": {
                "es": [
                    "Instituci\u00f3n"
                ]
            },
            "value": {
                "es": [
                    "Museo de Historia"
                ]
            }
        },
        {
            "label": {
                "es": [
                    "edm:isShownBy"
                ]
            },
            "value": {
                "es": [
                    "https://www.memoriademadrid.es/viewer/395023"
                ]
            }
        },
        {
            "label": {
                "es": [
                    "Autor"
                ]
            },
            "value": {
                "es": [
                    "Custodio Teodoro MORENO",
                    "Enrique BLANCO"
                ]
            }
        },
        {
            "label": {
                "es": [
                    "T\u00edtulo"
                ]
            },
            "value": {
                "es": [
                    "Ornato de la fuente de la Puerta del Sol para la solemne entrada de Mar\u00eda Cristina de Borb\u00f3n"
                ]
            }
        },
        {
            "label": {
                "es": [
                    "Fecha del registro"
                ]
            },
            "value": {
                "es": [
                    "2012-07-04"
                ]
            }
        },
        {
            "label": {
                "es": [
                    "Fecha de creaci\u00f3n Matiz"
                ]
            },
            "value": {
                "es": [
                    "1829"
                ]
            }
        },
        {
            "label": {
                "es": [
                    "Fecha de creaci\u00f3n inicial"
                ]
            },
            "value": {
                "es": [
                    "1829-01-01"
                ]
            }
        },
        {
            "label": {
                "es": [
                    "Lugar"
                ]
            },
            "value": {
                "es": [
                    "Madrid"
                ]
            }
        },
        {
            "label": {
                "es": [
                    "Descripci\u00f3n"
                ]
            },
            "value": {
                "es": [
                    "\"Ornato de la fuente de la Puerta del Sol de Madrid, visto por el frente, dispuesto en el a\u00f1o de 1829 de orden del Exmo. Ayuntamiento para la solemne entrada / de la Reyna N.$a$ S.$a$ / D.$a$ Maria Cristina de Borbon, con motivo de su feliz enlace con el S.$r$ D.$n$ Fernando 7, nuestro augusto Soberano\" \r\nLitograf\u00eda. Papel blanco\r\n31.3 cm x 47.5 cm"
                ]
            }
        },
        {
            "label": {
                "es": [
                    "Tipo de documento"
                ]
            },
            "value": {
                "es": [
                    "Estampas"
                ]
            }
        },
        {
            "label": {
                "es": [
                    "Signatura"
                ]
            },
            "value": {
                "es": [
                    "Inv. 2003-17-612"
                ]
            }
        },
        {
            "label": {
                "es": [
                    "Materia"
                ]
            },
            "value": {
                "es": [
                    "Puerta del Sol",
                    "Arquitectura ef\u00edmera",
                    "Moreno, Custodio Teodoro (1780-1854)"
                ]
            }
        },
        {
            "label": {
                "es": [
                    "Comentarios (p\u00fablico)"
                ]
            },
            "value": {
                "es": [
                    "20, Estampas litogr\u00e1ficas del enlace de Fernando VII y M\u00aa Cristina de Borb\u00f3n[Colecci\u00f3n de estampas litogr\u00e1ficas que representan los monumentos eregidos de orden del Excelent\u00edsimo Ayuntamiento de la muy heroica Villa de Madrid en el a\u00f1o de 1829, con motivo del feliz enlace de nuestro augusto soberano el Se\u00f1or D. Fernando VII con la Serma. Se\u00f1ora Princesa de las Dos Sicilias Do\u00f1a Mar\u00eda Cristina de Borb\u00f3n."
                ]
            }
        },
        {
            "label": {
                "es": [
                    "Derechos"
                ]
            },
            "value": {
                "es": [
                    "http://creativecommons.org/licenses/by-nc/4.0/"
                ]
            }
        }
    ],
    "items": [
        {
            "id": "https://www.memoriademadrid.es/iiif/395023/canvas/p1",
            "type": "Canvas",
            "label": {
                "es": [
                    1
                ]
            },
            "width": 600,
            "height": 399,
            "thumbnail": [
                {
                    "id": "https://www.memoriademadrid.es/iiif/3/1240243/full/^500,/0/default.jpg",
                    "type": "Image",
                    "format": "image/jpeg",
                    "width": 500,
                    "height": 333,
                    "services": [
                        {
                            "id": "https://www.memoriademadrid.es/iiif/3/1240243",
                            "profile": "http://iiif.io/api/image/3/level1.json",
                            "@type": "http://iiif.io/api/image/3/context.json"
                        }
                    ]
                }
            ],
            "items": [
                {
                    "id": "https://www.memoriademadrid.es/iiif/3/1240243",
                    "type": "AnnotationPage",
                    "items": [
                        {
                            "id": "https://www.memoriademadrid.es/iiif/3/1240243",
                            "type": "Annotation",
                            "motivation": "painting",
                            "target": "https://www.memoriademadrid.es/iiif/3/1240243",
                            "body": {
                                "id": "https://www.memoriademadrid.es/iiif/3/1240243/full/^600,/0/default.jpg",
                                "type": "Image",
                                "format": "image/jpeg",
                                "width": 600,
                                "height": 399,
                                "service": [
                                    {
                                        "id": "https://www.memoriademadrid.es/iiif/2/1240243",
                                        "profile": "http://iiif.io/api/image/2/level2.json",
                                        "type": "ImageService2"
                                    }
                                ]
                            }
                        }
                    ]
                }
            ]
        },
        {
            "id": "https://www.memoriademadrid.es/iiif/395023/canvas/p2",
            "type": "Canvas",
            "label": {
                "es": [
                    2
                ]
            },
            "width": 600,
            "height": 399,
            "thumbnail": [
                {
                    "id": "https://www.memoriademadrid.es/iiif/3/1240244/full/^500,/0/default.jpg",
                    "type": "Image",
                    "format": "image/jpeg",
                    "width": 500,
                    "height": 333,
                    "services": [
                        {
                            "id": "https://www.memoriademadrid.es/iiif/3/1240244",
                            "profile": "http://iiif.io/api/image/3/level1.json",
                            "@type": "http://iiif.io/api/image/3/context.json"
                        }
                    ]
                }
            ],
            "items": [
                {
                    "id": "https://www.memoriademadrid.es/iiif/3/1240244",
                    "type": "AnnotationPage",
                    "items": [
                        {
                            "id": "https://www.memoriademadrid.es/iiif/3/1240244",
                            "type": "Annotation",
                            "motivation": "painting",
                            "target": "https://www.memoriademadrid.es/iiif/3/1240244",
                            "body": {
                                "id": "https://www.memoriademadrid.es/iiif/3/1240244/full/^600,/0/default.jpg",
                                "type": "Image",
                                "format": "image/jpeg",
                                "width": 600,
                                "height": 399,
                                "service": [
                                    {
                                        "id": "https://www.memoriademadrid.es/iiif/2/1240244",
                                        "profile": "http://iiif.io/api/image/2/level2.json",
                                        "type": "ImageService2"
                                    }
                                ]
                            }
                        }
                    ]
                }
            ]
        }
    ],
    "structures": []
}