{
    "id": "https://www.memoriademadrid.es/iiif/manifest/396425",
    "@context": "http://iiif.io/api/presentation/3/context.json",
    "type": "Manifest",
    "label": {
        "es": [
            "Fuente de Cibeles"
        ]
    },
    "summary": {
        "es": [
            "P\u00e9treo (m\u00e1rmol)\r\nAltura: 5,5 x Anchura: 4,7 x Fondo: 12,5 m.\r\nPlaza Cibeles"
        ]
    },
    "homepage": [
        {
            "id": "https://www.memoriademadrid.es/view/396425",
            "type": "Text",
            "label": {
                "es": [
                    "Home Page"
                ]
            },
            "format": "text/html"
        }
    ],
    "behavior": [
        "continuous"
    ],
    "thumbnail": [
        {
            "id": "https://www.memoriademadrid.es/thumbnail/396425",
            "type": "Image",
            "format": "image/jpeg",
            "width": 1024,
            "height": 768
        }
    ],
    "metadata": [
        {
            "label": {
                "es": [
                    "Instituci\u00f3n"
                ]
            },
            "value": {
                "es": [
                    "Patrimonio urbano"
                ]
            }
        },
        {
            "label": {
                "es": [
                    "edm:isShownBy"
                ]
            },
            "value": {
                "es": [
                    "https://www.memoriademadrid.es/viewer/396425"
                ]
            }
        },
        {
            "label": {
                "es": [
                    "edm:object"
                ]
            },
            "value": {
                "es": [
                    "https://www.memoriademadrid.es/thumbnail/396425"
                ]
            }
        },
        {
            "label": {
                "es": [
                    "OpenAccess Estado"
                ]
            },
            "value": {
                "es": [
                    "PUBLISH"
                ]
            }
        },
        {
            "label": {
                "es": [
                    "OpenAccess Log"
                ]
            },
            "value": {
                "es": [
                    "Updated in OpenAccess at 2025.09.15 07:58:55."
                ]
            }
        },
        {
            "label": {
                "es": [
                    "URL Derechos"
                ]
            },
            "value": {
                "es": [
                    "<a href=http://creativecommons.org/licenses/by-nc/4.0/ >Creative Commons BY-NC 4.0</a>"
                ]
            }
        },
        {
            "label": {
                "es": [
                    "Clase de Patrimonio"
                ]
            },
            "value": {
                "es": [
                    "Patrimonio arquitect\u00f3nico y monumental"
                ]
            }
        },
        {
            "label": {
                "es": [
                    "MasterCarpeta"
                ]
            },
            "value": {
                "es": [
                    "Patrimonio_urbano_11951"
                ]
            }
        },
        {
            "label": {
                "es": [
                    "OpenAccess Enlace"
                ]
            },
            "value": {
                "es": [
                    "https://www.memoriademadrid.es/view/396425"
                ]
            }
        },
        {
            "label": {
                "es": [
                    "OpenAccess Perfil"
                ]
            },
            "value": {
                "es": [
                    "Imagen"
                ]
            }
        },
        {
            "label": {
                "es": [
                    "OpenAccess Colecci\u00f3n"
                ]
            },
            "value": {
                "es": [
                    "260321"
                ]
            }
        },
        {
            "label": {
                "es": [
                    "OpenAccess ID Esquema de Metadatos"
                ]
            },
            "value": {
                "es": [
                    "4"
                ]
            }
        },
        {
            "label": {
                "es": [
                    "OpenAccess Nombre"
                ]
            },
            "value": {
                "es": [
                    "Fuente de Cibeles"
                ]
            }
        },
        {
            "label": {
                "es": [
                    "ImportadoDesde"
                ]
            },
            "value": {
                "es": [
                    "Vargas"
                ]
            }
        },
        {
            "label": {
                "es": [
                    "Objeto master"
                ]
            },
            "value": {
                "es": [
                    "No existen coincidencias"
                ]
            }
        },
        {
            "label": {
                "es": [
                    "A\u00f1o Publicaci\u00f3n"
                ]
            },
            "value": {
                "es": [
                    "1782"
                ]
            }
        },
        {
            "label": {
                "es": [
                    "Notas (privadas)"
                ]
            },
            "value": {
                "es": [
                    "Paisaje de la luz. Cibeles"
                ]
            }
        },
        {
            "label": {
                "es": [
                    "ID Vargas"
                ]
            },
            "value": {
                "es": [
                    "11951"
                ]
            }
        },
        {
            "label": {
                "es": [
                    "Idioma"
                ]
            },
            "value": {
                "es": [
                    "spa"
                ]
            }
        },
        {
            "label": {
                "es": [
                    "Fecha de creaci\u00f3n final"
                ]
            },
            "value": {
                "es": [
                    "1782-12-31"
                ]
            }
        },
        {
            "label": {
                "es": [
                    "Editor"
                ]
            },
            "value": {
                "es": [
                    "Ayuntamiento de Madrid. \u00c1rea de Las Artes"
                ]
            }
        },
        {
            "label": {
                "es": [
                    "Tipo de recurso"
                ]
            },
            "value": {
                "es": [
                    "IMAGE"
                ]
            }
        },
        {
            "label": {
                "es": [
                    "Formato"
                ]
            },
            "value": {
                "es": [
                    "image/jpeg"
                ]
            }
        },
        {
            "label": {
                "es": [
                    "Autor"
                ]
            },
            "value": {
                "es": [
                    "Francisco GUTI\u00c9RREZ ARRIBAS",
                    "Roberto MICHEL",
                    "Ventura RODR\u00cdGUEZ"
                ]
            }
        },
        {
            "label": {
                "es": [
                    "T\u00edtulo"
                ]
            },
            "value": {
                "es": [
                    "Fuente de Cibeles"
                ]
            }
        },
        {
            "label": {
                "es": [
                    "Fecha de creaci\u00f3n inicial"
                ]
            },
            "value": {
                "es": [
                    "1782-01-01"
                ]
            }
        },
        {
            "label": {
                "es": [
                    "Fecha del registro"
                ]
            },
            "value": {
                "es": [
                    "2012-07-04"
                ]
            }
        },
        {
            "label": {
                "es": [
                    "Lugar"
                ]
            },
            "value": {
                "es": [
                    "Madrid"
                ]
            }
        },
        {
            "label": {
                "es": [
                    "Descripci\u00f3n"
                ]
            },
            "value": {
                "es": [
                    "P\u00e9treo (m\u00e1rmol)\r\nAltura: 5,5 x Anchura: 4,7 x Fondo: 12,5 m.\r\nPlaza Cibeles"
                ]
            }
        },
        {
            "label": {
                "es": [
                    "Tipo de documento"
                ]
            },
            "value": {
                "es": [
                    "Escultura",
                    "Monumentos"
                ]
            }
        },
        {
            "label": {
                "es": [
                    "Signatura"
                ]
            },
            "value": {
                "es": [
                    "s/sig"
                ]
            }
        },
        {
            "label": {
                "es": [
                    "Materia"
                ]
            },
            "value": {
                "es": [
                    "Personajes mitol\u00f3gicos",
                    "Fuentes",
                    "Rodr\u00edguez Tiz\u00f3n, Ventura (1717-1785)"
                ]
            }
        },
        {
            "label": {
                "es": [
                    "Comentarios (p\u00fablico)"
                ]
            },
            "value": {
                "es": [
                    "La fuente de Cibeles fue dise\u00f1ada en 1777 por el Maestro Mayor de la Villa y de sus Fuentes y Viajes de Agua, el arquitecto madrile\u00f1o Ventura Rodr\u00edguez (1717\u20131785), aunque su trabajo se limit\u00f3 a realizar los dibujos a l\u00e1piz y al papel. Fueron los escultores Francisco Guti\u00e9rrez, que esculpi\u00f3 la figura de la diosa y las ruedas del carro, el franc\u00e9s Roberto Michel, que se encarg\u00f3 de los dos leones y Miguel Jim\u00e9nez, que cobr\u00f3 8.400 reales por labrar las cenefas decorativas del carro, quienes trabajaron en equipo para pasar los dise\u00f1os a la piedra. \r\n\r\nLa fuente debi\u00f3 quedar terminada e instalada en su ubicaci\u00f3n original ya a finales de 1781. Desde un principio Ventura Rodr\u00edguez quiso compaginar la funci\u00f3n ornamental con la eminentemente pr\u00e1ctica y para ello proyect\u00f3 una figura infantil sobre una jarra de la que brotaba un surtidor de agua potable para uso p\u00fablico alimentado, aunque no lleg\u00f3 a realizarse, por lo que la fuente s\u00f3lo sirvi\u00f3 como abrevadero.\r\n\r\nEn 1791 el nuevo Maestro Mayor de Madrid, Juan de Villanueva propuso disponer en los costados de la fuente sendos pedestales rocosos con las figuras de los emblemas her\u00e1ldicos de la villa: un drag\u00f3n y un oso que arrojaran agua por unos ca\u00f1os de bronce insertos en sus bocas. El drag\u00f3n se destin\u00f3 para uso p\u00fablico y el oso para que llenasen sus barriles los 50 aguadores que se acabar\u00edan asignando a la fuente, aunque en 1862 fueron retirados.\r\n\r\nPoco a poco, al elevarse las rasantes de su entorno por la renovaci\u00f3n de la edificaci\u00f3n circundante, la fuente se fue quedando semienterrada. En 1891, al reordenar la zona, el arquitecto municipal Jos\u00e9 L\u00f3pez Sallaberry propuso desplazarla al centro de la nueva plaza el\u00edptica y orientarla hacia la Puerta del Sol en vez de a Neptuno, desatando una pol\u00e9mica con la Real Academia de Bellas Artes de San Fernando. La fuente se instal\u00f3 sobreelevada a 3 m de altura sobre su ubicaci\u00f3n original, en una plataforma con cuatro pelda\u00f1os en el centro de una isleta circular con su acera. Despu\u00e9s de la Guerra Civil, y ante el creciente incremento del tr\u00e1fico rodado que la hac\u00eda inaccesible, se decidi\u00f3 retirar la verja circundante, cubriendo la escalinata con un talud ajardinado, al tiempo que se intentaba realzar su presencia incrementando los juegos de agua. Pero la reforma definitiva que vemos actualmente fue realizada en 1968 por Manuel Herrero Palacios, que elimin\u00f3 las rocallas decimon\u00f3nicas y elev\u00f3 la fuente sobre un escal\u00f3n estriado en el que se derramaba el agua que rebosaba en cascada desde el antiguo pil\u00f3n."
                ]
            }
        },
        {
            "label": {
                "es": [
                    "URL Cat\u00e1logo"
                ]
            },
            "value": {
                "es": [
                    "http://www.monumentamadrid.es/AM_Monumentos3/AM_Monumentos3_WEB/index.htm#ingra:mon5.8074"
                ]
            }
        },
        {
            "label": {
                "es": [
                    "Derechos"
                ]
            },
            "value": {
                "es": [
                    "http://creativecommons.org/licenses/by-nc/4.0/"
                ]
            }
        },
        {
            "label": {
                "es": [
                    "Enlace Externo"
                ]
            },
            "value": {
                "es": [
                    "<a href=\"http://www.monumentamadrid.es/AM_Monumentos3/AM_Monumentos3_WEB/index.htm#ingra:mon5.8074\">Ver en el cat\u00e1logo</a>"
                ]
            }
        }
    ],
    "items": [
        {
            "id": "https://www.memoriademadrid.es/iiif/396425/canvas/p1",
            "type": "Canvas",
            "label": {
                "es": [
                    1
                ]
            },
            "width": 800,
            "height": 600,
            "thumbnail": [
                {
                    "id": "https://www.memoriademadrid.es/iiif/3/1227640/full/^500,/0/default.jpg",
                    "type": "Image",
                    "format": "image/jpeg",
                    "width": 500,
                    "height": 375,
                    "services": [
                        {
                            "id": "https://www.memoriademadrid.es/iiif/3/1227640",
                            "profile": "http://iiif.io/api/image/3/level1.json",
                            "@type": "http://iiif.io/api/image/3/context.json"
                        }
                    ]
                }
            ],
            "items": [
                {
                    "id": "https://www.memoriademadrid.es/iiif/3/1227640",
                    "type": "AnnotationPage",
                    "items": [
                        {
                            "id": "https://www.memoriademadrid.es/iiif/3/1227640",
                            "type": "Annotation",
                            "motivation": "painting",
                            "target": "https://www.memoriademadrid.es/iiif/3/1227640",
                            "body": {
                                "id": "https://www.memoriademadrid.es/iiif/3/1227640/full/^800,/0/default.jpg",
                                "type": "Image",
                                "format": "image/jpeg",
                                "width": 800,
                                "height": 600,
                                "service": [
                                    {
                                        "id": "https://www.memoriademadrid.es/iiif/2/1227640",
                                        "profile": "http://iiif.io/api/image/2/level2.json",
                                        "type": "ImageService2"
                                    }
                                ]
                            }
                        }
                    ]
                }
            ]
        },
        {
            "id": "https://www.memoriademadrid.es/iiif/396425/canvas/p2",
            "type": "Canvas",
            "label": {
                "es": [
                    2
                ]
            },
            "width": 800,
            "height": 600,
            "thumbnail": [
                {
                    "id": "https://www.memoriademadrid.es/iiif/3/1227644/full/^500,/0/default.jpg",
                    "type": "Image",
                    "format": "image/jpeg",
                    "width": 500,
                    "height": 375,
                    "services": [
                        {
                            "id": "https://www.memoriademadrid.es/iiif/3/1227644",
                            "profile": "http://iiif.io/api/image/3/level1.json",
                            "@type": "http://iiif.io/api/image/3/context.json"
                        }
                    ]
                }
            ],
            "items": [
                {
                    "id": "https://www.memoriademadrid.es/iiif/3/1227644",
                    "type": "AnnotationPage",
                    "items": [
                        {
                            "id": "https://www.memoriademadrid.es/iiif/3/1227644",
                            "type": "Annotation",
                            "motivation": "painting",
                            "target": "https://www.memoriademadrid.es/iiif/3/1227644",
                            "body": {
                                "id": "https://www.memoriademadrid.es/iiif/3/1227644/full/^800,/0/default.jpg",
                                "type": "Image",
                                "format": "image/jpeg",
                                "width": 800,
                                "height": 600,
                                "service": [
                                    {
                                        "id": "https://www.memoriademadrid.es/iiif/2/1227644",
                                        "profile": "http://iiif.io/api/image/2/level2.json",
                                        "type": "ImageService2"
                                    }
                                ]
                            }
                        }
                    ]
                }
            ]
        }
    ],
    "structures": []
}