{
    "id": "https://www.memoriademadrid.es/iiif/manifest/396481",
    "@context": "http://iiif.io/api/presentation/3/context.json",
    "type": "Manifest",
    "label": {
        "es": [
            "Fuente del obelisco de la Fuente Castellana"
        ]
    },
    "summary": {
        "es": [
            "P\u00e9treo, granito, caliza y met\u00e1lico\r\nAltura: 4,00 x Anchura: 4,25 x Fondo: 4,00 m.\r\nParque de la Arganzuela\r\n\r\nFuente monumental conmemorativa constituida por una gran columna, procedente de la antigua Fuente Castellana y denominada habitualmente obelisco, que se asienta sobre un pil\u00f3n gran\u00edtico de forma circular. Este monumento neocl\u00e1sico consta de tres partes fundamentales superpuestas: z\u00f3calo-pedestal, basamento y aguja."
        ]
    },
    "homepage": [
        {
            "id": "https://www.memoriademadrid.es/view/396481",
            "type": "Text",
            "label": {
                "es": [
                    "Home Page"
                ]
            },
            "format": "text/html"
        }
    ],
    "behavior": [
        "continuous"
    ],
    "thumbnail": [
        {
            "id": "https://www.memoriademadrid.es/thumbnail/396481",
            "type": "Image",
            "format": "image/jpeg",
            "width": 728,
            "height": 1024
        }
    ],
    "metadata": [
        {
            "label": {
                "es": [
                    "Instituci\u00f3n"
                ]
            },
            "value": {
                "es": [
                    "Patrimonio urbano"
                ]
            }
        },
        {
            "label": {
                "es": [
                    "edm:isShownBy"
                ]
            },
            "value": {
                "es": [
                    "https://www.memoriademadrid.es/viewer/396481"
                ]
            }
        },
        {
            "label": {
                "es": [
                    "edm:object"
                ]
            },
            "value": {
                "es": [
                    "https://www.memoriademadrid.es/thumbnail/396481"
                ]
            }
        },
        {
            "label": {
                "es": [
                    "OpenAccess Estado"
                ]
            },
            "value": {
                "es": [
                    "PUBLISH"
                ]
            }
        },
        {
            "label": {
                "es": [
                    "OpenAccess Log"
                ]
            },
            "value": {
                "es": [
                    "Updated in OpenAccess at 2025.09.15 08:00:45."
                ]
            }
        },
        {
            "label": {
                "es": [
                    "URL Derechos"
                ]
            },
            "value": {
                "es": [
                    "<a href=http://creativecommons.org/licenses/by-nc/4.0/ >Creative Commons BY-NC 4.0</a>"
                ]
            }
        },
        {
            "label": {
                "es": [
                    "Clase de Patrimonio"
                ]
            },
            "value": {
                "es": [
                    "Patrimonio arquitect\u00f3nico y monumental"
                ]
            }
        },
        {
            "label": {
                "es": [
                    "MasterCarpeta"
                ]
            },
            "value": {
                "es": [
                    "Patrimonio_urbano_11993"
                ]
            }
        },
        {
            "label": {
                "es": [
                    "OpenAccess Enlace"
                ]
            },
            "value": {
                "es": [
                    "https://www.memoriademadrid.es/view/396481"
                ]
            }
        },
        {
            "label": {
                "es": [
                    "OpenAccess Perfil"
                ]
            },
            "value": {
                "es": [
                    "Imagen"
                ]
            }
        },
        {
            "label": {
                "es": [
                    "OpenAccess Colecci\u00f3n"
                ]
            },
            "value": {
                "es": [
                    "260321"
                ]
            }
        },
        {
            "label": {
                "es": [
                    "OpenAccess ID Esquema de Metadatos"
                ]
            },
            "value": {
                "es": [
                    "4"
                ]
            }
        },
        {
            "label": {
                "es": [
                    "OpenAccess Nombre"
                ]
            },
            "value": {
                "es": [
                    "Fuente del obelisco de la Fuente Castellana"
                ]
            }
        },
        {
            "label": {
                "es": [
                    "ImportadoDesde"
                ]
            },
            "value": {
                "es": [
                    "Vargas"
                ]
            }
        },
        {
            "label": {
                "es": [
                    "Objeto master"
                ]
            },
            "value": {
                "es": [
                    "No existen coincidencias"
                ]
            }
        },
        {
            "label": {
                "es": [
                    "ID Vargas"
                ]
            },
            "value": {
                "es": [
                    "11993"
                ]
            }
        },
        {
            "label": {
                "es": [
                    "Idioma"
                ]
            },
            "value": {
                "es": [
                    "spa"
                ]
            }
        },
        {
            "label": {
                "es": [
                    "Formato"
                ]
            },
            "value": {
                "es": [
                    "image/jpeg"
                ]
            }
        },
        {
            "label": {
                "es": [
                    "Tipo de recurso"
                ]
            },
            "value": {
                "es": [
                    "IMAGE"
                ]
            }
        },
        {
            "label": {
                "es": [
                    "Editor"
                ]
            },
            "value": {
                "es": [
                    "Ayuntamiento de Madrid. \u00c1rea de Las Artes"
                ]
            }
        },
        {
            "label": {
                "es": [
                    "A\u00f1o Publicaci\u00f3n"
                ]
            },
            "value": {
                "es": [
                    "1833"
                ]
            }
        },
        {
            "label": {
                "es": [
                    "Fecha de creaci\u00f3n final"
                ]
            },
            "value": {
                "es": [
                    "1833-12-31"
                ]
            }
        },
        {
            "label": {
                "es": [
                    "Autor"
                ]
            },
            "value": {
                "es": [
                    "Francisco Javier de MARI\u00c1TEGUI",
                    "Jos\u00e9 TOM\u00c1S"
                ]
            }
        },
        {
            "label": {
                "es": [
                    "T\u00edtulo"
                ]
            },
            "value": {
                "es": [
                    "Fuente del obelisco de la Fuente Castellana"
                ]
            }
        },
        {
            "label": {
                "es": [
                    "Fecha de creaci\u00f3n inicial"
                ]
            },
            "value": {
                "es": [
                    "1833-01-01"
                ]
            }
        },
        {
            "label": {
                "es": [
                    "Fecha de creaci\u00f3n Matiz"
                ]
            },
            "value": {
                "es": [
                    "1833"
                ]
            }
        },
        {
            "label": {
                "es": [
                    "Fecha del registro"
                ]
            },
            "value": {
                "es": [
                    "2012-07-04"
                ]
            }
        },
        {
            "label": {
                "es": [
                    "Descripci\u00f3n"
                ]
            },
            "value": {
                "es": [
                    "P\u00e9treo, granito, caliza y met\u00e1lico\r\nAltura: 4,00 x Anchura: 4,25 x Fondo: 4,00 m.\r\nParque de la Arganzuela\r\n\r\nFuente monumental conmemorativa constituida por una gran columna, procedente de la antigua Fuente Castellana y denominada habitualmente obelisco, que se asienta sobre un pil\u00f3n gran\u00edtico de forma circular. Este monumento neocl\u00e1sico consta de tres partes fundamentales superpuestas: z\u00f3calo-pedestal, basamento y aguja."
                ]
            }
        },
        {
            "label": {
                "es": [
                    "Tipo de documento"
                ]
            },
            "value": {
                "es": [
                    "Monumentos"
                ]
            }
        },
        {
            "label": {
                "es": [
                    "Signatura"
                ]
            },
            "value": {
                "es": [
                    "s/sig"
                ]
            }
        },
        {
            "label": {
                "es": [
                    "Materia"
                ]
            },
            "value": {
                "es": [
                    "Fuentes",
                    "Mari\u00e1tegui, Francisco Javier de (1775-1844)"
                ]
            }
        },
        {
            "label": {
                "es": [
                    "Comentarios (p\u00fablico)"
                ]
            },
            "value": {
                "es": [
                    "El llamado obelisco que constituye la Fuente de la Castellana fue mandado erigir por el rey Fernando VII para conmemorar, en principio, el nacimiento en 1830 de su hija, la futura reina Isabel II. Aunque finalmente se levant\u00f3 para celebrar su tercer cumplea\u00f1os, que coincidi\u00f3 con su ascenso al trono, representando con ello una alusi\u00f3n simb\u00f3lica a las esperanzas depositadas en la joven reina y en su capacidad para guiar adecuadamente los destinos de Espa\u00f1a. El proyecto fue realizado por el arquitecto Francisco Javier de Mariategui con quien colabor\u00f3 el escultor y acad\u00e9mico Jos\u00e9 Tom\u00e1s en las labores de ornamentaci\u00f3n, siendo ayudados ambos por el cantero Jos\u00e9 Arnilla y el broncista Eugenio Alonso; juntos crearon una de las obras m\u00e1s destacables de la arquitectura conmemorativa neocl\u00e1sica en el Madrid de la primeras d\u00e9cadas del siglo XIX.\r\n\r\nSu ubicaci\u00f3n inicial fue el entonces reci\u00e9n abierto paseo de la Castellana, concretamente lo que hoy es la glorieta de Emilio Castelar, en donde permaneci\u00f3 instalado como fuente hasta el a\u00f1o 1869 cuando su pil\u00f3n fue sustituido por un ajardinamiento y las esfinges fueron trasladadas a la entrada del estanque del parque de El Retiro. Posteriormente, en 1906, con motivo de la erecci\u00f3n del monumento al afamado pol\u00edtico Emilio Castelar, la obra fue desmontada y trasladada en 1914 a la plaza de Manuel Becerra donde recobr\u00f3 su car\u00e1cter de fuente al a\u00f1ad\u00edrsele un vaso circular en la parte inferior y las dos esfinges-surtidores.\r\n\r\nFinalmente en 1969, el conjunto fue reubicado en el parque de la Arganzuela junto al Manzanares, formando parte, como el elemento m\u00e1s destacado, de una nueva fuente ornamental dotada de un gran estanque el\u00edptico adornado con varios juegos de agua que desaparecer\u00edan como consecuencia de las obras de soterramiento de la M-30 ejecutadas entre los a\u00f1os 2004 y 2007. Finalmente en la operaci\u00f3n Madrid R\u00edo se han eliminado ambos vasos de la fuente quedando las esfinges depositadas en un pavimento de adoquines y por tanto anulada su funci\u00f3n de proyectar agua por sus bocas."
                ]
            }
        },
        {
            "label": {
                "es": [
                    "URL Cat\u00e1logo"
                ]
            },
            "value": {
                "es": [
                    "http://www.monumentamadrid.es/AM_Monumentos5/AM_Monumentos5_WEB/index.htm#mon7.8246"
                ]
            }
        },
        {
            "label": {
                "es": [
                    "Derechos"
                ]
            },
            "value": {
                "es": [
                    "http://creativecommons.org/licenses/by-nc/4.0/"
                ]
            }
        },
        {
            "label": {
                "es": [
                    "Enlace Externo"
                ]
            },
            "value": {
                "es": [
                    "<a href=\"http://www.monumentamadrid.es/AM_Monumentos5/AM_Monumentos5_WEB/index.htm#mon7.8246\">Ver en el cat\u00e1logo</a>"
                ]
            }
        }
    ],
    "items": [
        {
            "id": "https://www.memoriademadrid.es/iiif/396481/canvas/p1",
            "type": "Canvas",
            "label": {
                "es": [
                    1
                ]
            },
            "width": 711,
            "height": 1000,
            "thumbnail": [
                {
                    "id": "https://www.memoriademadrid.es/iiif/3/1227669/full/^500,/0/default.jpg",
                    "type": "Image",
                    "format": "image/jpeg",
                    "width": 500,
                    "height": 703,
                    "services": [
                        {
                            "id": "https://www.memoriademadrid.es/iiif/3/1227669",
                            "profile": "http://iiif.io/api/image/3/level1.json",
                            "@type": "http://iiif.io/api/image/3/context.json"
                        }
                    ]
                }
            ],
            "items": [
                {
                    "id": "https://www.memoriademadrid.es/iiif/3/1227669",
                    "type": "AnnotationPage",
                    "items": [
                        {
                            "id": "https://www.memoriademadrid.es/iiif/3/1227669",
                            "type": "Annotation",
                            "motivation": "painting",
                            "target": "https://www.memoriademadrid.es/iiif/3/1227669",
                            "body": {
                                "id": "https://www.memoriademadrid.es/iiif/3/1227669/full/^711,/0/default.jpg",
                                "type": "Image",
                                "format": "image/jpeg",
                                "width": 711,
                                "height": 1000,
                                "service": [
                                    {
                                        "id": "https://www.memoriademadrid.es/iiif/2/1227669",
                                        "profile": "http://iiif.io/api/image/2/level2.json",
                                        "type": "ImageService2"
                                    }
                                ]
                            }
                        }
                    ]
                }
            ]
        },
        {
            "id": "https://www.memoriademadrid.es/iiif/396481/canvas/p2",
            "type": "Canvas",
            "label": {
                "es": [
                    2
                ]
            },
            "width": 711,
            "height": 1000,
            "thumbnail": [
                {
                    "id": "https://www.memoriademadrid.es/iiif/3/1227670/full/^500,/0/default.jpg",
                    "type": "Image",
                    "format": "image/jpeg",
                    "width": 500,
                    "height": 703,
                    "services": [
                        {
                            "id": "https://www.memoriademadrid.es/iiif/3/1227670",
                            "profile": "http://iiif.io/api/image/3/level1.json",
                            "@type": "http://iiif.io/api/image/3/context.json"
                        }
                    ]
                }
            ],
            "items": [
                {
                    "id": "https://www.memoriademadrid.es/iiif/3/1227670",
                    "type": "AnnotationPage",
                    "items": [
                        {
                            "id": "https://www.memoriademadrid.es/iiif/3/1227670",
                            "type": "Annotation",
                            "motivation": "painting",
                            "target": "https://www.memoriademadrid.es/iiif/3/1227670",
                            "body": {
                                "id": "https://www.memoriademadrid.es/iiif/3/1227670/full/^711,/0/default.jpg",
                                "type": "Image",
                                "format": "image/jpeg",
                                "width": 711,
                                "height": 1000,
                                "service": [
                                    {
                                        "id": "https://www.memoriademadrid.es/iiif/2/1227670",
                                        "profile": "http://iiif.io/api/image/2/level2.json",
                                        "type": "ImageService2"
                                    }
                                ]
                            }
                        }
                    ]
                }
            ]
        }
    ],
    "structures": []
}