{
    "id": "https://www.memoriademadrid.es/iiif/manifest/396501",
    "@context": "http://iiif.io/api/presentation/3/context.json",
    "type": "Manifest",
    "label": {
        "es": [
            "La tortura"
        ]
    },
    "summary": {
        "es": [
            "\"La tortura.\"\r\nXilograf\u00eda\r\n9 x 14 cm\r\nExtra\u00eddo del libro: Guerra de la Independencia : narraci\u00f3n hist\u00f3rica [...]  / por Miguel Agust\u00edn Pr\u00edncipe"
        ]
    },
    "homepage": [
        {
            "id": "https://www.memoriademadrid.es/view/396501",
            "type": "Text",
            "label": {
                "es": [
                    "Home Page"
                ]
            },
            "format": "text/html"
        }
    ],
    "behavior": [
        "continuous"
    ],
    "thumbnail": [
        {
            "id": "https://www.memoriademadrid.es/thumbnail/396501",
            "type": "Image",
            "format": "image/jpeg",
            "width": 1024,
            "height": 680
        }
    ],
    "metadata": [
        {
            "label": {
                "es": [
                    "Formato"
                ]
            },
            "value": {
                "es": [
                    "image/jpeg"
                ]
            }
        },
        {
            "label": {
                "es": [
                    "OpenAccess Log"
                ]
            },
            "value": {
                "es": [
                    "Updated in OpenAccess at 2025.01.28 12:59:27"
                ]
            }
        },
        {
            "label": {
                "es": [
                    "OpenAccess Estado"
                ]
            },
            "value": {
                "es": [
                    "PUBLISH"
                ]
            }
        },
        {
            "label": {
                "es": [
                    "OpenAccess Enlace"
                ]
            },
            "value": {
                "es": [
                    "https://www.memoriademadrid.es/view/396501"
                ]
            }
        },
        {
            "label": {
                "es": [
                    "OpenAccess Perfil"
                ]
            },
            "value": {
                "es": [
                    "Imagen"
                ]
            }
        },
        {
            "label": {
                "es": [
                    "OpenAccess Colecci\u00f3n"
                ]
            },
            "value": {
                "es": [
                    "260321"
                ]
            }
        },
        {
            "label": {
                "es": [
                    "OpenAccess ID Esquema de Metadatos"
                ]
            },
            "value": {
                "es": [
                    "4"
                ]
            }
        },
        {
            "label": {
                "es": [
                    "OpenAccess Nombre"
                ]
            },
            "value": {
                "es": [
                    "La tortura"
                ]
            }
        },
        {
            "label": {
                "es": [
                    "ImportadoDesde"
                ]
            },
            "value": {
                "es": [
                    "Vargas"
                ]
            }
        },
        {
            "label": {
                "es": [
                    "A\u00f1o Publicaci\u00f3n"
                ]
            },
            "value": {
                "es": [
                    "1844"
                ]
            }
        },
        {
            "label": {
                "es": [
                    "Notas (privadas)"
                ]
            },
            "value": {
                "es": [
                    "Bicentenario Constituci\u00f3n 1812"
                ]
            }
        },
        {
            "label": {
                "es": [
                    "edm:object"
                ]
            },
            "value": {
                "es": [
                    "https://www.memoriademadrid.es/thumbnail/396501"
                ]
            }
        },
        {
            "label": {
                "es": [
                    "edm:isShownBy"
                ]
            },
            "value": {
                "es": [
                    "https://www.memoriademadrid.es/viewer/396501"
                ]
            }
        },
        {
            "label": {
                "es": [
                    "Tipo de recurso"
                ]
            },
            "value": {
                "es": [
                    "IMAGE"
                ]
            }
        },
        {
            "label": {
                "es": [
                    "Editor"
                ]
            },
            "value": {
                "es": [
                    "Ayuntamiento de Madrid. \u00c1rea de Las Artes"
                ]
            }
        },
        {
            "label": {
                "es": [
                    "Fecha de creaci\u00f3n final"
                ]
            },
            "value": {
                "es": [
                    "1844-12-31"
                ]
            }
        },
        {
            "label": {
                "es": [
                    "Idioma"
                ]
            },
            "value": {
                "es": [
                    "spa"
                ]
            }
        },
        {
            "label": {
                "es": [
                    "Clase de Patrimonio"
                ]
            },
            "value": {
                "es": [
                    "Patrimonio Art\u00edstico"
                ]
            }
        },
        {
            "label": {
                "es": [
                    "Instituci\u00f3n"
                ]
            },
            "value": {
                "es": [
                    "Biblioteca Hist\u00f3rica"
                ]
            }
        },
        {
            "label": {
                "es": [
                    "ID Vargas"
                ]
            },
            "value": {
                "es": [
                    "12010"
                ]
            }
        },
        {
            "label": {
                "es": [
                    "T\u00edtulo"
                ]
            },
            "value": {
                "es": [
                    "La tortura"
                ]
            }
        },
        {
            "label": {
                "es": [
                    "Fecha de creaci\u00f3n Matiz"
                ]
            },
            "value": {
                "es": [
                    "Anterior a 1844"
                ]
            }
        },
        {
            "label": {
                "es": [
                    "Fecha del registro"
                ]
            },
            "value": {
                "es": [
                    "2012-07-04"
                ]
            }
        },
        {
            "label": {
                "es": [
                    "Fecha de creaci\u00f3n inicial"
                ]
            },
            "value": {
                "es": [
                    "1844-01-01"
                ]
            }
        },
        {
            "label": {
                "es": [
                    "Lugar"
                ]
            },
            "value": {
                "es": [
                    "Madrid"
                ]
            }
        },
        {
            "label": {
                "es": [
                    "Descripci\u00f3n"
                ]
            },
            "value": {
                "es": [
                    "\"La tortura.\"\r\nXilograf\u00eda\r\n9 x 14 cm\r\nExtra\u00eddo del libro: Guerra de la Independencia : narraci\u00f3n hist\u00f3rica [...]  / por Miguel Agust\u00edn Pr\u00edncipe"
                ]
            }
        },
        {
            "label": {
                "es": [
                    "Tipo de documento"
                ]
            },
            "value": {
                "es": [
                    "Estampas"
                ]
            }
        },
        {
            "label": {
                "es": [
                    "Signatura"
                ]
            },
            "value": {
                "es": [
                    "B 3760"
                ]
            }
        },
        {
            "label": {
                "es": [
                    "Materia"
                ]
            },
            "value": {
                "es": [
                    "Cortes de C\u00e1diz",
                    "Tortura"
                ]
            }
        },
        {
            "label": {
                "es": [
                    "Comentarios (p\u00fablico)"
                ]
            },
            "value": {
                "es": [
                    "La Cortes de C\u00e1diz realizaron una importante labor de modernizaci\u00f3n del pa\u00eds y entre sus muchos logros se cuenta el decreto del 22 de abril de 1811 aboliendo la tortura. Sobre este suceso, dice Miguel Agust\u00edn Pr\u00edncipe, autor del libro que ilustra esta xilograf\u00eda:\r\n\r\n\"El ramo judicial reclamaba tambi\u00e9n grandes e imporantes mejoras, por las cuales las Cortes, sin esperar al total arreglo que preparaba la comisi\u00f3n de Constituci\u00f3n, y en virtud de la proposici\u00f3n del Sr. Arg\u00fcelles, dieron el 22 de abril un decreto aboliendo la tortura \u00e9 igualmente la pr\u00e1ctica de introducida de afligir y molestar \u00e1 los acusados con lo que ilegal y abusivamente llamaban apremios; b\u00e1rbara invenci\u00f3n que veinte a\u00f1os antes introdujo el famoso superintendente de polic\u00eda Cantero, hombre duro y sanguinario, y que para confusi\u00f3n y escarmiento  de los desgraciados espa\u00f1oles volvi\u00f3 \u00e1 usarse despu\u00e9s del a\u00f1o 14 en las causas que llamaban de estado, llegando ocasi\u00f3n de emplearse por \u00f3rden secreta del mismo monarca.\""
                ]
            }
        },
        {
            "label": {
                "es": [
                    "URL Cat\u00e1logo"
                ]
            },
            "value": {
                "es": [
                    "https://bibliotecasespecializadas.madrid.es/cgi-bin/historica?TITN=240690"
                ]
            }
        },
        {
            "label": {
                "es": [
                    "Derechos"
                ]
            },
            "value": {
                "es": [
                    "http://creativecommons.org/licenses/by-nc/4.0/"
                ]
            }
        },
        {
            "label": {
                "es": [
                    "Enlace Externo"
                ]
            },
            "value": {
                "es": [
                    "<a href='https://bibliotecasespecializadas.madrid.es/cgi-bin/historica?TITN=240690'>Ver en el cat\u00e1logo</a>"
                ]
            }
        }
    ],
    "items": [
        {
            "id": "https://www.memoriademadrid.es/iiif/396501/canvas/p1",
            "type": "Canvas",
            "label": {
                "es": [
                    1
                ]
            },
            "width": 800,
            "height": 531,
            "thumbnail": [
                {
                    "id": "https://www.memoriademadrid.es/iiif/3/794744/full/^500,/0/default.jpg",
                    "type": "Image",
                    "format": "image/jpeg",
                    "width": 500,
                    "height": 332,
                    "services": [
                        {
                            "id": "https://www.memoriademadrid.es/iiif/3/794744",
                            "profile": "http://iiif.io/api/image/3/level1.json",
                            "@type": "http://iiif.io/api/image/3/context.json"
                        }
                    ]
                }
            ],
            "items": [
                {
                    "id": "https://www.memoriademadrid.es/iiif/3/794744",
                    "type": "AnnotationPage",
                    "items": [
                        {
                            "id": "https://www.memoriademadrid.es/iiif/3/794744",
                            "type": "Annotation",
                            "motivation": "painting",
                            "target": "https://www.memoriademadrid.es/iiif/3/794744",
                            "body": {
                                "id": "https://www.memoriademadrid.es/iiif/3/794744/full/^800,/0/default.jpg",
                                "type": "Image",
                                "format": "image/jpeg",
                                "width": 800,
                                "height": 531,
                                "service": [
                                    {
                                        "id": "https://www.memoriademadrid.es/iiif/2/794744",
                                        "profile": "http://iiif.io/api/image/2/level2.json",
                                        "type": "ImageService2"
                                    }
                                ]
                            }
                        }
                    ]
                }
            ]
        }
    ],
    "structures": []
}