{
    "id": "https://www.memoriademadrid.es/iiif/manifest/397413",
    "@context": "http://iiif.io/api/presentation/3/context.json",
    "type": "Manifest",
    "label": {
        "es": [
            "Fuente de las Cuatro Estaciones"
        ]
    },
    "summary": {
        "es": [
            "\u201cDise\u00f1o de la Fuente de Apolo y las quatro Estaciones del A\u00f1o que se ha de colocar por t\u00e9rmino de las visuales de las Calles / del Paseo del Prado, que vienen a ella, de las Puertas de Atocha y de Recoletos. =: // Meta Sudante... // Sube el agua del Viaje grande del Prado sobre / el enrase de la cepa de la fuente de Apolo / diez pies a nivel cerrado. / desde la Cepa 10 pies y 5 dedos / Desde el piso del estan.qe 8 pies y 6 dedos y \u00bd / Raz\u00f3n de la al... del agua vieja / del Prado para la Fuente de Apolo. / Encima del enrase que oy tiene la cepa de la fuente / de frente a S.n Ferm\u00edn sube el agua nuebe pies y / medio / Rodr\u00edguez [r\u00fabrica] // Nota: ultimam.te determin\u00e9 q.e el / alto de Apolo quedase en 8 p.s y \u00bd . // Ventura Rodr\u00edguez [r\u00fabrica] // Caudal de agua q.e h\u00e1 de surtir en esta Fuente. / a Aguadulce: 8 r.es... 8 / b del viage viejo ...30 / c de la Fuente de Cybeles p.a ayudar... 32 / H\u00e1 de recivir el Ca\u00f1o A: 70 r.s de agua lo menos, / para hir a las quatro Fuentes de la Calle de las Huertas // Escala para el Modelo. / [escala] ...10 pies\u201d\r\nAnotaciones y medidas a lo largo de todo el dibujo.\r\nSobre el pie del monumento, cartela pegada al papel con la inscripci\u00f3n:\r\n\u201cD. O . M. / S. P.Q. M. / CAROLO II / AUG. P.P. / D. D. / MDCCLXVI \u201d por debajo de aquella, otra cartela: \u201cS. P. Q. M./ CAROL US II / P.P. /  MDCCLXVI\u201d\r\nL\u00e1piz, tinta china y aguadas gris y blanca sobre papel verjurado. Filigrana: escudo.\r\n58,5 x 74,5 cm."
        ]
    },
    "homepage": [
        {
            "id": "https://www.memoriademadrid.es/view/397413",
            "type": "Text",
            "label": {
                "es": [
                    "Home Page"
                ]
            },
            "format": "text/html"
        }
    ],
    "behavior": [
        "continuous"
    ],
    "thumbnail": [
        {
            "id": "https://www.memoriademadrid.es/thumbnail/397413",
            "type": "Image",
            "format": "image/jpeg",
            "width": 813,
            "height": 1024
        }
    ],
    "metadata": [
        {
            "label": {
                "es": [
                    "A\u00f1o Publicaci\u00f3n"
                ]
            },
            "value": {
                "es": [
                    "1777"
                ]
            }
        },
        {
            "label": {
                "es": [
                    "edm:isShownBy"
                ]
            },
            "value": {
                "es": [
                    "https://www.memoriademadrid.es/viewer/397413"
                ]
            }
        },
        {
            "label": {
                "es": [
                    "edm:object"
                ]
            },
            "value": {
                "es": [
                    "https://www.memoriademadrid.es/thumbnail/397413"
                ]
            }
        },
        {
            "label": {
                "es": [
                    "OpenAccess Estado"
                ]
            },
            "value": {
                "es": [
                    "PUBLISH"
                ]
            }
        },
        {
            "label": {
                "es": [
                    "OpenAccess Log"
                ]
            },
            "value": {
                "es": [
                    "Updated in OpenAccess at 2025.12.03 09:53:40."
                ]
            }
        },
        {
            "label": {
                "es": [
                    "URL Derechos"
                ]
            },
            "value": {
                "es": [
                    "<a href=http://creativecommons.org/licenses/by-nc/4.0/ >Creative Commons BY-NC 4.0</a>"
                ]
            }
        },
        {
            "label": {
                "es": [
                    "Clase de Patrimonio"
                ]
            },
            "value": {
                "es": [
                    "Patrimonio art\u00edstico"
                ]
            }
        },
        {
            "label": {
                "es": [
                    "OpenAccess Enlace"
                ]
            },
            "value": {
                "es": [
                    "https://www.memoriademadrid.es/view/397413"
                ]
            }
        },
        {
            "label": {
                "es": [
                    "VisorMapa"
                ]
            },
            "value": {
                "es": [
                    "SXVIIIEspinosaMonteros"
                ]
            }
        },
        {
            "label": {
                "es": [
                    "OpenAccess Perfil"
                ]
            },
            "value": {
                "es": [
                    "Imagen"
                ]
            }
        },
        {
            "label": {
                "es": [
                    "OpenAccess Colecci\u00f3n"
                ]
            },
            "value": {
                "es": [
                    "260321"
                ]
            }
        },
        {
            "label": {
                "es": [
                    "OpenAccess ID Esquema de Metadatos"
                ]
            },
            "value": {
                "es": [
                    "4"
                ]
            }
        },
        {
            "label": {
                "es": [
                    "OpenAccess Nombre"
                ]
            },
            "value": {
                "es": [
                    "Fuente de las Cuatro Estaciones"
                ]
            }
        },
        {
            "label": {
                "es": [
                    "ImportadoDesde"
                ]
            },
            "value": {
                "es": [
                    "Vargas"
                ]
            }
        },
        {
            "label": {
                "es": [
                    "ID Vargas"
                ]
            },
            "value": {
                "es": [
                    "14104"
                ]
            }
        },
        {
            "label": {
                "es": [
                    "Notas (privadas)"
                ]
            },
            "value": {
                "es": [
                    "Mira Madrid. Paseo del Prado y Recoletos.\r\nExposici\u00f3n Ventura Rodriguez. Paseo del Prado\r\nPaisaje de la luz. Paseo del Prado"
                ]
            }
        },
        {
            "label": {
                "es": [
                    "Instituci\u00f3n"
                ]
            },
            "value": {
                "es": [
                    "Museo de Historia"
                ]
            }
        },
        {
            "label": {
                "es": [
                    "Formato"
                ]
            },
            "value": {
                "es": [
                    "image/jpeg"
                ]
            }
        },
        {
            "label": {
                "es": [
                    "Tipo de recurso"
                ]
            },
            "value": {
                "es": [
                    "IMAGE"
                ]
            }
        },
        {
            "label": {
                "es": [
                    "Editor"
                ]
            },
            "value": {
                "es": [
                    "Ayuntamiento de Madrid. \u00c1rea de Las Artes"
                ]
            }
        },
        {
            "label": {
                "es": [
                    "Latitud/Longitud WGS 84"
                ]
            },
            "value": {
                "es": [
                    "40.41728961,-3.69388759"
                ]
            }
        },
        {
            "label": {
                "es": [
                    "Idioma"
                ]
            },
            "value": {
                "es": [
                    "spa"
                ]
            }
        },
        {
            "label": {
                "es": [
                    "Fecha de creaci\u00f3n final"
                ]
            },
            "value": {
                "es": [
                    "1777-12-31"
                ]
            }
        },
        {
            "label": {
                "es": [
                    "Autor"
                ]
            },
            "value": {
                "es": [
                    "Ventura RODR\u00cdGUEZ"
                ]
            }
        },
        {
            "label": {
                "es": [
                    "T\u00edtulo"
                ]
            },
            "value": {
                "es": [
                    "Fuente de las Cuatro Estaciones"
                ]
            }
        },
        {
            "label": {
                "es": [
                    "Fecha del registro"
                ]
            },
            "value": {
                "es": [
                    "2012-07-04"
                ]
            }
        },
        {
            "label": {
                "es": [
                    "Fecha de creaci\u00f3n inicial"
                ]
            },
            "value": {
                "es": [
                    "1777-01-01"
                ]
            }
        },
        {
            "label": {
                "es": [
                    "Fecha de creaci\u00f3n Matiz"
                ]
            },
            "value": {
                "es": [
                    "1777"
                ]
            }
        },
        {
            "label": {
                "es": [
                    "Descripci\u00f3n"
                ]
            },
            "value": {
                "es": [
                    "\u201cDise\u00f1o de la Fuente de Apolo y las quatro Estaciones del A\u00f1o que se ha de colocar por t\u00e9rmino de las visuales de las Calles / del Paseo del Prado, que vienen a ella, de las Puertas de Atocha y de Recoletos. =: // Meta Sudante... // Sube el agua del Viaje grande del Prado sobre / el enrase de la cepa de la fuente de Apolo / diez pies a nivel cerrado. / desde la Cepa 10 pies y 5 dedos / Desde el piso del estan.qe 8 pies y 6 dedos y \u00bd / Raz\u00f3n de la al... del agua vieja / del Prado para la Fuente de Apolo. / Encima del enrase que oy tiene la cepa de la fuente / de frente a S.n Ferm\u00edn sube el agua nuebe pies y / medio / Rodr\u00edguez [r\u00fabrica] // Nota: ultimam.te determin\u00e9 q.e el / alto de Apolo quedase en 8 p.s y \u00bd . // Ventura Rodr\u00edguez [r\u00fabrica] // Caudal de agua q.e h\u00e1 de surtir en esta Fuente. / a Aguadulce: 8 r.es... 8 / b del viage viejo ...30 / c de la Fuente de Cybeles p.a ayudar... 32 / H\u00e1 de recivir el Ca\u00f1o A: 70 r.s de agua lo menos, / para hir a las quatro Fuentes de la Calle de las Huertas // Escala para el Modelo. / [escala] ...10 pies\u201d\r\nAnotaciones y medidas a lo largo de todo el dibujo.\r\nSobre el pie del monumento, cartela pegada al papel con la inscripci\u00f3n:\r\n\u201cD. O . M. / S. P.Q. M. / CAROLO II / AUG. P.P. / D. D. / MDCCLXVI \u201d por debajo de aquella, otra cartela: \u201cS. P. Q. M./ CAROL US II / P.P. /  MDCCLXVI\u201d\r\nL\u00e1piz, tinta china y aguadas gris y blanca sobre papel verjurado. Filigrana: escudo.\r\n58,5 x 74,5 cm."
                ]
            }
        },
        {
            "label": {
                "es": [
                    "Tipo de documento"
                ]
            },
            "value": {
                "es": [
                    "Dibujos"
                ]
            }
        },
        {
            "label": {
                "es": [
                    "Signatura"
                ]
            },
            "value": {
                "es": [
                    "Inv. 1501"
                ]
            }
        },
        {
            "label": {
                "es": [
                    "Materia"
                ]
            },
            "value": {
                "es": [
                    "Paseo del Prado",
                    "Personajes mitol\u00f3gicos",
                    "Fuentes",
                    "Rodr\u00edguez Tiz\u00f3n, Ventura (1717-1785)"
                ]
            }
        },
        {
            "label": {
                "es": [
                    "Comentarios (p\u00fablico)"
                ]
            },
            "value": {
                "es": [
                    "Este dibujo muestra en las anotaciones y mediciones que le acompa\u00f1an, la preocupaci\u00f3n del Maestro Mayor de Obras y Fuentes de la Villa desde 1764, por las proporciones de las estatuas con respecto al basamento y por el c\u00e1lculo de agua disponible para su correcto funcionamiento. El t\u00e9rmino \u201cmeta sudante\u201d alude a una de las fuentes de la antig\u00fcedad romana m\u00e1s conocida. Forma parte del  ambicioso plan de expresi\u00f3n barroca para la urbanizaci\u00f3n del Prado de San Jer\u00f3nimo, que ten\u00eda su culminaci\u00f3n en la Puerta de Alcal\u00e1. Ten\u00eda varias fuentes monumentales, un gran p\u00f3rtico semicircular, avenidas de \u00e1rboles y pavimentaci\u00f3n y fue impulsado por el conde de Aranda y dise\u00f1ado por Jos\u00e9 de Hermosilla. Fue iniciado en 1767 y lo culminar\u00eda Ventura Rodr\u00edguez. Rodr\u00edguez concibi\u00f3 el esquema decorativo del Paseo en el modelo de planta de circo romano e introdujo algunas modificaciones al proyecto original, enterrando parte del arroyo que discurr\u00eda por la superficie. En la ejecuci\u00f3n de las esculturas intervinieron Manuel \u00c1lvarez Cubero en 1795 para las figuras de las Cuatro Estaciones y Alfonso Bergaz, para la de Apolo, en 1800. En las figuras de las cuatro estaciones, \u00c1lvarez Cubero vari\u00f3 los atributos de las dibujadas por Rodr\u00edguez; Bergaz, la de Apolo, que el arquitecto figur\u00f3 m\u00e1s rotunda. La fuente fue pensada como meta visual desde las puertas de Atocha y de Recoletos, por lo que Ventura Rodr\u00edguez la elev\u00f3 sobre un alto pedestal. Ingres\u00f3 en el Museo en 1926, procedente del Archivo de Villa. \r\n\r\n(Descripci\u00f3n y comentario extra\u00eddos del Cat\u00e1logo \"Dibujos en el Museo de Historia de Madrid. Arquitectura madrile\u00f1a de los siglos XVII y XVIII\")"
                ]
            }
        },
        {
            "label": {
                "es": [
                    "Derechos"
                ]
            },
            "value": {
                "es": [
                    "http://creativecommons.org/licenses/by-nc/4.0/"
                ]
            }
        }
    ],
    "items": [
        {
            "id": "https://www.memoriademadrid.es/iiif/397413/canvas/p1",
            "type": "Canvas",
            "label": {
                "es": [
                    1
                ]
            },
            "width": 600,
            "height": 756,
            "thumbnail": [
                {
                    "id": "https://www.memoriademadrid.es/iiif/3/1241523/full/^500,/0/default.jpg",
                    "type": "Image",
                    "format": "image/jpeg",
                    "width": 500,
                    "height": 630,
                    "services": [
                        {
                            "id": "https://www.memoriademadrid.es/iiif/3/1241523",
                            "profile": "http://iiif.io/api/image/3/level1.json",
                            "@type": "http://iiif.io/api/image/3/context.json"
                        }
                    ]
                }
            ],
            "items": [
                {
                    "id": "https://www.memoriademadrid.es/iiif/3/1241523",
                    "type": "AnnotationPage",
                    "items": [
                        {
                            "id": "https://www.memoriademadrid.es/iiif/3/1241523",
                            "type": "Annotation",
                            "motivation": "painting",
                            "target": "https://www.memoriademadrid.es/iiif/3/1241523",
                            "body": {
                                "id": "https://www.memoriademadrid.es/iiif/3/1241523/full/^600,/0/default.jpg",
                                "type": "Image",
                                "format": "image/jpeg",
                                "width": 600,
                                "height": 756,
                                "service": [
                                    {
                                        "id": "https://www.memoriademadrid.es/iiif/2/1241523",
                                        "profile": "http://iiif.io/api/image/2/level2.json",
                                        "type": "ImageService2"
                                    }
                                ]
                            }
                        }
                    ]
                }
            ]
        },
        {
            "id": "https://www.memoriademadrid.es/iiif/397413/canvas/p2",
            "type": "Canvas",
            "label": {
                "es": [
                    2
                ]
            },
            "width": 600,
            "height": 756,
            "thumbnail": [
                {
                    "id": "https://www.memoriademadrid.es/iiif/3/1241524/full/^500,/0/default.jpg",
                    "type": "Image",
                    "format": "image/jpeg",
                    "width": 500,
                    "height": 630,
                    "services": [
                        {
                            "id": "https://www.memoriademadrid.es/iiif/3/1241524",
                            "profile": "http://iiif.io/api/image/3/level1.json",
                            "@type": "http://iiif.io/api/image/3/context.json"
                        }
                    ]
                }
            ],
            "items": [
                {
                    "id": "https://www.memoriademadrid.es/iiif/3/1241524",
                    "type": "AnnotationPage",
                    "items": [
                        {
                            "id": "https://www.memoriademadrid.es/iiif/3/1241524",
                            "type": "Annotation",
                            "motivation": "painting",
                            "target": "https://www.memoriademadrid.es/iiif/3/1241524",
                            "body": {
                                "id": "https://www.memoriademadrid.es/iiif/3/1241524/full/^600,/0/default.jpg",
                                "type": "Image",
                                "format": "image/jpeg",
                                "width": 600,
                                "height": 756,
                                "service": [
                                    {
                                        "id": "https://www.memoriademadrid.es/iiif/2/1241524",
                                        "profile": "http://iiif.io/api/image/2/level2.json",
                                        "type": "ImageService2"
                                    }
                                ]
                            }
                        }
                    ]
                }
            ]
        }
    ],
    "structures": []
}