{
    "id": "https://www.memoriademadrid.es/iiif/manifest/397419",
    "@context": "http://iiif.io/api/presentation/3/context.json",
    "type": "Manifest",
    "label": {
        "es": [
            "Fuente de Neptuno"
        ]
    },
    "summary": {
        "es": [
            "\u201cDise\u00f1o de la Fuente de Neptuno para colocarla en el Prado a la vajada de la Carrera de S.n Geronimo. // Para la Concha detras / de Neptuno. 7 p.p.5 \u00be y 2 p. / Ruedas de 4 p.p. s. y s. / Para devajo de la esta- / tua de 7 \u00be p. 3 y 2 3/8 / desta figura. // de Neptuno / en 26 de Sep.re de 80 reduge / la estatua al tama\u00f1o dela / piedra que es 11 p. s y \u00bd todo su / alto conelplinto = y ha de servir / dha escala para los Caballos // Ventura Rodr\u00edguez [r\u00fabrica] // [escala] ... 40 Pies Castellanos\u201d (anverso).\r\nL\u00e1piz, tinta negra y aguadas blanca y gris sobre papel verjurado. Filigrana: escudo coronado con una cruz.\r\n79,5 x 57 cm."
        ]
    },
    "homepage": [
        {
            "id": "https://www.memoriademadrid.es/view/397419",
            "type": "Text",
            "label": {
                "es": [
                    "Home Page"
                ]
            },
            "format": "text/html"
        }
    ],
    "behavior": [
        "continuous"
    ],
    "thumbnail": [
        {
            "id": "https://www.memoriademadrid.es/thumbnail/397419",
            "type": "Image",
            "format": "image/jpeg",
            "width": 743,
            "height": 1024
        }
    ],
    "metadata": [
        {
            "label": {
                "es": [
                    "OpenAccess Log"
                ]
            },
            "value": {
                "es": [
                    "Updated in OpenAccess at 2025.05.22 10:22:13"
                ]
            }
        },
        {
            "label": {
                "es": [
                    "OpenAccess Enlace"
                ]
            },
            "value": {
                "es": [
                    "https://www.memoriademadrid.es/view/397419"
                ]
            }
        },
        {
            "label": {
                "es": [
                    "OpenAccess Colecci\u00f3n"
                ]
            },
            "value": {
                "es": [
                    "260321"
                ]
            }
        },
        {
            "label": {
                "es": [
                    "Notas (privadas)"
                ]
            },
            "value": {
                "es": [
                    "Mira Madrid. Paseo del Prado y Recoletos.\r\nExposici\u00f3n Ventura Rodriguez. Paseo del Prado. Paisaje de la luz. Paseo del Prado"
                ]
            }
        },
        {
            "label": {
                "es": [
                    "OpenAccess Estado"
                ]
            },
            "value": {
                "es": [
                    "PUBLISH"
                ]
            }
        },
        {
            "label": {
                "es": [
                    "OpenAccess ID Esquema de Metadatos"
                ]
            },
            "value": {
                "es": [
                    "4"
                ]
            }
        },
        {
            "label": {
                "es": [
                    "Latitud/Longitud WGS 84"
                ]
            },
            "value": {
                "es": [
                    "40.415114,-3.6939348"
                ]
            }
        },
        {
            "label": {
                "es": [
                    "Instituci\u00f3n"
                ]
            },
            "value": {
                "es": [
                    "Museo de Historia"
                ]
            }
        },
        {
            "label": {
                "es": [
                    "ImportadoDesde"
                ]
            },
            "value": {
                "es": [
                    "Vargas"
                ]
            }
        },
        {
            "label": {
                "es": [
                    "Idioma"
                ]
            },
            "value": {
                "es": [
                    "spa"
                ]
            }
        },
        {
            "label": {
                "es": [
                    "ID Vargas"
                ]
            },
            "value": {
                "es": [
                    "14135"
                ]
            }
        },
        {
            "label": {
                "es": [
                    "Formato"
                ]
            },
            "value": {
                "es": [
                    "image/jpeg"
                ]
            }
        },
        {
            "label": {
                "es": [
                    "OpenAccess Nombre"
                ]
            },
            "value": {
                "es": [
                    "Fuente de Neptuno"
                ]
            }
        },
        {
            "label": {
                "es": [
                    "OpenAccess Perfil"
                ]
            },
            "value": {
                "es": [
                    "Imagen"
                ]
            }
        },
        {
            "label": {
                "es": [
                    "edm:object"
                ]
            },
            "value": {
                "es": [
                    "https://www.memoriademadrid.es/thumbnail/397419"
                ]
            }
        },
        {
            "label": {
                "es": [
                    "edm:isShownBy"
                ]
            },
            "value": {
                "es": [
                    "https://www.memoriademadrid.es/viewer/397419"
                ]
            }
        },
        {
            "label": {
                "es": [
                    "Editor"
                ]
            },
            "value": {
                "es": [
                    "Ayuntamiento de Madrid. \u00c1rea de Las Artes"
                ]
            }
        },
        {
            "label": {
                "es": [
                    "Tipo de recurso"
                ]
            },
            "value": {
                "es": [
                    "IMAGE"
                ]
            }
        },
        {
            "label": {
                "es": [
                    "URL Derechos"
                ]
            },
            "value": {
                "es": [
                    "<a>Creative Commons BY-NC 4.0</a>"
                ]
            }
        },
        {
            "label": {
                "es": [
                    "VisorMapa"
                ]
            },
            "value": {
                "es": [
                    "SXVIIIEspinosaMonteros"
                ]
            }
        },
        {
            "label": {
                "es": [
                    "Clase de Patrimonio"
                ]
            },
            "value": {
                "es": [
                    "Patrimonio art\u00edstico"
                ]
            }
        },
        {
            "label": {
                "es": [
                    "A\u00f1o Publicaci\u00f3n"
                ]
            },
            "value": {
                "es": [
                    "1777"
                ]
            }
        },
        {
            "label": {
                "es": [
                    "Autor"
                ]
            },
            "value": {
                "es": [
                    "Ventura RODR\u00cdGUEZ"
                ]
            }
        },
        {
            "label": {
                "es": [
                    "T\u00edtulo"
                ]
            },
            "value": {
                "es": [
                    "Fuente de Neptuno"
                ]
            }
        },
        {
            "label": {
                "es": [
                    "Fecha del registro"
                ]
            },
            "value": {
                "es": [
                    "2012-07-04"
                ]
            }
        },
        {
            "label": {
                "es": [
                    "Fecha de creaci\u00f3n Matiz"
                ]
            },
            "value": {
                "es": [
                    "1777"
                ]
            }
        },
        {
            "label": {
                "es": [
                    "Fecha de creaci\u00f3n inicial"
                ]
            },
            "value": {
                "es": [
                    "1777-01-01"
                ]
            }
        },
        {
            "label": {
                "es": [
                    "Lugar"
                ]
            },
            "value": {
                "es": [
                    "Madrid"
                ]
            }
        },
        {
            "label": {
                "es": [
                    "Descripci\u00f3n"
                ]
            },
            "value": {
                "es": [
                    "\u201cDise\u00f1o de la Fuente de Neptuno para colocarla en el Prado a la vajada de la Carrera de S.n Geronimo. // Para la Concha detras / de Neptuno. 7 p.p.5 \u00be y 2 p. / Ruedas de 4 p.p. s. y s. / Para devajo de la esta- / tua de 7 \u00be p. 3 y 2 3/8 / desta figura. // de Neptuno / en 26 de Sep.re de 80 reduge / la estatua al tama\u00f1o dela / piedra que es 11 p. s y \u00bd todo su / alto conelplinto = y ha de servir / dha escala para los Caballos // Ventura Rodr\u00edguez [r\u00fabrica] // [escala] ... 40 Pies Castellanos\u201d (anverso).\r\nL\u00e1piz, tinta negra y aguadas blanca y gris sobre papel verjurado. Filigrana: escudo coronado con una cruz.\r\n79,5 x 57 cm."
                ]
            }
        },
        {
            "label": {
                "es": [
                    "Tipo de documento"
                ]
            },
            "value": {
                "es": [
                    "Dibujos"
                ]
            }
        },
        {
            "label": {
                "es": [
                    "Signatura"
                ]
            },
            "value": {
                "es": [
                    "Inv. 1504"
                ]
            }
        },
        {
            "label": {
                "es": [
                    "Materia"
                ]
            },
            "value": {
                "es": [
                    "Personajes mitol\u00f3gicos",
                    "Fuentes",
                    "Rodr\u00edguez Tiz\u00f3n, Ventura (1717-1785)"
                ]
            }
        },
        {
            "label": {
                "es": [
                    "Comentarios (p\u00fablico)"
                ]
            },
            "value": {
                "es": [
                    "Ventura Rodr\u00edguez evoca en su dise\u00f1o para la fuente de Neptuno un clasicismo tard\u00edo, para cerrar con esta obra el gran escenario que plantea para el paseo del Prado. Se inspira en la Iconologia de Ripa y en la escultura del H\u00e9rcules Farnesio. Simboliza el agua como contrapunto de la tierra, representada en la diosa Cibeles, enfrentada a \u00e9l. Cercana a la figura de Neptuno, existe un esbozo, tambi\u00e9n a l\u00e1piz, de la cabeza del dios, en posici\u00f3n m\u00e1s erguida que la primera. Entre los caballos y el dios, otro esbozo a l\u00e1piz. \r\n\r\nEl proyecto fue iniciado en 1777, sirviendo de modelo a los bocetos de madera de Miguel Xim\u00e9nez. La obra escult\u00f3rica fue encargada a Juan Pascual de Mena, que falleci\u00f3 cuando s\u00f3lo hab\u00eda realizado la figura de Neptuno, muy distante de la idea de Rodr\u00edguez, m\u00e1s cercana al modelo del H\u00e9rcules Farnesio. Continuaron las restantes esculturas, el disc\u00edpulo de Mena, Jos\u00e9 Arias, adem\u00e1s de Jos\u00e9 Rodr\u00edguez, Pablo de la Cerda y Jos\u00e9 Guerra. Su emplazamiento original era el paseo de Recoletos, en la bajada de la Carrera de San Jer\u00f3nimo. El dibujo ingres\u00f3 en el Museo Municipal en 1926 procedente del Archivo de Villa. \r\n\r\n(Descripci\u00f3n y comentario extra\u00eddos del Cat\u00e1logo \"Dibujos en el Museo de Historia de Madrid. Arquitectura madrile\u00f1a de los siglos XVII y XVIII\")"
                ]
            }
        },
        {
            "label": {
                "es": [
                    "Derechos"
                ]
            },
            "value": {
                "es": [
                    "http://creativecommons.org/licenses/by-nc/4.0/"
                ]
            }
        }
    ],
    "items": [
        {
            "id": "https://www.memoriademadrid.es/iiif/397419/canvas/p1",
            "type": "Canvas",
            "label": {
                "es": [
                    1
                ]
            },
            "width": 600,
            "height": 827,
            "thumbnail": [
                {
                    "id": "https://www.memoriademadrid.es/iiif/3/1227895/full/^500,/0/default.jpg",
                    "type": "Image",
                    "format": "image/jpeg",
                    "width": 500,
                    "height": 689,
                    "services": [
                        {
                            "id": "https://www.memoriademadrid.es/iiif/3/1227895",
                            "profile": "http://iiif.io/api/image/3/level1.json",
                            "@type": "http://iiif.io/api/image/3/context.json"
                        }
                    ]
                }
            ],
            "items": [
                {
                    "id": "https://www.memoriademadrid.es/iiif/3/1227895",
                    "type": "AnnotationPage",
                    "items": [
                        {
                            "id": "https://www.memoriademadrid.es/iiif/3/1227895",
                            "type": "Annotation",
                            "motivation": "painting",
                            "target": "https://www.memoriademadrid.es/iiif/3/1227895",
                            "body": {
                                "id": "https://www.memoriademadrid.es/iiif/3/1227895/full/^600,/0/default.jpg",
                                "type": "Image",
                                "format": "image/jpeg",
                                "width": 600,
                                "height": 827,
                                "service": [
                                    {
                                        "id": "https://www.memoriademadrid.es/iiif/2/1227895",
                                        "profile": "http://iiif.io/api/image/2/level2.json",
                                        "type": "ImageService2"
                                    }
                                ]
                            }
                        }
                    ]
                }
            ]
        },
        {
            "id": "https://www.memoriademadrid.es/iiif/397419/canvas/p2",
            "type": "Canvas",
            "label": {
                "es": [
                    2
                ]
            },
            "width": 600,
            "height": 827,
            "thumbnail": [
                {
                    "id": "https://www.memoriademadrid.es/iiif/3/1227897/full/^500,/0/default.jpg",
                    "type": "Image",
                    "format": "image/jpeg",
                    "width": 500,
                    "height": 689,
                    "services": [
                        {
                            "id": "https://www.memoriademadrid.es/iiif/3/1227897",
                            "profile": "http://iiif.io/api/image/3/level1.json",
                            "@type": "http://iiif.io/api/image/3/context.json"
                        }
                    ]
                }
            ],
            "items": [
                {
                    "id": "https://www.memoriademadrid.es/iiif/3/1227897",
                    "type": "AnnotationPage",
                    "items": [
                        {
                            "id": "https://www.memoriademadrid.es/iiif/3/1227897",
                            "type": "Annotation",
                            "motivation": "painting",
                            "target": "https://www.memoriademadrid.es/iiif/3/1227897",
                            "body": {
                                "id": "https://www.memoriademadrid.es/iiif/3/1227897/full/^600,/0/default.jpg",
                                "type": "Image",
                                "format": "image/jpeg",
                                "width": 600,
                                "height": 827,
                                "service": [
                                    {
                                        "id": "https://www.memoriademadrid.es/iiif/2/1227897",
                                        "profile": "http://iiif.io/api/image/2/level2.json",
                                        "type": "ImageService2"
                                    }
                                ]
                            }
                        }
                    ]
                }
            ]
        }
    ],
    "structures": []
}