{
    "id": "https://www.memoriademadrid.es/iiif/manifest/397483",
    "@context": "http://iiif.io/api/presentation/3/context.json",
    "type": "Manifest",
    "label": {
        "es": [
            "Puerta de Recoletos"
        ]
    },
    "summary": {
        "es": [
            "\u201cPuerta de Recoletos en Madrid. // Pies Cas.os. / 25 // Modulos / 15 // Ju. Villanueva. // 180 P.s\u201d.\r\nTinta china y aguada gris sobre papel verjurado. Filigrana: D & CB LAUW.\r\n42,3 x 58  cm."
        ]
    },
    "homepage": [
        {
            "id": "https://www.memoriademadrid.es/view/397483",
            "type": "Text",
            "label": {
                "es": [
                    "Home Page"
                ]
            },
            "format": "text/html"
        }
    ],
    "behavior": [
        "continuous"
    ],
    "thumbnail": [
        {
            "id": "https://www.memoriademadrid.es/thumbnail/397483",
            "type": "Image",
            "format": "image/jpeg",
            "width": 756,
            "height": 1024
        }
    ],
    "metadata": [
        {
            "label": {
                "es": [
                    "Tipo de recurso"
                ]
            },
            "value": {
                "es": [
                    "IMAGE"
                ]
            }
        },
        {
            "label": {
                "es": [
                    "VisorMapa"
                ]
            },
            "value": {
                "es": [
                    "SXVIIIEspinosaMonteros"
                ]
            }
        },
        {
            "label": {
                "es": [
                    "OpenAccess Perfil"
                ]
            },
            "value": {
                "es": [
                    "Imagen"
                ]
            }
        },
        {
            "label": {
                "es": [
                    "OpenAccess Colecci\u00f3n"
                ]
            },
            "value": {
                "es": [
                    "260321"
                ]
            }
        },
        {
            "label": {
                "es": [
                    "OpenAccess ID Esquema de Metadatos"
                ]
            },
            "value": {
                "es": [
                    "4"
                ]
            }
        },
        {
            "label": {
                "es": [
                    "OpenAccess Nombre"
                ]
            },
            "value": {
                "es": [
                    "Puerta de Recoletos"
                ]
            }
        },
        {
            "label": {
                "es": [
                    "ImportadoDesde"
                ]
            },
            "value": {
                "es": [
                    "Vargas"
                ]
            }
        },
        {
            "label": {
                "es": [
                    "A\u00f1o Publicaci\u00f3n"
                ]
            },
            "value": {
                "es": [
                    "1756"
                ]
            }
        },
        {
            "label": {
                "es": [
                    "ID Vargas"
                ]
            },
            "value": {
                "es": [
                    "14246"
                ]
            }
        },
        {
            "label": {
                "es": [
                    "Notas (privadas)"
                ]
            },
            "value": {
                "es": [
                    "Madrid desaparecido. Arquitectura civil\r\nAniversario de Juan de Villanueva. Otros edificios. Edificios Desaparecidos.\r\nMira Madrid. Paseo del Prado y Recoletos.\r\n\r\nExtra\u00eddo de CERES.\r\n. Paisaje de la luz. Paseo de Recoletos"
                ]
            }
        },
        {
            "label": {
                "es": [
                    "OpenAccess Enlace"
                ]
            },
            "value": {
                "es": [
                    "https://www.memoriademadrid.es/view/397483"
                ]
            }
        },
        {
            "label": {
                "es": [
                    "Formato"
                ]
            },
            "value": {
                "es": [
                    "image/jpeg"
                ]
            }
        },
        {
            "label": {
                "es": [
                    "Editor"
                ]
            },
            "value": {
                "es": [
                    "Ayuntamiento de Madrid. \u00c1rea de Las Artes"
                ]
            }
        },
        {
            "label": {
                "es": [
                    "Latitud/Longitud WGS 84"
                ]
            },
            "value": {
                "es": [
                    "40.42509211,-3.6904459"
                ]
            }
        },
        {
            "label": {
                "es": [
                    "Clase de Patrimonio"
                ]
            },
            "value": {
                "es": [
                    "Patrimonio art\u00edstico"
                ]
            }
        },
        {
            "label": {
                "es": [
                    "URL Derechos"
                ]
            },
            "value": {
                "es": [
                    "<a href=http://creativecommons.org/licenses/by-nc/4.0/ >Creative Commons BY-NC 4.0</a>"
                ]
            }
        },
        {
            "label": {
                "es": [
                    "Fecha de creaci\u00f3n final"
                ]
            },
            "value": {
                "es": [
                    "1756-12-31"
                ]
            }
        },
        {
            "label": {
                "es": [
                    "OpenAccess Log"
                ]
            },
            "value": {
                "es": [
                    "Updated in OpenAccess at 2025.12.03 09:54:18."
                ]
            }
        },
        {
            "label": {
                "es": [
                    "OpenAccess Estado"
                ]
            },
            "value": {
                "es": [
                    "PUBLISH"
                ]
            }
        },
        {
            "label": {
                "es": [
                    "Idioma"
                ]
            },
            "value": {
                "es": [
                    "spa"
                ]
            }
        },
        {
            "label": {
                "es": [
                    "edm:object"
                ]
            },
            "value": {
                "es": [
                    "https://www.memoriademadrid.es/thumbnail/397483"
                ]
            }
        },
        {
            "label": {
                "es": [
                    "Instituci\u00f3n"
                ]
            },
            "value": {
                "es": [
                    "Museo de Historia"
                ]
            }
        },
        {
            "label": {
                "es": [
                    "edm:isShownBy"
                ]
            },
            "value": {
                "es": [
                    "https://www.memoriademadrid.es/viewer/397483"
                ]
            }
        },
        {
            "label": {
                "es": [
                    "Autor"
                ]
            },
            "value": {
                "es": [
                    "Juan de VILLANUEVA"
                ]
            }
        },
        {
            "label": {
                "es": [
                    "T\u00edtulo"
                ]
            },
            "value": {
                "es": [
                    "Puerta de Recoletos"
                ]
            }
        },
        {
            "label": {
                "es": [
                    "Fecha del registro"
                ]
            },
            "value": {
                "es": [
                    "2012-07-04"
                ]
            }
        },
        {
            "label": {
                "es": [
                    "Fecha de creaci\u00f3n Matiz"
                ]
            },
            "value": {
                "es": [
                    "ca. 1756"
                ]
            }
        },
        {
            "label": {
                "es": [
                    "Fecha de creaci\u00f3n inicial"
                ]
            },
            "value": {
                "es": [
                    "1756-01-01"
                ]
            }
        },
        {
            "label": {
                "es": [
                    "Lugar"
                ]
            },
            "value": {
                "es": [
                    "Madrid"
                ]
            }
        },
        {
            "label": {
                "es": [
                    "Descripci\u00f3n"
                ]
            },
            "value": {
                "es": [
                    "\u201cPuerta de Recoletos en Madrid. // Pies Cas.os. / 25 // Modulos / 15 // Ju. Villanueva. // 180 P.s\u201d.\r\nTinta china y aguada gris sobre papel verjurado. Filigrana: D & CB LAUW.\r\n42,3 x 58  cm."
                ]
            }
        },
        {
            "label": {
                "es": [
                    "Tipo de documento"
                ]
            },
            "value": {
                "es": [
                    "Dibujos"
                ]
            }
        },
        {
            "label": {
                "es": [
                    "Signatura"
                ]
            },
            "value": {
                "es": [
                    "Inv. 2050"
                ]
            }
        },
        {
            "label": {
                "es": [
                    "Materia"
                ]
            },
            "value": {
                "es": [
                    "Paseo de Recoletos",
                    "Abanicos"
                ]
            }
        },
        {
            "label": {
                "es": [
                    "Comentarios (p\u00fablico)"
                ]
            },
            "value": {
                "es": [
                    "Es una de las alternativas que el joven Villanueva ide\u00f3, reinando Fernando VI , para esta puerta y que no lleg\u00f3 a realizarse. La que s\u00ed se realiz\u00f3, hacia 1740-1750, fue la de Francisco Carlier, que posteriormente ejecut\u00f3 Francisco Moradillo en 1756 y que ser\u00eda demolida en 1859. Ponz menciona que la puerta de Carlier fue construida cuando se hicieron la cerca y los jardines del convento de la Visitaci\u00f3n o Salesas Reales dentro del programa de mejoras de este privilegiado espacio de la ciudad. El orden d\u00f3rico de la soluci\u00f3n de Villanueva otorga solidez al dise\u00f1o, aunque contrasta con el uso de elementos decorativos. Se aproxima a las propuestas de Ventura Rodr\u00edguez y Sabatini para la Puerta de Alcal\u00e1, tanto en el uso de figuras recostadas como en el escudo que corona el front\u00f3n. Ingres\u00f3 en el Museo Municipal en 1927 por donaci\u00f3n de F\u00e9lix Boix.\r\n\r\n(Descripci\u00f3n y comentario extra\u00eddos del Cat\u00e1logo \"Dibujos en el Museo de Historia de Madrid. Arquitectura madrile\u00f1a de los siglos XVII y XVIII\")."
                ]
            }
        },
        {
            "label": {
                "es": [
                    "Derechos"
                ]
            },
            "value": {
                "es": [
                    "http://creativecommons.org/licenses/by-nc/4.0/"
                ]
            }
        }
    ],
    "items": [
        {
            "id": "https://www.memoriademadrid.es/iiif/397483/canvas/p1",
            "type": "Canvas",
            "label": {
                "es": [
                    1
                ]
            },
            "width": 600,
            "height": 813,
            "thumbnail": [
                {
                    "id": "https://www.memoriademadrid.es/iiif/3/1241549/full/^500,/0/default.jpg",
                    "type": "Image",
                    "format": "image/jpeg",
                    "width": 500,
                    "height": 678,
                    "services": [
                        {
                            "id": "https://www.memoriademadrid.es/iiif/3/1241549",
                            "profile": "http://iiif.io/api/image/3/level1.json",
                            "@type": "http://iiif.io/api/image/3/context.json"
                        }
                    ]
                }
            ],
            "items": [
                {
                    "id": "https://www.memoriademadrid.es/iiif/3/1241549",
                    "type": "AnnotationPage",
                    "items": [
                        {
                            "id": "https://www.memoriademadrid.es/iiif/3/1241549",
                            "type": "Annotation",
                            "motivation": "painting",
                            "target": "https://www.memoriademadrid.es/iiif/3/1241549",
                            "body": {
                                "id": "https://www.memoriademadrid.es/iiif/3/1241549/full/^600,/0/default.jpg",
                                "type": "Image",
                                "format": "image/jpeg",
                                "width": 600,
                                "height": 813,
                                "service": [
                                    {
                                        "id": "https://www.memoriademadrid.es/iiif/2/1241549",
                                        "profile": "http://iiif.io/api/image/2/level2.json",
                                        "type": "ImageService2"
                                    }
                                ]
                            }
                        }
                    ]
                }
            ]
        },
        {
            "id": "https://www.memoriademadrid.es/iiif/397483/canvas/p2",
            "type": "Canvas",
            "label": {
                "es": [
                    2
                ]
            },
            "width": 600,
            "height": 813,
            "thumbnail": [
                {
                    "id": "https://www.memoriademadrid.es/iiif/3/1241550/full/^500,/0/default.jpg",
                    "type": "Image",
                    "format": "image/jpeg",
                    "width": 500,
                    "height": 678,
                    "services": [
                        {
                            "id": "https://www.memoriademadrid.es/iiif/3/1241550",
                            "profile": "http://iiif.io/api/image/3/level1.json",
                            "@type": "http://iiif.io/api/image/3/context.json"
                        }
                    ]
                }
            ],
            "items": [
                {
                    "id": "https://www.memoriademadrid.es/iiif/3/1241550",
                    "type": "AnnotationPage",
                    "items": [
                        {
                            "id": "https://www.memoriademadrid.es/iiif/3/1241550",
                            "type": "Annotation",
                            "motivation": "painting",
                            "target": "https://www.memoriademadrid.es/iiif/3/1241550",
                            "body": {
                                "id": "https://www.memoriademadrid.es/iiif/3/1241550/full/^600,/0/default.jpg",
                                "type": "Image",
                                "format": "image/jpeg",
                                "width": 600,
                                "height": 813,
                                "service": [
                                    {
                                        "id": "https://www.memoriademadrid.es/iiif/2/1241550",
                                        "profile": "http://iiif.io/api/image/2/level2.json",
                                        "type": "ImageService2"
                                    }
                                ]
                            }
                        }
                    ]
                }
            ]
        }
    ],
    "structures": []
}