{
    "id": "https://www.memoriademadrid.es/iiif/manifest/397777",
    "@context": "http://iiif.io/api/presentation/3/context.json",
    "type": "Manifest",
    "label": {
        "es": [
            "La guardia civil entra en el Congreso por orden del general Pav\u00eda"
        ]
    },
    "summary": {
        "es": [
            "\"EV\u00c9NENMENTS D\u00b4ESPAGNE.- Madrid.- La garde civile, par l\u00b4ordre du g\u00e9n\u00e9ral Pavia, disperse les membre des Cort\u00e8s / apr\u00e8s la s\u00e9ancedu 2 janvier. (Dessin de M. Vierge)\" \r\nXilograf\u00eda\r\nIlustraci\u00f3n procedente de L\u00b4Illustration: journal universel. Paris: J. Dubachet, 1843-1900 \r\n20 x 25 cm"
        ]
    },
    "homepage": [
        {
            "id": "https://www.memoriademadrid.es/view/397777",
            "type": "Text",
            "label": {
                "es": [
                    "Home Page"
                ]
            },
            "format": "text/html"
        }
    ],
    "behavior": [
        "continuous"
    ],
    "thumbnail": [
        {
            "id": "https://www.memoriademadrid.es/thumbnail/397777",
            "type": "Image",
            "format": "image/jpeg",
            "width": 1024,
            "height": 809
        }
    ],
    "metadata": [
        {
            "label": {
                "es": [
                    "edm:isShownBy"
                ]
            },
            "value": {
                "es": [
                    "https://www.memoriademadrid.es/viewer/397777"
                ]
            }
        },
        {
            "label": {
                "es": [
                    "OpenAccess Estado"
                ]
            },
            "value": {
                "es": [
                    "PUBLISH"
                ]
            }
        },
        {
            "label": {
                "es": [
                    "OpenAccess Log"
                ]
            },
            "value": {
                "es": [
                    "Published in OpenAccess at 2024.11.01 12:34:50"
                ]
            }
        },
        {
            "label": {
                "es": [
                    "OpenAccess Enlace"
                ]
            },
            "value": {
                "es": [
                    "https://www.memoriademadrid.es/view/397777"
                ]
            }
        },
        {
            "label": {
                "es": [
                    "OpenAccess Perfil"
                ]
            },
            "value": {
                "es": [
                    "Imagen"
                ]
            }
        },
        {
            "label": {
                "es": [
                    "OpenAccess Colecci\u00f3n"
                ]
            },
            "value": {
                "es": [
                    "260321"
                ]
            }
        },
        {
            "label": {
                "es": [
                    "OpenAccess ID Esquema de Metadatos"
                ]
            },
            "value": {
                "es": [
                    "4"
                ]
            }
        },
        {
            "label": {
                "es": [
                    "OpenAccess Nombre"
                ]
            },
            "value": {
                "es": [
                    "La guardia civil entra en el Congreso por orden del general Pav\u00eda"
                ]
            }
        },
        {
            "label": {
                "es": [
                    "ImportadoDesde"
                ]
            },
            "value": {
                "es": [
                    "Vargas"
                ]
            }
        },
        {
            "label": {
                "es": [
                    "A\u00f1o Publicaci\u00f3n"
                ]
            },
            "value": {
                "es": [
                    "1874"
                ]
            }
        },
        {
            "label": {
                "es": [
                    "Notas (privadas)"
                ]
            },
            "value": {
                "es": [
                    "Golpe de Pav\u00eda. Fin de la I Rep\u00fablica"
                ]
            }
        },
        {
            "label": {
                "es": [
                    "edm:object"
                ]
            },
            "value": {
                "es": [
                    "https://www.memoriademadrid.es/thumbnail/397777"
                ]
            }
        },
        {
            "label": {
                "es": [
                    "Formato"
                ]
            },
            "value": {
                "es": [
                    "image/jpeg"
                ]
            }
        },
        {
            "label": {
                "es": [
                    "Tipo de recurso"
                ]
            },
            "value": {
                "es": [
                    "IMAGE"
                ]
            }
        },
        {
            "label": {
                "es": [
                    "Editor"
                ]
            },
            "value": {
                "es": [
                    "Ayuntamiento de Madrid. \u00c1rea de Las Artes"
                ]
            }
        },
        {
            "label": {
                "es": [
                    "Fecha de creaci\u00f3n final"
                ]
            },
            "value": {
                "es": [
                    "1874-12-31"
                ]
            }
        },
        {
            "label": {
                "es": [
                    "Idioma"
                ]
            },
            "value": {
                "es": [
                    "spa"
                ]
            }
        },
        {
            "label": {
                "es": [
                    "Clase de Patrimonio"
                ]
            },
            "value": {
                "es": [
                    "Patrimonio Art\u00edstico"
                ]
            }
        },
        {
            "label": {
                "es": [
                    "Instituci\u00f3n"
                ]
            },
            "value": {
                "es": [
                    "Museo de Historia"
                ]
            }
        },
        {
            "label": {
                "es": [
                    "ID Vargas"
                ]
            },
            "value": {
                "es": [
                    "18173"
                ]
            }
        },
        {
            "label": {
                "es": [
                    "Autor"
                ]
            },
            "value": {
                "es": [
                    "Daniel VIERGE (Daniel Urrabieta Ortiz y Vierge)"
                ]
            }
        },
        {
            "label": {
                "es": [
                    "T\u00edtulo"
                ]
            },
            "value": {
                "es": [
                    "La guardia civil entra en el Congreso por orden del general Pav\u00eda"
                ]
            }
        },
        {
            "label": {
                "es": [
                    "Fecha de creaci\u00f3n Matiz"
                ]
            },
            "value": {
                "es": [
                    "1874"
                ]
            }
        },
        {
            "label": {
                "es": [
                    "Fecha del registro"
                ]
            },
            "value": {
                "es": [
                    "2012-07-04"
                ]
            }
        },
        {
            "label": {
                "es": [
                    "Fecha de creaci\u00f3n inicial"
                ]
            },
            "value": {
                "es": [
                    "1874-01-01"
                ]
            }
        },
        {
            "label": {
                "es": [
                    "Descripci\u00f3n"
                ]
            },
            "value": {
                "es": [
                    "\"EV\u00c9NENMENTS D\u00b4ESPAGNE.- Madrid.- La garde civile, par l\u00b4ordre du g\u00e9n\u00e9ral Pavia, disperse les membre des Cort\u00e8s / apr\u00e8s la s\u00e9ancedu 2 janvier. (Dessin de M. Vierge)\" \r\nXilograf\u00eda\r\nIlustraci\u00f3n procedente de L\u00b4Illustration: journal universel. Paris: J. Dubachet, 1843-1900 \r\n20 x 25 cm"
                ]
            }
        },
        {
            "label": {
                "es": [
                    "Tipo de documento"
                ]
            },
            "value": {
                "es": [
                    "Estampas"
                ]
            }
        },
        {
            "label": {
                "es": [
                    "Signatura"
                ]
            },
            "value": {
                "es": [
                    "Inv. 2003/17/33"
                ]
            }
        },
        {
            "label": {
                "es": [
                    "Materia"
                ]
            },
            "value": {
                "es": [
                    "Gran V\u00eda Acontecimientos",
                    "Levantamientos militares"
                ]
            }
        },
        {
            "label": {
                "es": [
                    "Comentarios (p\u00fablico)"
                ]
            },
            "value": {
                "es": [
                    "El 8 de enero el general Pav\u00eda se levanta contra la I Rep\u00fablica. Emilio Castelar, presidente de la Rep\u00fablica dimite al perder la votaci\u00f3n de confianza por lo que Nicol\u00e1s Salmer\u00f3n, presidente de las Cortes, orden\u00f3 realizar una votaci\u00f3n para elegir al nuevo jefe del poder ejecutivo. El general Pav\u00eda, para evitar que los federalistas tomen el poder, moviliza sus tropas hacia el Congreso conminando a Salmer\u00f3n a la disoluci\u00f3n de la sesi\u00f3n de Cortes y al desalojo del edificio en cinco minutos. Pav\u00eda, que era republicano unitario, le ofreci\u00f3 a Emilio Castelar continuar en la presidencia, pero \u00e9ste rehus\u00f3 al no querer mantenerse en el poder por medios antidemocr\u00e1ticos. Estos hechos supusieron el final oficioso de la Primera Rep\u00fablica, aunque oficialmente continuar\u00eda casi otro a\u00f1o m\u00e1s."
                ]
            }
        },
        {
            "label": {
                "es": [
                    "Derechos"
                ]
            },
            "value": {
                "es": [
                    "http://creativecommons.org/licenses/by-nc/4.0/"
                ]
            }
        }
    ],
    "items": [
        {
            "id": "https://www.memoriademadrid.es/iiif/397777/canvas/p1",
            "type": "Canvas",
            "label": {
                "es": [
                    1
                ]
            },
            "width": 900,
            "height": 711,
            "thumbnail": [
                {
                    "id": "https://www.memoriademadrid.es/iiif/3/796480/full/^500,/0/default.jpg",
                    "type": "Image",
                    "format": "image/jpeg",
                    "width": 500,
                    "height": 395,
                    "services": [
                        {
                            "id": "https://www.memoriademadrid.es/iiif/3/796480",
                            "profile": "http://iiif.io/api/image/3/level1.json",
                            "@type": "http://iiif.io/api/image/3/context.json"
                        }
                    ]
                }
            ],
            "items": [
                {
                    "id": "https://www.memoriademadrid.es/iiif/3/796480",
                    "type": "AnnotationPage",
                    "items": [
                        {
                            "id": "https://www.memoriademadrid.es/iiif/3/796480",
                            "type": "Annotation",
                            "motivation": "painting",
                            "target": "https://www.memoriademadrid.es/iiif/3/796480",
                            "body": {
                                "id": "https://www.memoriademadrid.es/iiif/3/796480/full/^900,/0/default.jpg",
                                "type": "Image",
                                "format": "image/jpeg",
                                "width": 900,
                                "height": 711,
                                "service": [
                                    {
                                        "id": "https://www.memoriademadrid.es/iiif/2/796480",
                                        "profile": "http://iiif.io/api/image/2/level2.json",
                                        "type": "ImageService2"
                                    }
                                ]
                            }
                        }
                    ]
                }
            ]
        }
    ],
    "structures": []
}