{
    "id": "https://www.memoriademadrid.es/iiif/manifest/397805",
    "@context": "http://iiif.io/api/presentation/3/context.json",
    "type": "Manifest",
    "label": {
        "es": [
            "Jos\u00e9 Canalejas en la ceremonia de la inauguraci\u00f3n de las obras de la Gran V\u00eda"
        ]
    },
    "summary": {
        "es": [
            "Fotograf\u00eda\r\nExtra\u00edda del libro \"La Gran V\u00eda\" (1920 aprox.)"
        ]
    },
    "homepage": [
        {
            "id": "https://www.memoriademadrid.es/view/397805",
            "type": "Text",
            "label": {
                "es": [
                    "Home Page"
                ]
            },
            "format": "text/html"
        }
    ],
    "behavior": [
        "continuous"
    ],
    "thumbnail": [
        {
            "id": "https://www.memoriademadrid.es/thumbnail/397805",
            "type": "Image",
            "format": "image/jpeg",
            "width": 1024,
            "height": 768
        }
    ],
    "metadata": [
        {
            "label": {
                "es": [
                    "A\u00f1o Publicaci\u00f3n"
                ]
            },
            "value": {
                "es": [
                    "1910"
                ]
            }
        },
        {
            "label": {
                "es": [
                    "edm:isShownBy"
                ]
            },
            "value": {
                "es": [
                    "https://www.memoriademadrid.es/viewer/397805"
                ]
            }
        },
        {
            "label": {
                "es": [
                    "edm:object"
                ]
            },
            "value": {
                "es": [
                    "https://www.memoriademadrid.es/thumbnail/397805"
                ]
            }
        },
        {
            "label": {
                "es": [
                    "OpenAccess Estado"
                ]
            },
            "value": {
                "es": [
                    "PUBLISH"
                ]
            }
        },
        {
            "label": {
                "es": [
                    "Clase de Patrimonio"
                ]
            },
            "value": {
                "es": [
                    "Patrimonio Art\u00edstico"
                ]
            }
        },
        {
            "label": {
                "es": [
                    "OpenAccess Enlace"
                ]
            },
            "value": {
                "es": [
                    "https://www.memoriademadrid.es/view/397805"
                ]
            }
        },
        {
            "label": {
                "es": [
                    "OpenAccess Log"
                ]
            },
            "value": {
                "es": [
                    "Updated in OpenAccess at 2025.02.12 12:38:09"
                ]
            }
        },
        {
            "label": {
                "es": [
                    "OpenAccess Perfil"
                ]
            },
            "value": {
                "es": [
                    "Imagen"
                ]
            }
        },
        {
            "label": {
                "es": [
                    "OpenAccess Colecci\u00f3n"
                ]
            },
            "value": {
                "es": [
                    "260321"
                ]
            }
        },
        {
            "label": {
                "es": [
                    "OpenAccess ID Esquema de Metadatos"
                ]
            },
            "value": {
                "es": [
                    "4"
                ]
            }
        },
        {
            "label": {
                "es": [
                    "OpenAccess Nombre"
                ]
            },
            "value": {
                "es": [
                    "Jos\u00e9 Canalejas en la ceremonia de la inauguraci\u00f3n de las obras de la Gran V\u00eda"
                ]
            }
        },
        {
            "label": {
                "es": [
                    "ImportadoDesde"
                ]
            },
            "value": {
                "es": [
                    "Vargas"
                ]
            }
        },
        {
            "label": {
                "es": [
                    "ID Vargas"
                ]
            },
            "value": {
                "es": [
                    "18370"
                ]
            }
        },
        {
            "label": {
                "es": [
                    "Notas (privadas)"
                ]
            },
            "value": {
                "es": [
                    "Asesinato de Jos\u00e9 Canalejas, presidente del Gobierno"
                ]
            }
        },
        {
            "label": {
                "es": [
                    "Instituci\u00f3n"
                ]
            },
            "value": {
                "es": [
                    "Biblioteca Hist\u00f3rica"
                ]
            }
        },
        {
            "label": {
                "es": [
                    "Formato"
                ]
            },
            "value": {
                "es": [
                    "image/jpeg"
                ]
            }
        },
        {
            "label": {
                "es": [
                    "Tipo de recurso"
                ]
            },
            "value": {
                "es": [
                    "IMAGE"
                ]
            }
        },
        {
            "label": {
                "es": [
                    "Editor"
                ]
            },
            "value": {
                "es": [
                    "Ayuntamiento de Madrid. \u00c1rea de Las Artes"
                ]
            }
        },
        {
            "label": {
                "es": [
                    "Idioma"
                ]
            },
            "value": {
                "es": [
                    "spa"
                ]
            }
        },
        {
            "label": {
                "es": [
                    "T\u00edtulo"
                ]
            },
            "value": {
                "es": [
                    "Jos\u00e9 Canalejas en la ceremonia de la inauguraci\u00f3n de las obras de la Gran V\u00eda"
                ]
            }
        },
        {
            "label": {
                "es": [
                    "Fecha del registro"
                ]
            },
            "value": {
                "es": [
                    "2012-07-04"
                ]
            }
        },
        {
            "label": {
                "es": [
                    "Fecha de creaci\u00f3n Matiz"
                ]
            },
            "value": {
                "es": [
                    "1910"
                ]
            }
        },
        {
            "label": {
                "es": [
                    "Fecha de creaci\u00f3n inicial"
                ]
            },
            "value": {
                "es": [
                    "1910-04-04"
                ]
            }
        },
        {
            "label": {
                "es": [
                    "Lugar"
                ]
            },
            "value": {
                "es": [
                    "Madrid"
                ]
            }
        },
        {
            "label": {
                "es": [
                    "Descripci\u00f3n"
                ]
            },
            "value": {
                "es": [
                    "Fotograf\u00eda\r\nExtra\u00edda del libro \"La Gran V\u00eda\" (1920 aprox.)"
                ]
            }
        },
        {
            "label": {
                "es": [
                    "Tipo de documento"
                ]
            },
            "value": {
                "es": [
                    "Fotograf\u00edas"
                ]
            }
        },
        {
            "label": {
                "es": [
                    "Signatura"
                ]
            },
            "value": {
                "es": [
                    "M 205"
                ]
            }
        },
        {
            "label": {
                "es": [
                    "Materia"
                ]
            },
            "value": {
                "es": [
                    "Familia Real",
                    "Gran V\u00eda Personajes",
                    "Gran V\u00eda Acontecimientos",
                    "Presidentes del Gobierno"
                ]
            }
        },
        {
            "label": {
                "es": [
                    "Comentarios (p\u00fablico)"
                ]
            },
            "value": {
                "es": [
                    "Jos\u00e9 Canelejas, que en la imagen aparece dirigi\u00e9ndose a la Familia Real durante la ceremonia de inauguraci\u00f3n de las obras de la Gran V\u00eda, fue presidente del Consejo de Ministros entre febrero de 1910 y noviembre de 1912, per\u00edodo en el que habr\u00eda de presidir hasta tres gobiernos desde los que impuls\u00f3 un programa de reformas: aboli\u00f3 la Contribuci\u00f3n de Consumos, estableci\u00f3 el servicio militar obligatorio y limit\u00f3 la instalaci\u00f3n de \u00f3rdenes religiosas. Mejor\u00f3 la legislaci\u00f3n social e intent\u00f3 resolver la cuesti\u00f3n catalana con un proyecto de Mancomunidad.\r\n\r\nFue asesinado el 12 de noviembre de 1912 por el anarquista Manuel Pardi\u00f1as Serrano cuando miraba el escaparate de la librer\u00eda San Mart\u00edn en la Puerta del Sol."
                ]
            }
        },
        {
            "label": {
                "es": [
                    "URL Cat\u00e1logo"
                ]
            },
            "value": {
                "es": [
                    "https://bibliotecasespecializadas.madrid.es/cgi-bin/historica?TITN=309033"
                ]
            }
        },
        {
            "label": {
                "es": [
                    "Derechos"
                ]
            },
            "value": {
                "es": [
                    "http://creativecommons.org/licenses/by-nc/4.0/"
                ]
            }
        },
        {
            "label": {
                "es": [
                    "Enlace Externo"
                ]
            },
            "value": {
                "es": [
                    "<a href=\"https://bibliotecasespecializadas.madrid.es/cgi-bin/historica?TITN=309033\">Ver en el cat\u00e1logo</a>"
                ]
            }
        }
    ],
    "items": [
        {
            "id": "https://www.memoriademadrid.es/iiif/397805/canvas/p1",
            "type": "Canvas",
            "label": {
                "es": [
                    1
                ]
            },
            "width": 900,
            "height": 675,
            "thumbnail": [
                {
                    "id": "https://www.memoriademadrid.es/iiif/3/1119062/full/^500,/0/default.jpg",
                    "type": "Image",
                    "format": "image/jpeg",
                    "width": 500,
                    "height": 375,
                    "services": [
                        {
                            "id": "https://www.memoriademadrid.es/iiif/3/1119062",
                            "profile": "http://iiif.io/api/image/3/level1.json",
                            "@type": "http://iiif.io/api/image/3/context.json"
                        }
                    ]
                }
            ],
            "items": [
                {
                    "id": "https://www.memoriademadrid.es/iiif/3/1119062",
                    "type": "AnnotationPage",
                    "items": [
                        {
                            "id": "https://www.memoriademadrid.es/iiif/3/1119062",
                            "type": "Annotation",
                            "motivation": "painting",
                            "target": "https://www.memoriademadrid.es/iiif/3/1119062",
                            "body": {
                                "id": "https://www.memoriademadrid.es/iiif/3/1119062/full/^900,/0/default.jpg",
                                "type": "Image",
                                "format": "image/jpeg",
                                "width": 900,
                                "height": 675,
                                "service": [
                                    {
                                        "id": "https://www.memoriademadrid.es/iiif/2/1119062",
                                        "profile": "http://iiif.io/api/image/2/level2.json",
                                        "type": "ImageService2"
                                    }
                                ]
                            }
                        }
                    ]
                }
            ]
        },
        {
            "id": "https://www.memoriademadrid.es/iiif/397805/canvas/p2",
            "type": "Canvas",
            "label": {
                "es": [
                    2
                ]
            },
            "width": 900,
            "height": 675,
            "thumbnail": [
                {
                    "id": "https://www.memoriademadrid.es/iiif/3/1119064/full/^500,/0/default.jpg",
                    "type": "Image",
                    "format": "image/jpeg",
                    "width": 500,
                    "height": 375,
                    "services": [
                        {
                            "id": "https://www.memoriademadrid.es/iiif/3/1119064",
                            "profile": "http://iiif.io/api/image/3/level1.json",
                            "@type": "http://iiif.io/api/image/3/context.json"
                        }
                    ]
                }
            ],
            "items": [
                {
                    "id": "https://www.memoriademadrid.es/iiif/3/1119064",
                    "type": "AnnotationPage",
                    "items": [
                        {
                            "id": "https://www.memoriademadrid.es/iiif/3/1119064",
                            "type": "Annotation",
                            "motivation": "painting",
                            "target": "https://www.memoriademadrid.es/iiif/3/1119064",
                            "body": {
                                "id": "https://www.memoriademadrid.es/iiif/3/1119064/full/^900,/0/default.jpg",
                                "type": "Image",
                                "format": "image/jpeg",
                                "width": 900,
                                "height": 675,
                                "service": [
                                    {
                                        "id": "https://www.memoriademadrid.es/iiif/2/1119064",
                                        "profile": "http://iiif.io/api/image/2/level2.json",
                                        "type": "ImageService2"
                                    }
                                ]
                            }
                        }
                    ]
                }
            ]
        }
    ],
    "structures": []
}