{
    "id": "https://www.memoriademadrid.es/iiif/manifest/397931",
    "@context": "http://iiif.io/api/presentation/3/context.json",
    "type": "Manifest",
    "label": {
        "es": [
            "El marqu\u00e9s de Vallejo"
        ]
    },
    "summary": {
        "es": [
            "Papel fotogr\u00e1fico sepia\r\nAlb\u00famina\r\n10 x 7 cm\r\nForma parte de un \u00e1lbum de retratos en formato \"carte de visite\", en p\u00e1ginas de cuatro encartes cada una. Los encartes llevan en la parte inferior el siguiente sello en seco: \"BREVET\u00c9 S.G.D.G.\""
        ]
    },
    "homepage": [
        {
            "id": "https://www.memoriademadrid.es/view/397931",
            "type": "Text",
            "label": {
                "es": [
                    "Home Page"
                ]
            },
            "format": "text/html"
        }
    ],
    "behavior": [
        "continuous"
    ],
    "thumbnail": [
        {
            "id": "https://www.memoriademadrid.es/thumbnail/397931",
            "type": "Image",
            "format": "image/jpeg",
            "width": 630,
            "height": 1024
        }
    ],
    "metadata": [
        {
            "label": {
                "es": [
                    "A\u00f1o Publicaci\u00f3n"
                ]
            },
            "value": {
                "es": [
                    "1865"
                ]
            }
        },
        {
            "label": {
                "es": [
                    "edm:isShownBy"
                ]
            },
            "value": {
                "es": [
                    "https://www.memoriademadrid.es/viewer/397931"
                ]
            }
        },
        {
            "label": {
                "es": [
                    "edm:object"
                ]
            },
            "value": {
                "es": [
                    "https://www.memoriademadrid.es/thumbnail/397931"
                ]
            }
        },
        {
            "label": {
                "es": [
                    "OpenAccess Estado"
                ]
            },
            "value": {
                "es": [
                    "PUBLISH"
                ]
            }
        },
        {
            "label": {
                "es": [
                    "URL Derechos"
                ]
            },
            "value": {
                "es": [
                    "<a href=http://creativecommons.org/licenses/by-nc/4.0/ >Creative Commons BY-NC 4.0</a>"
                ]
            }
        },
        {
            "label": {
                "es": [
                    "Clase de Patrimonio"
                ]
            },
            "value": {
                "es": [
                    "Patrimonio art\u00edstico"
                ]
            }
        },
        {
            "label": {
                "es": [
                    "OpenAccess Enlace"
                ]
            },
            "value": {
                "es": [
                    "https://www.memoriademadrid.es/view/397931"
                ]
            }
        },
        {
            "label": {
                "es": [
                    "OpenAccess Log"
                ]
            },
            "value": {
                "es": [
                    "Updated in OpenAccess at 2025.06.02 08:05:02"
                ]
            }
        },
        {
            "label": {
                "es": [
                    "VisorMapa"
                ]
            },
            "value": {
                "es": [
                    "SXIXCastro"
                ]
            }
        },
        {
            "label": {
                "es": [
                    "OpenAccess Perfil"
                ]
            },
            "value": {
                "es": [
                    "Imagen"
                ]
            }
        },
        {
            "label": {
                "es": [
                    "OpenAccess Colecci\u00f3n"
                ]
            },
            "value": {
                "es": [
                    "260321"
                ]
            }
        },
        {
            "label": {
                "es": [
                    "OpenAccess ID Esquema de Metadatos"
                ]
            },
            "value": {
                "es": [
                    "4"
                ]
            }
        },
        {
            "label": {
                "es": [
                    "OpenAccess Nombre"
                ]
            },
            "value": {
                "es": [
                    "El marqu\u00e9s de Vallejo"
                ]
            }
        },
        {
            "label": {
                "es": [
                    "ImportadoDesde"
                ]
            },
            "value": {
                "es": [
                    "Vargas"
                ]
            }
        },
        {
            "label": {
                "es": [
                    "ID Vargas"
                ]
            },
            "value": {
                "es": [
                    "19225"
                ]
            }
        },
        {
            "label": {
                "es": [
                    "Notas (privadas)"
                ]
            },
            "value": {
                "es": [
                    "La casa del marqu\u00e9s de Vallejo"
                ]
            }
        },
        {
            "label": {
                "es": [
                    "Instituci\u00f3n"
                ]
            },
            "value": {
                "es": [
                    "Museo de Historia"
                ]
            }
        },
        {
            "label": {
                "es": [
                    "Formato"
                ]
            },
            "value": {
                "es": [
                    "image/jpeg"
                ]
            }
        },
        {
            "label": {
                "es": [
                    "Tipo de recurso"
                ]
            },
            "value": {
                "es": [
                    "IMAGE"
                ]
            }
        },
        {
            "label": {
                "es": [
                    "Editor"
                ]
            },
            "value": {
                "es": [
                    "Ayuntamiento de Madrid. \u00c1rea de Las Artes"
                ]
            }
        },
        {
            "label": {
                "es": [
                    "Latitud/Longitud WGS 84"
                ]
            },
            "value": {
                "es": [
                    "40.420225,-3.70138055556"
                ]
            }
        },
        {
            "label": {
                "es": [
                    "Idioma"
                ]
            },
            "value": {
                "es": [
                    "spa"
                ]
            }
        },
        {
            "label": {
                "es": [
                    "Fecha de creaci\u00f3n final"
                ]
            },
            "value": {
                "es": [
                    "1865-12-31"
                ]
            }
        },
        {
            "label": {
                "es": [
                    "Autor"
                ]
            },
            "value": {
                "es": [
                    "Eusebio JULI\u00c1"
                ]
            }
        },
        {
            "label": {
                "es": [
                    "T\u00edtulo"
                ]
            },
            "value": {
                "es": [
                    "El marqu\u00e9s de Vallejo"
                ]
            }
        },
        {
            "label": {
                "es": [
                    "Fecha del registro"
                ]
            },
            "value": {
                "es": [
                    "2012-07-04"
                ]
            }
        },
        {
            "label": {
                "es": [
                    "Fecha de creaci\u00f3n inicial"
                ]
            },
            "value": {
                "es": [
                    "1865-01-01"
                ]
            }
        },
        {
            "label": {
                "es": [
                    "Fecha de creaci\u00f3n Matiz"
                ]
            },
            "value": {
                "es": [
                    "Entre 1865 y 1880"
                ]
            }
        },
        {
            "label": {
                "es": [
                    "Descripci\u00f3n"
                ]
            },
            "value": {
                "es": [
                    "Papel fotogr\u00e1fico sepia\r\nAlb\u00famina\r\n10 x 7 cm\r\nForma parte de un \u00e1lbum de retratos en formato \"carte de visite\", en p\u00e1ginas de cuatro encartes cada una. Los encartes llevan en la parte inferior el siguiente sello en seco: \"BREVET\u00c9 S.G.D.G.\""
                ]
            }
        },
        {
            "label": {
                "es": [
                    "Tipo de documento"
                ]
            },
            "value": {
                "es": [
                    "Fotograf\u00edas"
                ]
            }
        },
        {
            "label": {
                "es": [
                    "Signatura"
                ]
            },
            "value": {
                "es": [
                    "Inv. 23467-73"
                ]
            }
        },
        {
            "label": {
                "es": [
                    "Materia"
                ]
            },
            "value": {
                "es": [
                    "Edificios desaparecidos",
                    "Gran V\u00eda Cultura"
                ]
            }
        },
        {
            "label": {
                "es": [
                    "Comentarios (p\u00fablico)"
                ]
            },
            "value": {
                "es": [
                    "La casa del marqu\u00e9s de Vallejo se situaba en la calle Fuencarral n\u00ba 4. D. Diego Fern\u00e1ndez Vallejo dedic\u00f3 toda su vida a la Banca, donde fue agente de bolsa, y a la pol\u00edtica cosechando grandes \u00e9xitos en ambos sectores. Fue elegido diputado a Cortes por los distritos de N\u00e1jera y Torrecilla en 1839, por la provincia de Logro\u00f1o en 1865 y desde 1877 fue senador vitalicio. Gran amigo de C\u00e1novas del Castillo tuvo gran influencia en la Restauraci\u00f3n Mon\u00e1rquica a cuyo proceso ayud\u00f3 con su gran fortuna. La reina Isabel II le concedi\u00f3, en atenci\u00f3n a sus buenos servicios a la Corona, el t\u00edtulo de marqu\u00e9s de Vallejo en 1864."
                ]
            }
        },
        {
            "label": {
                "es": [
                    "Derechos"
                ]
            },
            "value": {
                "es": [
                    "http://creativecommons.org/licenses/by-nc/4.0/"
                ]
            }
        }
    ],
    "items": [
        {
            "id": "https://www.memoriademadrid.es/iiif/397931/canvas/p1",
            "type": "Canvas",
            "label": {
                "es": [
                    1
                ]
            },
            "width": 850,
            "height": 1381,
            "thumbnail": [
                {
                    "id": "https://www.memoriademadrid.es/iiif/3/1243856/full/^500,/0/default.jpg",
                    "type": "Image",
                    "format": "image/jpeg",
                    "width": 500,
                    "height": 812,
                    "services": [
                        {
                            "id": "https://www.memoriademadrid.es/iiif/3/1243856",
                            "profile": "http://iiif.io/api/image/3/level1.json",
                            "@type": "http://iiif.io/api/image/3/context.json"
                        }
                    ]
                }
            ],
            "items": [
                {
                    "id": "https://www.memoriademadrid.es/iiif/3/1243856",
                    "type": "AnnotationPage",
                    "items": [
                        {
                            "id": "https://www.memoriademadrid.es/iiif/3/1243856",
                            "type": "Annotation",
                            "motivation": "painting",
                            "target": "https://www.memoriademadrid.es/iiif/3/1243856",
                            "body": {
                                "id": "https://www.memoriademadrid.es/iiif/3/1243856/full/^850,/0/default.jpg",
                                "type": "Image",
                                "format": "image/jpeg",
                                "width": 850,
                                "height": 1381,
                                "service": [
                                    {
                                        "id": "https://www.memoriademadrid.es/iiif/2/1243856",
                                        "profile": "http://iiif.io/api/image/2/level2.json",
                                        "type": "ImageService2"
                                    }
                                ]
                            }
                        }
                    ]
                }
            ]
        },
        {
            "id": "https://www.memoriademadrid.es/iiif/397931/canvas/p2",
            "type": "Canvas",
            "label": {
                "es": [
                    2
                ]
            },
            "width": 850,
            "height": 1381,
            "thumbnail": [
                {
                    "id": "https://www.memoriademadrid.es/iiif/3/1243863/full/^500,/0/default.jpg",
                    "type": "Image",
                    "format": "image/jpeg",
                    "width": 500,
                    "height": 812,
                    "services": [
                        {
                            "id": "https://www.memoriademadrid.es/iiif/3/1243863",
                            "profile": "http://iiif.io/api/image/3/level1.json",
                            "@type": "http://iiif.io/api/image/3/context.json"
                        }
                    ]
                }
            ],
            "items": [
                {
                    "id": "https://www.memoriademadrid.es/iiif/3/1243863",
                    "type": "AnnotationPage",
                    "items": [
                        {
                            "id": "https://www.memoriademadrid.es/iiif/3/1243863",
                            "type": "Annotation",
                            "motivation": "painting",
                            "target": "https://www.memoriademadrid.es/iiif/3/1243863",
                            "body": {
                                "id": "https://www.memoriademadrid.es/iiif/3/1243863/full/^850,/0/default.jpg",
                                "type": "Image",
                                "format": "image/jpeg",
                                "width": 850,
                                "height": 1381,
                                "service": [
                                    {
                                        "id": "https://www.memoriademadrid.es/iiif/2/1243863",
                                        "profile": "http://iiif.io/api/image/2/level2.json",
                                        "type": "ImageService2"
                                    }
                                ]
                            }
                        }
                    ]
                }
            ]
        }
    ],
    "structures": []
}