{
    "id": "https://www.memoriademadrid.es/iiif/manifest/398351",
    "@context": "http://iiif.io/api/presentation/3/context.json",
    "type": "Manifest",
    "label": {
        "es": [
            "La Casa Profesa de la Compa\u00f1ia de Jes\u00fas y la Iglesia de San Francisco Borja en la Gran V\u00eda en llamas, vistas desde la calle Isabel la Cat\u00f3lica"
        ]
    },
    "summary": {
        "es": [
            "Fotograf\u00eda extra\u00edda del peri\u00f3dico Nuevo Mundo del 15 de mayo de 1931"
        ]
    },
    "homepage": [
        {
            "id": "https://www.memoriademadrid.es/view/398351",
            "type": "Text",
            "label": {
                "es": [
                    "Home Page"
                ]
            },
            "format": "text/html"
        }
    ],
    "behavior": [
        "continuous"
    ],
    "thumbnail": [
        {
            "id": "https://www.memoriademadrid.es/thumbnail/398351",
            "type": "Image",
            "format": "image/jpeg",
            "width": 755,
            "height": 1024
        }
    ],
    "metadata": [
        {
            "label": {
                "es": [
                    "Tipo de recurso"
                ]
            },
            "value": {
                "es": [
                    "IMAGE"
                ]
            }
        },
        {
            "label": {
                "es": [
                    "OpenAccess Colecci\u00f3n"
                ]
            },
            "value": {
                "es": [
                    "260321"
                ]
            }
        },
        {
            "label": {
                "es": [
                    "OpenAccess ID Esquema de Metadatos"
                ]
            },
            "value": {
                "es": [
                    "4"
                ]
            }
        },
        {
            "label": {
                "es": [
                    "OpenAccess Nombre"
                ]
            },
            "value": {
                "es": [
                    "La Casa Profesa de la Compa\u00f1ia de Jes\u00fas y la Iglesia de San Francisco Borja en la Gran V\u00eda en llamas, vistas desde la calle Isabel la Cat\u00f3lica"
                ]
            }
        },
        {
            "label": {
                "es": [
                    "ImportadoDesde"
                ]
            },
            "value": {
                "es": [
                    "Vargas"
                ]
            }
        },
        {
            "label": {
                "es": [
                    "ID Vargas"
                ]
            },
            "value": {
                "es": [
                    "21903"
                ]
            }
        },
        {
            "label": {
                "es": [
                    "A\u00f1o Publicaci\u00f3n"
                ]
            },
            "value": {
                "es": [
                    "1931"
                ]
            }
        },
        {
            "label": {
                "es": [
                    "OpenAccess Perfil"
                ]
            },
            "value": {
                "es": [
                    "Imagen"
                ]
            }
        },
        {
            "label": {
                "es": [
                    "OpenAccess Log"
                ]
            },
            "value": {
                "es": [
                    "Updated in OpenAccess at 2025.02.12 02:42:27"
                ]
            }
        },
        {
            "label": {
                "es": [
                    "Formato"
                ]
            },
            "value": {
                "es": [
                    "image/jpeg"
                ]
            }
        },
        {
            "label": {
                "es": [
                    "Editor"
                ]
            },
            "value": {
                "es": [
                    "Ayuntamiento de Madrid. \u00c1rea de Las Artes"
                ]
            }
        },
        {
            "label": {
                "es": [
                    "OpenAccess Enlace"
                ]
            },
            "value": {
                "es": [
                    "https://www.memoriademadrid.es/view/398351"
                ]
            }
        },
        {
            "label": {
                "es": [
                    "Clase de Patrimonio"
                ]
            },
            "value": {
                "es": [
                    "Patrimonio bibliogr\u00e1fico"
                ]
            }
        },
        {
            "label": {
                "es": [
                    "URL Derechos"
                ]
            },
            "value": {
                "es": [
                    "<a href=http://creativecommons.org/licenses/by-nc/4.0/ >Creative Commons BY-NC 4.0</a>"
                ]
            }
        },
        {
            "label": {
                "es": [
                    "OpenAccess Estado"
                ]
            },
            "value": {
                "es": [
                    "PUBLISH"
                ]
            }
        },
        {
            "label": {
                "es": [
                    "Idioma"
                ]
            },
            "value": {
                "es": [
                    "spa"
                ]
            }
        },
        {
            "label": {
                "es": [
                    "edm:object"
                ]
            },
            "value": {
                "es": [
                    "https://www.memoriademadrid.es/thumbnail/398351"
                ]
            }
        },
        {
            "label": {
                "es": [
                    "Instituci\u00f3n"
                ]
            },
            "value": {
                "es": [
                    "Hemeroteca Municipal"
                ]
            }
        },
        {
            "label": {
                "es": [
                    "edm:isShownBy"
                ]
            },
            "value": {
                "es": [
                    "https://www.memoriademadrid.es/viewer/398351"
                ]
            }
        },
        {
            "label": {
                "es": [
                    "Autor"
                ]
            },
            "value": {
                "es": [
                    "Jos\u00e9 Mar\u00eda D\u00cdAZ CASARIEGO"
                ]
            }
        },
        {
            "label": {
                "es": [
                    "T\u00edtulo"
                ]
            },
            "value": {
                "es": [
                    "La Casa Profesa de la Compa\u00f1ia de Jes\u00fas y la Iglesia de San Francisco Borja en la Gran V\u00eda en llamas, vistas desde la calle Isabel la Cat\u00f3lica"
                ]
            }
        },
        {
            "label": {
                "es": [
                    "Fecha del registro"
                ]
            },
            "value": {
                "es": [
                    "2012-07-05"
                ]
            }
        },
        {
            "label": {
                "es": [
                    "Fecha de creaci\u00f3n inicial"
                ]
            },
            "value": {
                "es": [
                    "1931-05-15"
                ]
            }
        },
        {
            "label": {
                "es": [
                    "Lugar"
                ]
            },
            "value": {
                "es": [
                    "Madrid"
                ]
            }
        },
        {
            "label": {
                "es": [
                    "Descripci\u00f3n"
                ]
            },
            "value": {
                "es": [
                    "Fotograf\u00eda extra\u00edda del peri\u00f3dico Nuevo Mundo del 15 de mayo de 1931"
                ]
            }
        },
        {
            "label": {
                "es": [
                    "Tipo de documento"
                ]
            },
            "value": {
                "es": [
                    "Fotograf\u00edas"
                ]
            }
        },
        {
            "label": {
                "es": [
                    "Signatura"
                ]
            },
            "value": {
                "es": [
                    "F.4/5-10 (50-115)"
                ]
            }
        },
        {
            "label": {
                "es": [
                    "Materia"
                ]
            },
            "value": {
                "es": [
                    "Calle de Isabel La Cat\u00f3lica",
                    "Gran V\u00eda Acontecimientos"
                ]
            }
        },
        {
            "label": {
                "es": [
                    "Comentarios (p\u00fablico)"
                ]
            },
            "value": {
                "es": [
                    "La Casa Profesa de la Compa\u00f1\u00eda de Jes\u00fas se inaugur\u00f3 en 1901 justo en plena manzana 495, es decir en mitad del trazado de la Gran V\u00eda. En un principio Salaberry previ\u00f3 su conservaci\u00f3n en el proyecto haciendo que una de sus esquinas diera a la avenida de Eduardo Dato. Sin embargo desde 1926 hubo voces que pidieron su demolici\u00f3n ya que imped\u00eda el ensanchamiento de la calle. Al negarse los jesuitas a ceder el edificio se inici\u00f3 un expediente que finalmente no se llev\u00f3 a t\u00e9rmino ya que el 1 de mayo de 1931 un grupo de personas prendi\u00f3 fuego al edificio, reduci\u00e9ndolo a escombros.\r\nSe lee en el art\u00edculo del que se extrae la fotograf\u00eda: \"Arde el templo de San Francisco Borja desde las diez de la ma\u00f1ana. Madrid entero lo sabe a los pocos momentos, y miles y miles de personas se lanzan a la calle para contemplar el incendio. Por la Gran V\u00eda, por la calle de la Princesa, afluye incesantemente la multitud. La humareda que sale del templo incendiado nubla el sol. La ma\u00f1ana tiene una luz triste, y en las calles a que da la iglesia, los muebles, los libros y los objetos del culto forman peque\u00f1as hogueras en torno a la gran hoguera que est\u00e1 destruyendo el edificio\"."
                ]
            }
        },
        {
            "label": {
                "es": [
                    "Derechos"
                ]
            },
            "value": {
                "es": [
                    "http://creativecommons.org/licenses/by-nc/4.0/"
                ]
            }
        }
    ],
    "items": [
        {
            "id": "https://www.memoriademadrid.es/iiif/398351/canvas/p1",
            "type": "Canvas",
            "label": {
                "es": [
                    1
                ]
            },
            "width": 650,
            "height": 882,
            "thumbnail": [
                {
                    "id": "https://www.memoriademadrid.es/iiif/3/1244886/full/^500,/0/default.jpg",
                    "type": "Image",
                    "format": "image/jpeg",
                    "width": 500,
                    "height": 678,
                    "services": [
                        {
                            "id": "https://www.memoriademadrid.es/iiif/3/1244886",
                            "profile": "http://iiif.io/api/image/3/level1.json",
                            "@type": "http://iiif.io/api/image/3/context.json"
                        }
                    ]
                }
            ],
            "items": [
                {
                    "id": "https://www.memoriademadrid.es/iiif/3/1244886",
                    "type": "AnnotationPage",
                    "items": [
                        {
                            "id": "https://www.memoriademadrid.es/iiif/3/1244886",
                            "type": "Annotation",
                            "motivation": "painting",
                            "target": "https://www.memoriademadrid.es/iiif/3/1244886",
                            "body": {
                                "id": "https://www.memoriademadrid.es/iiif/3/1244886/full/^650,/0/default.jpg",
                                "type": "Image",
                                "format": "image/jpeg",
                                "width": 650,
                                "height": 882,
                                "service": [
                                    {
                                        "id": "https://www.memoriademadrid.es/iiif/2/1244886",
                                        "profile": "http://iiif.io/api/image/2/level2.json",
                                        "type": "ImageService2"
                                    }
                                ]
                            }
                        }
                    ]
                }
            ]
        },
        {
            "id": "https://www.memoriademadrid.es/iiif/398351/canvas/p2",
            "type": "Canvas",
            "label": {
                "es": [
                    2
                ]
            },
            "width": 650,
            "height": 882,
            "thumbnail": [
                {
                    "id": "https://www.memoriademadrid.es/iiif/3/1244889/full/^500,/0/default.jpg",
                    "type": "Image",
                    "format": "image/jpeg",
                    "width": 500,
                    "height": 678,
                    "services": [
                        {
                            "id": "https://www.memoriademadrid.es/iiif/3/1244889",
                            "profile": "http://iiif.io/api/image/3/level1.json",
                            "@type": "http://iiif.io/api/image/3/context.json"
                        }
                    ]
                }
            ],
            "items": [
                {
                    "id": "https://www.memoriademadrid.es/iiif/3/1244889",
                    "type": "AnnotationPage",
                    "items": [
                        {
                            "id": "https://www.memoriademadrid.es/iiif/3/1244889",
                            "type": "Annotation",
                            "motivation": "painting",
                            "target": "https://www.memoriademadrid.es/iiif/3/1244889",
                            "body": {
                                "id": "https://www.memoriademadrid.es/iiif/3/1244889/full/^650,/0/default.jpg",
                                "type": "Image",
                                "format": "image/jpeg",
                                "width": 650,
                                "height": 882,
                                "service": [
                                    {
                                        "id": "https://www.memoriademadrid.es/iiif/2/1244889",
                                        "profile": "http://iiif.io/api/image/2/level2.json",
                                        "type": "ImageService2"
                                    }
                                ]
                            }
                        }
                    ]
                }
            ]
        }
    ],
    "structures": []
}