{
    "id": "https://www.memoriademadrid.es/iiif/manifest/398411",
    "@context": "http://iiif.io/api/presentation/3/context.json",
    "type": "Manifest",
    "label": {
        "es": [
            "Detalle del proyecto de cinemat\u00f3grafo ubicado en Gran V\u00eda 76 (cine Velussia - cine Azul)"
        ]
    },
    "summary": {
        "es": [
            "\"PROYECTO DE CINEMAT\u00d3GRAFO / EN LA CASA PROPIEDAD DE D. JES\u00daS USS\u00cdA / EN LA AVa DE EDUARDO DATO N\u00ba 32 / ESCA  1:100 / SECCI\u00d3N A.B. / Madrid Abril 1933 / - LOS ARQUITECTOS-\"\r\nPlano extra\u00eddo del expediente: \"Viviendas y oficinas para D. Jes\u00fas Uss\u00eda y Cubas y Cine Azul\" (AVM 47-116-25)"
        ]
    },
    "homepage": [
        {
            "id": "https://www.memoriademadrid.es/view/398411",
            "type": "Text",
            "label": {
                "es": [
                    "Home Page"
                ]
            },
            "format": "text/html"
        }
    ],
    "behavior": [
        "continuous"
    ],
    "thumbnail": [
        {
            "id": "https://www.memoriademadrid.es/thumbnail/398411",
            "type": "Image",
            "format": "image/jpeg",
            "width": 1024,
            "height": 633
        }
    ],
    "metadata": [
        {
            "label": {
                "es": [
                    "Tipo de recurso"
                ]
            },
            "value": {
                "es": [
                    "IMAGE"
                ]
            }
        },
        {
            "label": {
                "es": [
                    "OpenAccess Perfil"
                ]
            },
            "value": {
                "es": [
                    "Imagen"
                ]
            }
        },
        {
            "label": {
                "es": [
                    "OpenAccess Colecci\u00f3n"
                ]
            },
            "value": {
                "es": [
                    "260321"
                ]
            }
        },
        {
            "label": {
                "es": [
                    "OpenAccess ID Esquema de Metadatos"
                ]
            },
            "value": {
                "es": [
                    "4"
                ]
            }
        },
        {
            "label": {
                "es": [
                    "OpenAccess Nombre"
                ]
            },
            "value": {
                "es": [
                    "Detalle del proyecto de cinemat\u00f3grafo ubicado en Gran V\u00eda 76 (cine Velussia - cine Azul)"
                ]
            }
        },
        {
            "label": {
                "es": [
                    "ImportadoDesde"
                ]
            },
            "value": {
                "es": [
                    "Vargas"
                ]
            }
        },
        {
            "label": {
                "es": [
                    "A\u00f1o Publicaci\u00f3n"
                ]
            },
            "value": {
                "es": [
                    "1933"
                ]
            }
        },
        {
            "label": {
                "es": [
                    "ID Vargas"
                ]
            },
            "value": {
                "es": [
                    "22003"
                ]
            }
        },
        {
            "label": {
                "es": [
                    "Notas (privadas)"
                ]
            },
            "value": {
                "es": [
                    "El cine Velussia (cine Azul)"
                ]
            }
        },
        {
            "label": {
                "es": [
                    "OpenAccess Enlace"
                ]
            },
            "value": {
                "es": [
                    "https://www.memoriademadrid.es/view/398411"
                ]
            }
        },
        {
            "label": {
                "es": [
                    "Formato"
                ]
            },
            "value": {
                "es": [
                    "image/jpeg"
                ]
            }
        },
        {
            "label": {
                "es": [
                    "Editor"
                ]
            },
            "value": {
                "es": [
                    "Ayuntamiento de Madrid. \u00c1rea de Las Artes"
                ]
            }
        },
        {
            "label": {
                "es": [
                    "Latitud/Longitud WGS 84"
                ]
            },
            "value": {
                "es": [
                    "40.4231833333,-3.71008611111"
                ]
            }
        },
        {
            "label": {
                "es": [
                    "Clase de Patrimonio"
                ]
            },
            "value": {
                "es": [
                    "Patrimonio documental"
                ]
            }
        },
        {
            "label": {
                "es": [
                    "URL Derechos"
                ]
            },
            "value": {
                "es": [
                    "<a href=http://creativecommons.org/licenses/by-nc/4.0/ >Creative Commons BY-NC 4.0</a>"
                ]
            }
        },
        {
            "label": {
                "es": [
                    "OpenAccess Log"
                ]
            },
            "value": {
                "es": [
                    "Updated in OpenAccess at 2025.12.03 11:22:13."
                ]
            }
        },
        {
            "label": {
                "es": [
                    "OpenAccess Estado"
                ]
            },
            "value": {
                "es": [
                    "PUBLISH"
                ]
            }
        },
        {
            "label": {
                "es": [
                    "Idioma"
                ]
            },
            "value": {
                "es": [
                    "spa"
                ]
            }
        },
        {
            "label": {
                "es": [
                    "edm:object"
                ]
            },
            "value": {
                "es": [
                    "https://www.memoriademadrid.es/thumbnail/398411"
                ]
            }
        },
        {
            "label": {
                "es": [
                    "Instituci\u00f3n"
                ]
            },
            "value": {
                "es": [
                    "Archivo de Villa"
                ]
            }
        },
        {
            "label": {
                "es": [
                    "edm:isShownBy"
                ]
            },
            "value": {
                "es": [
                    "https://www.memoriademadrid.es/viewer/398411"
                ]
            }
        },
        {
            "label": {
                "es": [
                    "Autor"
                ]
            },
            "value": {
                "es": [
                    "Jos\u00e9 ARAG\u00d3N PRADERA",
                    "Jos\u00e9 Mar\u00eda MENDOZA USS\u00cdA"
                ]
            }
        },
        {
            "label": {
                "es": [
                    "T\u00edtulo"
                ]
            },
            "value": {
                "es": [
                    "Detalle del proyecto de cinemat\u00f3grafo ubicado en Gran V\u00eda 76 (cine Velussia - cine Azul)"
                ]
            }
        },
        {
            "label": {
                "es": [
                    "Fecha del registro"
                ]
            },
            "value": {
                "es": [
                    "2012-07-05"
                ]
            }
        },
        {
            "label": {
                "es": [
                    "Fecha de creaci\u00f3n inicial"
                ]
            },
            "value": {
                "es": [
                    "1933-04-01"
                ]
            }
        },
        {
            "label": {
                "es": [
                    "Lugar"
                ]
            },
            "value": {
                "es": [
                    "Madrid"
                ]
            }
        },
        {
            "label": {
                "es": [
                    "Descripci\u00f3n"
                ]
            },
            "value": {
                "es": [
                    "\"PROYECTO DE CINEMAT\u00d3GRAFO / EN LA CASA PROPIEDAD DE D. JES\u00daS USS\u00cdA / EN LA AVa DE EDUARDO DATO N\u00ba 32 / ESCA  1:100 / SECCI\u00d3N A.B. / Madrid Abril 1933 / - LOS ARQUITECTOS-\"\r\nPlano extra\u00eddo del expediente: \"Viviendas y oficinas para D. Jes\u00fas Uss\u00eda y Cubas y Cine Azul\" (AVM 47-116-25)"
                ]
            }
        },
        {
            "label": {
                "es": [
                    "Tipo de documento"
                ]
            },
            "value": {
                "es": [
                    "Planos",
                    "Dibujos"
                ]
            }
        },
        {
            "label": {
                "es": [
                    "Signatura"
                ]
            },
            "value": {
                "es": [
                    "AVM 47-116-25 (62)"
                ]
            }
        },
        {
            "label": {
                "es": [
                    "Materia"
                ]
            },
            "value": {
                "es": [
                    "Gran V\u00eda Personajes",
                    "Gran V\u00eda Noticias"
                ]
            }
        },
        {
            "label": {
                "es": [
                    "Comentarios (p\u00fablico)"
                ]
            },
            "value": {
                "es": [
                    "Situado en la Gran V\u00eda n\u00famero 76, el cine Azul fue construido en el solar que antiguamente ocupaba el mercado de los Mostenses. Fue inaugurado en octubre de 1933 con el nombre de cine Velussia. Ten\u00eda refrigeraci\u00f3n y era de sesi\u00f3n continua (en un principio s\u00f3lo para documentales). Dicho cine cambi\u00f3 su nombre primitivo por el de cine Azul en 1939, encarg\u00e1ndose de sus reformas Alejandro Blond Gonz\u00e1lez. En sus inicios tuvo un aforo de 410 localidades y posteriormente se redujo a 266. En el a\u00f1o 1973 fue reinaugurado despu\u00e9s de realizar unas obras de reforma. Finalmente el cine cerr\u00f3 a principios de marzo de 2005, convirti\u00e9ndose en un restaurante de comida americana. \r\nLa imagen muestra el proyecto original para la fachada del cine, cuando a\u00fan no ten\u00eda nombre (cine ABCDEF)."
                ]
            }
        },
        {
            "label": {
                "es": [
                    "Derechos"
                ]
            },
            "value": {
                "es": [
                    "http://creativecommons.org/licenses/by-nc/4.0/"
                ]
            }
        },
        {
            "label": {
                "es": [
                    "Enlace Externo"
                ]
            },
            "value": {
                "es": [
                    "Ver expediente completo"
                ]
            }
        }
    ],
    "items": [
        {
            "id": "https://www.memoriademadrid.es/iiif/398411/canvas/p1",
            "type": "Canvas",
            "label": {
                "es": [
                    1
                ]
            },
            "width": 1091,
            "height": 674,
            "thumbnail": [
                {
                    "id": "https://www.memoriademadrid.es/iiif/3/1245029/full/^500,/0/default.jpg",
                    "type": "Image",
                    "format": "image/jpeg",
                    "width": 500,
                    "height": 309,
                    "services": [
                        {
                            "id": "https://www.memoriademadrid.es/iiif/3/1245029",
                            "profile": "http://iiif.io/api/image/3/level1.json",
                            "@type": "http://iiif.io/api/image/3/context.json"
                        }
                    ]
                }
            ],
            "items": [
                {
                    "id": "https://www.memoriademadrid.es/iiif/3/1245029",
                    "type": "AnnotationPage",
                    "items": [
                        {
                            "id": "https://www.memoriademadrid.es/iiif/3/1245029",
                            "type": "Annotation",
                            "motivation": "painting",
                            "target": "https://www.memoriademadrid.es/iiif/3/1245029",
                            "body": {
                                "id": "https://www.memoriademadrid.es/iiif/3/1245029/full/^1000,/0/default.jpg",
                                "type": "Image",
                                "format": "image/jpeg",
                                "width": 1091,
                                "height": 674,
                                "service": [
                                    {
                                        "id": "https://www.memoriademadrid.es/iiif/2/1245029",
                                        "profile": "http://iiif.io/api/image/2/level2.json",
                                        "type": "ImageService2"
                                    }
                                ]
                            }
                        }
                    ]
                }
            ]
        },
        {
            "id": "https://www.memoriademadrid.es/iiif/398411/canvas/p2",
            "type": "Canvas",
            "label": {
                "es": [
                    2
                ]
            },
            "width": 1091,
            "height": 674,
            "thumbnail": [
                {
                    "id": "https://www.memoriademadrid.es/iiif/3/1245030/full/^500,/0/default.jpg",
                    "type": "Image",
                    "format": "image/jpeg",
                    "width": 500,
                    "height": 309,
                    "services": [
                        {
                            "id": "https://www.memoriademadrid.es/iiif/3/1245030",
                            "profile": "http://iiif.io/api/image/3/level1.json",
                            "@type": "http://iiif.io/api/image/3/context.json"
                        }
                    ]
                }
            ],
            "items": [
                {
                    "id": "https://www.memoriademadrid.es/iiif/3/1245030",
                    "type": "AnnotationPage",
                    "items": [
                        {
                            "id": "https://www.memoriademadrid.es/iiif/3/1245030",
                            "type": "Annotation",
                            "motivation": "painting",
                            "target": "https://www.memoriademadrid.es/iiif/3/1245030",
                            "body": {
                                "id": "https://www.memoriademadrid.es/iiif/3/1245030/full/^1000,/0/default.jpg",
                                "type": "Image",
                                "format": "image/jpeg",
                                "width": 1091,
                                "height": 674,
                                "service": [
                                    {
                                        "id": "https://www.memoriademadrid.es/iiif/2/1245030",
                                        "profile": "http://iiif.io/api/image/2/level2.json",
                                        "type": "ImageService2"
                                    }
                                ]
                            }
                        }
                    ]
                }
            ]
        }
    ],
    "structures": []
}