{
    "id": "https://www.memoriademadrid.es/iiif/manifest/398597",
    "@context": "http://iiif.io/api/presentation/3/context.json",
    "type": "Manifest",
    "label": {
        "es": [
            "Fachada del edificio de la Sociedad de Seguros La Estrella en Gran V\u00eda 10"
        ]
    },
    "summary": {
        "es": [
            "Fotograf\u00eda extra\u00edda de la revista La Construcci\u00f3n Moderna del 30 de enero de 1919"
        ]
    },
    "homepage": [
        {
            "id": "https://www.memoriademadrid.es/view/398597",
            "type": "Text",
            "label": {
                "es": [
                    "Home Page"
                ]
            },
            "format": "text/html"
        }
    ],
    "behavior": [
        "continuous"
    ],
    "thumbnail": [
        {
            "id": "https://www.memoriademadrid.es/thumbnail/398597",
            "type": "Image",
            "format": "image/jpeg",
            "width": 668,
            "height": 1024
        }
    ],
    "metadata": [
        {
            "label": {
                "es": [
                    "A\u00f1o Publicaci\u00f3n"
                ]
            },
            "value": {
                "es": [
                    "1919"
                ]
            }
        },
        {
            "label": {
                "es": [
                    "edm:isShownBy"
                ]
            },
            "value": {
                "es": [
                    "https://www.memoriademadrid.es/viewer/398597"
                ]
            }
        },
        {
            "label": {
                "es": [
                    "edm:object"
                ]
            },
            "value": {
                "es": [
                    "https://www.memoriademadrid.es/thumbnail/398597"
                ]
            }
        },
        {
            "label": {
                "es": [
                    "OpenAccess Estado"
                ]
            },
            "value": {
                "es": [
                    "PUBLISH"
                ]
            }
        },
        {
            "label": {
                "es": [
                    "OpenAccess Log"
                ]
            },
            "value": {
                "es": [
                    "Updated in OpenAccess at 2025.09.15 10:24:30."
                ]
            }
        },
        {
            "label": {
                "es": [
                    "URL Derechos"
                ]
            },
            "value": {
                "es": [
                    "<a href=http://creativecommons.org/licenses/by-nc/4.0/ >Creative Commons BY-NC 4.0</a>"
                ]
            }
        },
        {
            "label": {
                "es": [
                    "Clase de Patrimonio"
                ]
            },
            "value": {
                "es": [
                    "Patrimonio bibliogr\u00e1fico"
                ]
            }
        },
        {
            "label": {
                "es": [
                    "OpenAccess Enlace"
                ]
            },
            "value": {
                "es": [
                    "https://www.memoriademadrid.es/view/398597"
                ]
            }
        },
        {
            "label": {
                "es": [
                    "OpenAccess Perfil"
                ]
            },
            "value": {
                "es": [
                    "Imagen"
                ]
            }
        },
        {
            "label": {
                "es": [
                    "OpenAccess Colecci\u00f3n"
                ]
            },
            "value": {
                "es": [
                    "260321"
                ]
            }
        },
        {
            "label": {
                "es": [
                    "OpenAccess ID Esquema de Metadatos"
                ]
            },
            "value": {
                "es": [
                    "4"
                ]
            }
        },
        {
            "label": {
                "es": [
                    "OpenAccess Nombre"
                ]
            },
            "value": {
                "es": [
                    "Fachada del edificio de la Sociedad de Seguros La Estrella en Gran V\u00eda 10"
                ]
            }
        },
        {
            "label": {
                "es": [
                    "ImportadoDesde"
                ]
            },
            "value": {
                "es": [
                    "Vargas"
                ]
            }
        },
        {
            "label": {
                "es": [
                    "ID Vargas"
                ]
            },
            "value": {
                "es": [
                    "22348"
                ]
            }
        },
        {
            "label": {
                "es": [
                    "Notas (privadas)"
                ]
            },
            "value": {
                "es": [
                    "Fachada del edificio de la Sociedad de Seguros La Estrella en 1919\r\nApp Gran V\u00eda."
                ]
            }
        },
        {
            "label": {
                "es": [
                    "Instituci\u00f3n"
                ]
            },
            "value": {
                "es": [
                    "Hemeroteca Municipal"
                ]
            }
        },
        {
            "label": {
                "es": [
                    "Idioma"
                ]
            },
            "value": {
                "es": [
                    "spa"
                ]
            }
        },
        {
            "label": {
                "es": [
                    "Latitud/Longitud WGS 84"
                ]
            },
            "value": {
                "es": [
                    "40.4195785,-3.6985626"
                ]
            }
        },
        {
            "label": {
                "es": [
                    "Editor"
                ]
            },
            "value": {
                "es": [
                    "Ayuntamiento de Madrid. \u00c1rea de Las Artes"
                ]
            }
        },
        {
            "label": {
                "es": [
                    "Tipo de recurso"
                ]
            },
            "value": {
                "es": [
                    "IMAGE"
                ]
            }
        },
        {
            "label": {
                "es": [
                    "Formato"
                ]
            },
            "value": {
                "es": [
                    "image/jpeg"
                ]
            }
        },
        {
            "label": {
                "es": [
                    "T\u00edtulo"
                ]
            },
            "value": {
                "es": [
                    "Fachada del edificio de la Sociedad de Seguros La Estrella en Gran V\u00eda 10"
                ]
            }
        },
        {
            "label": {
                "es": [
                    "Fecha de creaci\u00f3n inicial"
                ]
            },
            "value": {
                "es": [
                    "1919-01-30"
                ]
            }
        },
        {
            "label": {
                "es": [
                    "Fecha del registro"
                ]
            },
            "value": {
                "es": [
                    "2012-07-05"
                ]
            }
        },
        {
            "label": {
                "es": [
                    "Lugar"
                ]
            },
            "value": {
                "es": [
                    "Madrid"
                ]
            }
        },
        {
            "label": {
                "es": [
                    "Descripci\u00f3n"
                ]
            },
            "value": {
                "es": [
                    "Fotograf\u00eda extra\u00edda de la revista La Construcci\u00f3n Moderna del 30 de enero de 1919"
                ]
            }
        },
        {
            "label": {
                "es": [
                    "Tipo de documento"
                ]
            },
            "value": {
                "es": [
                    "Fotograf\u00edas"
                ]
            }
        },
        {
            "label": {
                "es": [
                    "Signatura"
                ]
            },
            "value": {
                "es": [
                    "s/sig"
                ]
            }
        },
        {
            "label": {
                "es": [
                    "Materia"
                ]
            },
            "value": {
                "es": [
                    "Gran V\u00eda primer tramo",
                    "Representaci\u00f3n teatral",
                    "Comedias",
                    "Teatro Espa\u00f1ol-S.XVIII"
                ]
            }
        },
        {
            "label": {
                "es": [
                    "Comentarios (p\u00fablico)"
                ]
            },
            "value": {
                "es": [
                    "Seg\u00fan se comenta en el art\u00edculo del que se extrae la imagen, el aspecto exterior del edificio \"es sencillo y rico, pues tiene canter\u00eda natural hasta la altura de la planta entresuelo, ofreciendo la particularidad de no tener cerrajer\u00eda de ninguna clase en la fachada...\r\nEn la parte central de la fachada, y armonizando con dos torreones laterales, se eleva sobre un front\u00f3n de cl\u00e1sica traza una torre de planta octogonal, armada en acero, que alcanza cincuenta metros de altura sobre el suelo\". Desgraciadamente, dicha torre central desapareci\u00f3 del edificio en 1953 durante una reforma del edificio."
                ]
            }
        },
        {
            "label": {
                "es": [
                    "Derechos"
                ]
            },
            "value": {
                "es": [
                    "http://creativecommons.org/licenses/by-nc/4.0/"
                ]
            }
        }
    ],
    "items": [
        {
            "id": "https://www.memoriademadrid.es/iiif/398597/canvas/p1",
            "type": "Canvas",
            "label": {
                "es": [
                    1
                ]
            },
            "width": 725,
            "height": 1112,
            "thumbnail": [
                {
                    "id": "https://www.memoriademadrid.es/iiif/3/1245127/full/^500,/0/default.jpg",
                    "type": "Image",
                    "format": "image/jpeg",
                    "width": 500,
                    "height": 767,
                    "services": [
                        {
                            "id": "https://www.memoriademadrid.es/iiif/3/1245127",
                            "profile": "http://iiif.io/api/image/3/level1.json",
                            "@type": "http://iiif.io/api/image/3/context.json"
                        }
                    ]
                }
            ],
            "items": [
                {
                    "id": "https://www.memoriademadrid.es/iiif/3/1245127",
                    "type": "AnnotationPage",
                    "items": [
                        {
                            "id": "https://www.memoriademadrid.es/iiif/3/1245127",
                            "type": "Annotation",
                            "motivation": "painting",
                            "target": "https://www.memoriademadrid.es/iiif/3/1245127",
                            "body": {
                                "id": "https://www.memoriademadrid.es/iiif/3/1245127/full/^725,/0/default.jpg",
                                "type": "Image",
                                "format": "image/jpeg",
                                "width": 725,
                                "height": 1112,
                                "service": [
                                    {
                                        "id": "https://www.memoriademadrid.es/iiif/2/1245127",
                                        "profile": "http://iiif.io/api/image/2/level2.json",
                                        "type": "ImageService2"
                                    }
                                ]
                            }
                        }
                    ]
                }
            ]
        },
        {
            "id": "https://www.memoriademadrid.es/iiif/398597/canvas/p2",
            "type": "Canvas",
            "label": {
                "es": [
                    2
                ]
            },
            "width": 725,
            "height": 1112,
            "thumbnail": [
                {
                    "id": "https://www.memoriademadrid.es/iiif/3/1245128/full/^500,/0/default.jpg",
                    "type": "Image",
                    "format": "image/jpeg",
                    "width": 500,
                    "height": 767,
                    "services": [
                        {
                            "id": "https://www.memoriademadrid.es/iiif/3/1245128",
                            "profile": "http://iiif.io/api/image/3/level1.json",
                            "@type": "http://iiif.io/api/image/3/context.json"
                        }
                    ]
                }
            ],
            "items": [
                {
                    "id": "https://www.memoriademadrid.es/iiif/3/1245128",
                    "type": "AnnotationPage",
                    "items": [
                        {
                            "id": "https://www.memoriademadrid.es/iiif/3/1245128",
                            "type": "Annotation",
                            "motivation": "painting",
                            "target": "https://www.memoriademadrid.es/iiif/3/1245128",
                            "body": {
                                "id": "https://www.memoriademadrid.es/iiif/3/1245128/full/^725,/0/default.jpg",
                                "type": "Image",
                                "format": "image/jpeg",
                                "width": 725,
                                "height": 1112,
                                "service": [
                                    {
                                        "id": "https://www.memoriademadrid.es/iiif/2/1245128",
                                        "profile": "http://iiif.io/api/image/2/level2.json",
                                        "type": "ImageService2"
                                    }
                                ]
                            }
                        }
                    ]
                }
            ]
        }
    ],
    "structures": []
}