{
    "id": "https://www.memoriademadrid.es/iiif/manifest/398673",
    "@context": "http://iiif.io/api/presentation/3/context.json",
    "type": "Manifest",
    "label": {
        "es": [
            "San Isidro labrador con \u00e1ngel y bueyes"
        ]
    },
    "summary": {
        "es": [
            "Madera y cart\u00f3n moldeados y policromados\r\n28 x 16 x 16 cm.\r\nGrupo compuesto por el \u00e1ngel conduciendo una yunta consta de dos piezas que encajan entre s\u00ed y est\u00e1 realizado a menor escala que el santo. El \u00e1ngel, con grandes alas blancas medio desplegadas aparece representado como un adolescente de corta melena partida en el centro y sujeta por una diadema dorada. Viste una amplia t\u00fanica color verde claro ce\u00f1ida a la cintura con un cintur\u00f3n verde oscuro y ribeteada con una franja del mismo color en el bajo y las mangas, que se recogen por debajo de los codos con dos especies de broches dorados. El mismo aspecto tiene el colgante que de una cinta verde lleva pendido sobre el pecho. Calza sandalias de tiras de cuero. Aparece caminando, con los brazos ligeramente levantados en actitud de conducir los bueyes sobre una base de forma hexagonal que encaja en una muesca con id\u00e9ntica forma existente en la base sobre la que apoya la yunta."
        ]
    },
    "homepage": [
        {
            "id": "https://www.memoriademadrid.es/view/398673",
            "type": "Text",
            "label": {
                "es": [
                    "Home Page"
                ]
            },
            "format": "text/html"
        }
    ],
    "behavior": [
        "continuous"
    ],
    "thumbnail": [
        {
            "id": "https://www.memoriademadrid.es/thumbnail/398673",
            "type": "Image",
            "format": "image/jpeg",
            "width": 1024,
            "height": 683
        }
    ],
    "metadata": [
        {
            "label": {
                "es": [
                    "edm:isShownBy"
                ]
            },
            "value": {
                "es": [
                    "https://www.memoriademadrid.es/viewer/398673"
                ]
            }
        },
        {
            "label": {
                "es": [
                    "OpenAccess Estado"
                ]
            },
            "value": {
                "es": [
                    "PUBLISH"
                ]
            }
        },
        {
            "label": {
                "es": [
                    "OpenAccess Log"
                ]
            },
            "value": {
                "es": [
                    "Published in OpenAccess at 2024.11.01 01:45:21"
                ]
            }
        },
        {
            "label": {
                "es": [
                    "OpenAccess Enlace"
                ]
            },
            "value": {
                "es": [
                    "https://www.memoriademadrid.es/view/398673"
                ]
            }
        },
        {
            "label": {
                "es": [
                    "OpenAccess Perfil"
                ]
            },
            "value": {
                "es": [
                    "Imagen"
                ]
            }
        },
        {
            "label": {
                "es": [
                    "OpenAccess Colecci\u00f3n"
                ]
            },
            "value": {
                "es": [
                    "260321"
                ]
            }
        },
        {
            "label": {
                "es": [
                    "OpenAccess ID Esquema de Metadatos"
                ]
            },
            "value": {
                "es": [
                    "4"
                ]
            }
        },
        {
            "label": {
                "es": [
                    "OpenAccess Nombre"
                ]
            },
            "value": {
                "es": [
                    "San Isidro labrador con \u00e1ngel y bueyes"
                ]
            }
        },
        {
            "label": {
                "es": [
                    "ImportadoDesde"
                ]
            },
            "value": {
                "es": [
                    "Vargas"
                ]
            }
        },
        {
            "label": {
                "es": [
                    "A\u00f1o Publicaci\u00f3n"
                ]
            },
            "value": {
                "es": [
                    "1881"
                ]
            }
        },
        {
            "label": {
                "es": [
                    "Notas (privadas)"
                ]
            },
            "value": {
                "es": [
                    "Especial San Isidro. El Santo"
                ]
            }
        },
        {
            "label": {
                "es": [
                    "edm:object"
                ]
            },
            "value": {
                "es": [
                    "https://www.memoriademadrid.es/thumbnail/398673"
                ]
            }
        },
        {
            "label": {
                "es": [
                    "Formato"
                ]
            },
            "value": {
                "es": [
                    "image/jpeg"
                ]
            }
        },
        {
            "label": {
                "es": [
                    "Tipo de recurso"
                ]
            },
            "value": {
                "es": [
                    "IMAGE"
                ]
            }
        },
        {
            "label": {
                "es": [
                    "Editor"
                ]
            },
            "value": {
                "es": [
                    "Ayuntamiento de Madrid. \u00c1rea de Las Artes"
                ]
            }
        },
        {
            "label": {
                "es": [
                    "Fecha de creaci\u00f3n final"
                ]
            },
            "value": {
                "es": [
                    "1881-12-31"
                ]
            }
        },
        {
            "label": {
                "es": [
                    "Idioma"
                ]
            },
            "value": {
                "es": [
                    "spa"
                ]
            }
        },
        {
            "label": {
                "es": [
                    "Clase de Patrimonio"
                ]
            },
            "value": {
                "es": [
                    "Patrimonio Art\u00edstico"
                ]
            }
        },
        {
            "label": {
                "es": [
                    "Instituci\u00f3n"
                ]
            },
            "value": {
                "es": [
                    "Museo de San Isidro"
                ]
            }
        },
        {
            "label": {
                "es": [
                    "ID Vargas"
                ]
            },
            "value": {
                "es": [
                    "22642"
                ]
            }
        },
        {
            "label": {
                "es": [
                    "T\u00edtulo"
                ]
            },
            "value": {
                "es": [
                    "San Isidro labrador con \u00e1ngel y bueyes"
                ]
            }
        },
        {
            "label": {
                "es": [
                    "Fecha del registro"
                ]
            },
            "value": {
                "es": [
                    "2012-07-05"
                ]
            }
        },
        {
            "label": {
                "es": [
                    "Fecha de creaci\u00f3n inicial"
                ]
            },
            "value": {
                "es": [
                    "1881-01-01"
                ]
            }
        },
        {
            "label": {
                "es": [
                    "Descripci\u00f3n"
                ]
            },
            "value": {
                "es": [
                    "Madera y cart\u00f3n moldeados y policromados\r\n28 x 16 x 16 cm.\r\nGrupo compuesto por el \u00e1ngel conduciendo una yunta consta de dos piezas que encajan entre s\u00ed y est\u00e1 realizado a menor escala que el santo. El \u00e1ngel, con grandes alas blancas medio desplegadas aparece representado como un adolescente de corta melena partida en el centro y sujeta por una diadema dorada. Viste una amplia t\u00fanica color verde claro ce\u00f1ida a la cintura con un cintur\u00f3n verde oscuro y ribeteada con una franja del mismo color en el bajo y las mangas, que se recogen por debajo de los codos con dos especies de broches dorados. El mismo aspecto tiene el colgante que de una cinta verde lleva pendido sobre el pecho. Calza sandalias de tiras de cuero. Aparece caminando, con los brazos ligeramente levantados en actitud de conducir los bueyes sobre una base de forma hexagonal que encaja en una muesca con id\u00e9ntica forma existente en la base sobre la que apoya la yunta."
                ]
            }
        },
        {
            "label": {
                "es": [
                    "Tipo de documento"
                ]
            },
            "value": {
                "es": [
                    "Escultura"
                ]
            }
        },
        {
            "label": {
                "es": [
                    "Signatura"
                ]
            },
            "value": {
                "es": [
                    "Inv. CE2006/7/1/02"
                ]
            }
        },
        {
            "label": {
                "es": [
                    "Materia"
                ]
            },
            "value": {
                "es": [
                    "Santos"
                ]
            }
        },
        {
            "label": {
                "es": [
                    "Comentarios (p\u00fablico)"
                ]
            },
            "value": {
                "es": [
                    "A pesar de que las esculturas de santos realizadas en Olot son seguramente una de las manifestaciones m\u00e1s caracter\u00edsticas del arte religioso del siglo XX nunca han sido valoradas de manera adecuada. Los encargados de modelar las figuras originales eran personas con una fuerte formaci\u00f3n en este campo adquirida en instituciones de larga tradici\u00f3n en esta poblaci\u00f3n gerundense como la \"Escuela de Dibujo\", creada en 1783 para formar al personal t\u00e9cnico dedicado a dise\u00f1ar los estampados que decorar\u00edan las indianas que all\u00ed se fabricaban o el \"Centro Art\u00edstico\" creado en 1869 por Joaquim Vayreda, fundador posteriormente del propio taller \"El Arte Cristiano\", para la conservaci\u00f3n y restauraci\u00f3n de obras de arte. As\u00ed pues, aunque nos encontremos ante una producci\u00f3n industrial en serie los objetos as\u00ed obtenidos pose\u00edan desde su origen un indudable valor est\u00e9tico. \r\nForma conjunto con San Isidro 2006/7/1/01(figura de San Isidro) y 2006/7/1/03 (correspondiente a la pieza de los bueyes)"
                ]
            }
        },
        {
            "label": {
                "es": [
                    "Derechos"
                ]
            },
            "value": {
                "es": [
                    "http://creativecommons.org/licenses/by-nc/4.0/"
                ]
            }
        }
    ],
    "items": [
        {
            "id": "https://www.memoriademadrid.es/iiif/398673/canvas/p1",
            "type": "Canvas",
            "label": {
                "es": [
                    1
                ]
            },
            "width": 900,
            "height": 600,
            "thumbnail": [
                {
                    "id": "https://www.memoriademadrid.es/iiif/3/798510/full/^500,/0/default.jpg",
                    "type": "Image",
                    "format": "image/jpeg",
                    "width": 500,
                    "height": 333,
                    "services": [
                        {
                            "id": "https://www.memoriademadrid.es/iiif/3/798510",
                            "profile": "http://iiif.io/api/image/3/level1.json",
                            "@type": "http://iiif.io/api/image/3/context.json"
                        }
                    ]
                }
            ],
            "items": [
                {
                    "id": "https://www.memoriademadrid.es/iiif/3/798510",
                    "type": "AnnotationPage",
                    "items": [
                        {
                            "id": "https://www.memoriademadrid.es/iiif/3/798510",
                            "type": "Annotation",
                            "motivation": "painting",
                            "target": "https://www.memoriademadrid.es/iiif/3/798510",
                            "body": {
                                "id": "https://www.memoriademadrid.es/iiif/3/798510/full/^900,/0/default.jpg",
                                "type": "Image",
                                "format": "image/jpeg",
                                "width": 900,
                                "height": 600,
                                "service": [
                                    {
                                        "id": "https://www.memoriademadrid.es/iiif/2/798510",
                                        "profile": "http://iiif.io/api/image/2/level2.json",
                                        "type": "ImageService2"
                                    }
                                ]
                            }
                        }
                    ]
                }
            ]
        }
    ],
    "structures": []
}