{
    "id": "https://www.memoriademadrid.es/iiif/manifest/398999",
    "@context": "http://iiif.io/api/presentation/3/context.json",
    "type": "Manifest",
    "label": {
        "es": [
            "Plano de reforma de la Puerta del Sol y sus calles afluentes propuesto por la Direcci\u00f3n facultativa de las obras y aprobado por Real Orden de 15 de agosto de 1859"
        ]
    },
    "summary": {
        "es": [
            "71 x 98 cm.\r\nEscala 1/400."
        ]
    },
    "homepage": [
        {
            "id": "https://www.memoriademadrid.es/view/398999",
            "type": "Text",
            "label": {
                "es": [
                    "Home Page"
                ]
            },
            "format": "text/html"
        }
    ],
    "behavior": [
        "continuous"
    ],
    "thumbnail": [
        {
            "id": "https://www.memoriademadrid.es/thumbnail/398999",
            "type": "Image",
            "format": "image/jpeg",
            "width": 1024,
            "height": 740
        }
    ],
    "metadata": [
        {
            "label": {
                "es": [
                    "Formato"
                ]
            },
            "value": {
                "es": [
                    "image/jpeg"
                ]
            }
        },
        {
            "label": {
                "es": [
                    "VisorMapa"
                ]
            },
            "value": {
                "es": [
                    "SXIXCastro"
                ]
            }
        },
        {
            "label": {
                "es": [
                    "OpenAccess Perfil"
                ]
            },
            "value": {
                "es": [
                    "Imagen"
                ]
            }
        },
        {
            "label": {
                "es": [
                    "OpenAccess Colecci\u00f3n"
                ]
            },
            "value": {
                "es": [
                    "260321"
                ]
            }
        },
        {
            "label": {
                "es": [
                    "OpenAccess ID Esquema de Metadatos"
                ]
            },
            "value": {
                "es": [
                    "4"
                ]
            }
        },
        {
            "label": {
                "es": [
                    "OpenAccess Nombre"
                ]
            },
            "value": {
                "es": [
                    "Plano de reforma de la Puerta del Sol y sus calles afluentes propuesto por la Direcci\u00f3n facultativa de las obras y aprobado por Real Orden de 15 de agosto de 1859"
                ]
            }
        },
        {
            "label": {
                "es": [
                    "ImportadoDesde"
                ]
            },
            "value": {
                "es": [
                    "Vargas"
                ]
            }
        },
        {
            "label": {
                "es": [
                    "ID Vargas"
                ]
            },
            "value": {
                "es": [
                    "218048"
                ]
            }
        },
        {
            "label": {
                "es": [
                    "A\u00f1o Publicaci\u00f3n"
                ]
            },
            "value": {
                "es": [
                    "1860"
                ]
            }
        },
        {
            "label": {
                "es": [
                    "OpenAccess Log"
                ]
            },
            "value": {
                "es": [
                    "Updated in OpenAccess at 2025.05.30 06:03:06"
                ]
            }
        },
        {
            "label": {
                "es": [
                    "Notas (privadas)"
                ]
            },
            "value": {
                "es": [
                    "Reconstrucci\u00f3n de la Puerta del Sol. Proyectos"
                ]
            }
        },
        {
            "label": {
                "es": [
                    "Clase de Patrimonio"
                ]
            },
            "value": {
                "es": [
                    "Patrimonio documental"
                ]
            }
        },
        {
            "label": {
                "es": [
                    "Tipo de recurso"
                ]
            },
            "value": {
                "es": [
                    "IMAGE"
                ]
            }
        },
        {
            "label": {
                "es": [
                    "Editor"
                ]
            },
            "value": {
                "es": [
                    "Ayuntamiento de Madrid"
                ]
            }
        },
        {
            "label": {
                "es": [
                    "Latitud/Longitud WGS 84"
                ]
            },
            "value": {
                "es": [
                    "40.41692384,-3.70323141"
                ]
            }
        },
        {
            "label": {
                "es": [
                    "URL Derechos"
                ]
            },
            "value": {
                "es": [
                    "<a href=http://creativecommons.org/licenses/by-nc/4.0/ >Creative Commons BY-NC 4.0</a>"
                ]
            }
        },
        {
            "label": {
                "es": [
                    "OpenAccess Estado"
                ]
            },
            "value": {
                "es": [
                    "PUBLISH"
                ]
            }
        },
        {
            "label": {
                "es": [
                    "OpenAccess Enlace"
                ]
            },
            "value": {
                "es": [
                    "https://www.memoriademadrid.es/view/398999"
                ]
            }
        },
        {
            "label": {
                "es": [
                    "edm:isShownBy"
                ]
            },
            "value": {
                "es": [
                    "https://www.memoriademadrid.es/viewer/398999"
                ]
            }
        },
        {
            "label": {
                "es": [
                    "Idioma"
                ]
            },
            "value": {
                "es": [
                    "spa"
                ]
            }
        },
        {
            "label": {
                "es": [
                    "edm:object"
                ]
            },
            "value": {
                "es": [
                    "https://www.memoriademadrid.es/thumbnail/398999"
                ]
            }
        },
        {
            "label": {
                "es": [
                    "Instituci\u00f3n"
                ]
            },
            "value": {
                "es": [
                    "Archivo de Villa"
                ]
            }
        },
        {
            "label": {
                "es": [
                    "edm:provider"
                ]
            },
            "value": {
                "es": [
                    "Hispana"
                ]
            }
        },
        {
            "label": {
                "es": [
                    "Autor"
                ]
            },
            "value": {
                "es": [
                    "Lucio del VALLE ARANA"
                ]
            }
        },
        {
            "label": {
                "es": [
                    "T\u00edtulo"
                ]
            },
            "value": {
                "es": [
                    "Plano de reforma de la Puerta del Sol y sus calles afluentes propuesto por la Direcci\u00f3n facultativa de las obras y aprobado por Real Orden de 15 de agosto de 1859"
                ]
            }
        },
        {
            "label": {
                "es": [
                    "Fecha del registro"
                ]
            },
            "value": {
                "es": [
                    "2016-01-11"
                ]
            }
        },
        {
            "label": {
                "es": [
                    "Fecha de creaci\u00f3n inicial"
                ]
            },
            "value": {
                "es": [
                    "1860-04-23"
                ]
            }
        },
        {
            "label": {
                "es": [
                    "Lugar"
                ]
            },
            "value": {
                "es": [
                    "Madrid"
                ]
            }
        },
        {
            "label": {
                "es": [
                    "Descripci\u00f3n"
                ]
            },
            "value": {
                "es": [
                    "71 x 98 cm.\r\nEscala 1/400."
                ]
            }
        },
        {
            "label": {
                "es": [
                    "Tipo de documento"
                ]
            },
            "value": {
                "es": [
                    "Planos"
                ]
            }
        },
        {
            "label": {
                "es": [
                    "Signatura"
                ]
            },
            "value": {
                "es": [
                    "0,49-1-19"
                ]
            }
        },
        {
            "label": {
                "es": [
                    "Materia"
                ]
            },
            "value": {
                "es": [
                    "Puerta del Sol"
                ]
            }
        },
        {
            "label": {
                "es": [
                    "Comentarios (p\u00fablico)"
                ]
            },
            "value": {
                "es": [
                    "El 19 de agosto de 1859 se empieza a anunciar en la prensa la inminencia de la medici\u00f3n de los nuevos solares surgidos del nuevo plano del proyecto de reforma. El diario La Espa\u00f1a aclara sus lectores de que el mencionado proyecto no es el aprobado en ley en 1857 ni tampoco el presentado por la Academia de San Fernando, sino uno nuevo presentado por el Consejo de Administraci\u00f3n de las obras realizado por su director Lucio del Valle. La Espa\u00f1a describe el proyecto de la siguiente manera:\r\n\r\n\"Ad\u00f3ptase en \u00e9l una forma que se acerca mucho al semic\u00edrculo completo, pues forma una curva bastante entrante para dar casi doble extension a la nueva plaza. No se ha tomado por centro el edificio que ocupa el ministerio de la Gobernaci\u00f3n, porque concluida la nueva construcci\u00f3n quedar\u00e1 sin la importancia que antes recib\u00eda de la angostura del sitio y de la mezquindad de las casas que tenia al frente. El punto central del semi-c\u00edrculo o casi semi-c\u00edrculo estar\u00e1 pr\u00f3ximamente \u00e1 la entrada de la calle de Carretas \u00e1 esquina del ministerio de la Gobernaci\u00f3n.\r\n\r\nCon la nueva forma la plaza tendr\u00e1 mas espaciosidad y los edificios ostentar\u00e1n mejor su elegancia y buen gusto arquitect\u00f3nico. Ser\u00e1n de tres pisos y entresuelo, este igual al de las nuevas casas de la izquierda de la calle de Carretas, terminando con una elegante balaustrada. \r\n\r\nDesaparece la calle de la Zarza y se da nueva direcci\u00f3n a la de Preciados, de suerte que vendr\u00e1 a desembocar enfrente de la puerta del ministerio; la del Carmen tambi\u00e9n recibe una ligera modiflcaci\u00f3n\"."
                ]
            }
        },
        {
            "label": {
                "es": [
                    "Derechos"
                ]
            },
            "value": {
                "es": [
                    "http://creativecommons.org/licenses/by-nc/4.0/"
                ]
            }
        }
    ],
    "items": [
        {
            "id": "https://www.memoriademadrid.es/iiif/398999/canvas/p1",
            "type": "Canvas",
            "label": {
                "es": [
                    1
                ]
            },
            "width": 1300,
            "height": 940,
            "thumbnail": [
                {
                    "id": "https://www.memoriademadrid.es/iiif/3/1262467/full/^500,/0/default.jpg",
                    "type": "Image",
                    "format": "image/jpeg",
                    "width": 500,
                    "height": 362,
                    "services": [
                        {
                            "id": "https://www.memoriademadrid.es/iiif/3/1262467",
                            "profile": "http://iiif.io/api/image/3/level1.json",
                            "@type": "http://iiif.io/api/image/3/context.json"
                        }
                    ]
                }
            ],
            "items": [
                {
                    "id": "https://www.memoriademadrid.es/iiif/3/1262467",
                    "type": "AnnotationPage",
                    "items": [
                        {
                            "id": "https://www.memoriademadrid.es/iiif/3/1262467",
                            "type": "Annotation",
                            "motivation": "painting",
                            "target": "https://www.memoriademadrid.es/iiif/3/1262467",
                            "body": {
                                "id": "https://www.memoriademadrid.es/iiif/3/1262467/full/^1000,/0/default.jpg",
                                "type": "Image",
                                "format": "image/jpeg",
                                "width": 1300,
                                "height": 940,
                                "service": [
                                    {
                                        "id": "https://www.memoriademadrid.es/iiif/2/1262467",
                                        "profile": "http://iiif.io/api/image/2/level2.json",
                                        "type": "ImageService2"
                                    }
                                ]
                            }
                        }
                    ]
                }
            ]
        },
        {
            "id": "https://www.memoriademadrid.es/iiif/398999/canvas/p2",
            "type": "Canvas",
            "label": {
                "es": [
                    2
                ]
            },
            "width": 1300,
            "height": 940,
            "thumbnail": [
                {
                    "id": "https://www.memoriademadrid.es/iiif/3/1262468/full/^500,/0/default.jpg",
                    "type": "Image",
                    "format": "image/jpeg",
                    "width": 500,
                    "height": 362,
                    "services": [
                        {
                            "id": "https://www.memoriademadrid.es/iiif/3/1262468",
                            "profile": "http://iiif.io/api/image/3/level1.json",
                            "@type": "http://iiif.io/api/image/3/context.json"
                        }
                    ]
                }
            ],
            "items": [
                {
                    "id": "https://www.memoriademadrid.es/iiif/3/1262468",
                    "type": "AnnotationPage",
                    "items": [
                        {
                            "id": "https://www.memoriademadrid.es/iiif/3/1262468",
                            "type": "Annotation",
                            "motivation": "painting",
                            "target": "https://www.memoriademadrid.es/iiif/3/1262468",
                            "body": {
                                "id": "https://www.memoriademadrid.es/iiif/3/1262468/full/^1000,/0/default.jpg",
                                "type": "Image",
                                "format": "image/jpeg",
                                "width": 1300,
                                "height": 940,
                                "service": [
                                    {
                                        "id": "https://www.memoriademadrid.es/iiif/2/1262468",
                                        "profile": "http://iiif.io/api/image/2/level2.json",
                                        "type": "ImageService2"
                                    }
                                ]
                            }
                        }
                    ]
                }
            ]
        }
    ],
    "structures": []
}