{
    "id": "https://www.memoriademadrid.es/iiif/manifest/399101",
    "@context": "http://iiif.io/api/presentation/3/context.json",
    "type": "Manifest",
    "label": {
        "es": [
            "\u00c1ngeles y su marido en el Parque de la Arganzuela"
        ]
    },
    "summary": {
        "es": [
            "Papel fotogr\u00e1fico, blanco y negro.\r\n8 x 11 cm.\r\nFotograf\u00eda compartida por \u00c1ngeles Fern\u00e1ndez Mart\u00edn."
        ]
    },
    "homepage": [
        {
            "id": "https://www.memoriademadrid.es/view/399101",
            "type": "Text",
            "label": {
                "es": [
                    "Home Page"
                ]
            },
            "format": "text/html"
        }
    ],
    "behavior": [
        "continuous"
    ],
    "thumbnail": [
        {
            "id": "https://www.memoriademadrid.es/thumbnail/399101",
            "type": "Image",
            "format": "image/jpeg",
            "width": 788,
            "height": 1024
        }
    ],
    "metadata": [
        {
            "label": {
                "es": [
                    "edm:isShownBy"
                ]
            },
            "value": {
                "es": [
                    "https://www.memoriademadrid.es/viewer/399101"
                ]
            }
        },
        {
            "label": {
                "es": [
                    "OpenAccess Estado"
                ]
            },
            "value": {
                "es": [
                    "PUBLISH"
                ]
            }
        },
        {
            "label": {
                "es": [
                    "Clase de Patrimonio"
                ]
            },
            "value": {
                "es": [
                    "Patrimonio Art\u00edstico"
                ]
            }
        },
        {
            "label": {
                "es": [
                    "OpenAccess Enlace"
                ]
            },
            "value": {
                "es": [
                    "https://www.memoriademadrid.es/view/399101"
                ]
            }
        },
        {
            "label": {
                "es": [
                    "OpenAccess Log"
                ]
            },
            "value": {
                "es": [
                    "Updated in OpenAccess at 2025.05.30 06:27:14"
                ]
            }
        },
        {
            "label": {
                "es": [
                    "OpenAccess Colecci\u00f3n"
                ]
            },
            "value": {
                "es": [
                    "224843"
                ]
            }
        },
        {
            "label": {
                "es": [
                    "OpenAccess Perfil"
                ]
            },
            "value": {
                "es": [
                    "Imagen"
                ]
            }
        },
        {
            "label": {
                "es": [
                    "OpenAccess ID Esquema de Metadatos"
                ]
            },
            "value": {
                "es": [
                    "4"
                ]
            }
        },
        {
            "label": {
                "es": [
                    "OpenAccess Nombre"
                ]
            },
            "value": {
                "es": [
                    "\u00c1ngeles y su marido en el Parque de la Arganzuela"
                ]
            }
        },
        {
            "label": {
                "es": [
                    "ImportadoDesde"
                ]
            },
            "value": {
                "es": [
                    "Vargas"
                ]
            }
        },
        {
            "label": {
                "es": [
                    "A\u00f1o Publicaci\u00f3n"
                ]
            },
            "value": {
                "es": [
                    "1969"
                ]
            }
        },
        {
            "label": {
                "es": [
                    "edm:object"
                ]
            },
            "value": {
                "es": [
                    "https://www.memoriademadrid.es/thumbnail/399101"
                ]
            }
        },
        {
            "label": {
                "es": [
                    "Formato"
                ]
            },
            "value": {
                "es": [
                    "image/jpeg"
                ]
            }
        },
        {
            "label": {
                "es": [
                    "Tipo de recurso"
                ]
            },
            "value": {
                "es": [
                    "IMAGE"
                ]
            }
        },
        {
            "label": {
                "es": [
                    "Editor"
                ]
            },
            "value": {
                "es": [
                    "Ayuntamiento de Madrid"
                ]
            }
        },
        {
            "label": {
                "es": [
                    "Latitud/Longitud WGS 84"
                ]
            },
            "value": {
                "es": [
                    "40.39945755,-3.71253453"
                ]
            }
        },
        {
            "label": {
                "es": [
                    "Idioma"
                ]
            },
            "value": {
                "es": [
                    "spa"
                ]
            }
        },
        {
            "label": {
                "es": [
                    "Instituci\u00f3n"
                ]
            },
            "value": {
                "es": [
                    "Aportaciones ciudadanas"
                ]
            }
        },
        {
            "label": {
                "es": [
                    "ID Vargas"
                ]
            },
            "value": {
                "es": [
                    "224516"
                ]
            }
        },
        {
            "label": {
                "es": [
                    "T\u00edtulo"
                ]
            },
            "value": {
                "es": [
                    "\u00c1ngeles y su marido en el Parque de la Arganzuela"
                ]
            }
        },
        {
            "label": {
                "es": [
                    "Fecha del registro"
                ]
            },
            "value": {
                "es": [
                    "2016-03-04"
                ]
            }
        },
        {
            "label": {
                "es": [
                    "Fecha de creaci\u00f3n Matiz"
                ]
            },
            "value": {
                "es": [
                    "1969"
                ]
            }
        },
        {
            "label": {
                "es": [
                    "Fecha de creaci\u00f3n inicial"
                ]
            },
            "value": {
                "es": [
                    "1969-07-01"
                ]
            }
        },
        {
            "label": {
                "es": [
                    "Lugar"
                ]
            },
            "value": {
                "es": [
                    "Madrid (Arganzuela)"
                ]
            }
        },
        {
            "label": {
                "es": [
                    "Descripci\u00f3n"
                ]
            },
            "value": {
                "es": [
                    "Papel fotogr\u00e1fico, blanco y negro.\r\n8 x 11 cm.\r\nFotograf\u00eda compartida por \u00c1ngeles Fern\u00e1ndez Mart\u00edn."
                ]
            }
        },
        {
            "label": {
                "es": [
                    "Tipo de documento"
                ]
            },
            "value": {
                "es": [
                    "Fotograf\u00edas"
                ]
            }
        },
        {
            "label": {
                "es": [
                    "Signatura"
                ]
            },
            "value": {
                "es": [
                    "MDB_BDMDM_20160211_005"
                ]
            }
        },
        {
            "label": {
                "es": [
                    "Comentarios (p\u00fablico)"
                ]
            },
            "value": {
                "es": [
                    "\u00c1ngeles Fern\u00e1ndez, donante de la foto, y su marido posando al lado de la fuente del obelisco de la Fuente Castellana, reci\u00e9n instalada en el Parque de la Arganzuela, hoy Madrid R\u00edo.\r\n\r\nEsta fuente se situaba originalmente en el Paseo de la Castellana, concretamente lo que hoy es la glorieta de Emilio Castelar, en donde permaneci\u00f3 instalado como fuente hasta el a\u00f1o 1869, cuando su pil\u00f3n se sustituy\u00f3 por un ajardinamiento y las esfinges se trasladaron a la entrada del estanque del parque de El Retiro. Posteriormente, en 1906, con motivo de la erecci\u00f3n en la llamada glorieta del Obelisco del monumento al afamado pol\u00edtico Emilio Castelar, la obra fue desmontada y posteriormente trasladada, en 1914, a la plaza de Manuel Becerra, donde recobr\u00f3 su primitivo car\u00e1cter acu\u00e1tico al a\u00f1ad\u00edrsele un vaso circular en la parte inferior y recuperar las dos esfinges-surtidores. \r\n\r\nEste conjunto permaneci\u00f3 all\u00ed hasta 1969, cuando fue reubicado en el parque de la Arganzuela junto al Manzanares, formado parte, como el elemento m\u00e1s destacado, de una nueva fuente ornamental dotada de un gran estanque el\u00edptico (de 107,00 x 57,00 m) adornado con varios juegos de agua. \r\n\r\nFuente: monumentamadrid."
                ]
            }
        },
        {
            "label": {
                "es": [
                    "Derechos"
                ]
            },
            "value": {
                "es": [
                    "http://creativecommons.org/licenses/by-nc/4.0/"
                ]
            }
        }
    ],
    "items": [
        {
            "id": "https://www.memoriademadrid.es/iiif/399101/canvas/p1",
            "type": "Canvas",
            "label": {
                "es": [
                    1
                ]
            },
            "width": 770,
            "height": 1000,
            "thumbnail": [
                {
                    "id": "https://www.memoriademadrid.es/iiif/3/1119850/full/^500,/0/default.jpg",
                    "type": "Image",
                    "format": "image/jpeg",
                    "width": 500,
                    "height": 649,
                    "services": [
                        {
                            "id": "https://www.memoriademadrid.es/iiif/3/1119850",
                            "profile": "http://iiif.io/api/image/3/level1.json",
                            "@type": "http://iiif.io/api/image/3/context.json"
                        }
                    ]
                }
            ],
            "items": [
                {
                    "id": "https://www.memoriademadrid.es/iiif/3/1119850",
                    "type": "AnnotationPage",
                    "items": [
                        {
                            "id": "https://www.memoriademadrid.es/iiif/3/1119850",
                            "type": "Annotation",
                            "motivation": "painting",
                            "target": "https://www.memoriademadrid.es/iiif/3/1119850",
                            "body": {
                                "id": "https://www.memoriademadrid.es/iiif/3/1119850/full/^770,/0/default.jpg",
                                "type": "Image",
                                "format": "image/jpeg",
                                "width": 770,
                                "height": 1000,
                                "service": [
                                    {
                                        "id": "https://www.memoriademadrid.es/iiif/2/1119850",
                                        "profile": "http://iiif.io/api/image/2/level2.json",
                                        "type": "ImageService2"
                                    }
                                ]
                            }
                        }
                    ]
                }
            ]
        },
        {
            "id": "https://www.memoriademadrid.es/iiif/399101/canvas/p2",
            "type": "Canvas",
            "label": {
                "es": [
                    2
                ]
            },
            "width": 770,
            "height": 1000,
            "thumbnail": [
                {
                    "id": "https://www.memoriademadrid.es/iiif/3/1119851/full/^500,/0/default.jpg",
                    "type": "Image",
                    "format": "image/jpeg",
                    "width": 500,
                    "height": 649,
                    "services": [
                        {
                            "id": "https://www.memoriademadrid.es/iiif/3/1119851",
                            "profile": "http://iiif.io/api/image/3/level1.json",
                            "@type": "http://iiif.io/api/image/3/context.json"
                        }
                    ]
                }
            ],
            "items": [
                {
                    "id": "https://www.memoriademadrid.es/iiif/3/1119851",
                    "type": "AnnotationPage",
                    "items": [
                        {
                            "id": "https://www.memoriademadrid.es/iiif/3/1119851",
                            "type": "Annotation",
                            "motivation": "painting",
                            "target": "https://www.memoriademadrid.es/iiif/3/1119851",
                            "body": {
                                "id": "https://www.memoriademadrid.es/iiif/3/1119851/full/^770,/0/default.jpg",
                                "type": "Image",
                                "format": "image/jpeg",
                                "width": 770,
                                "height": 1000,
                                "service": [
                                    {
                                        "id": "https://www.memoriademadrid.es/iiif/2/1119851",
                                        "profile": "http://iiif.io/api/image/2/level2.json",
                                        "type": "ImageService2"
                                    }
                                ]
                            }
                        }
                    ]
                }
            ]
        }
    ],
    "structures": []
}