{
    "id": "https://www.memoriademadrid.es/iiif/manifest/399209",
    "@context": "http://iiif.io/api/presentation/3/context.json",
    "type": "Manifest",
    "label": {
        "es": [
            "Proyecto de monumento a los Muertos por la Patria"
        ]
    },
    "summary": {
        "es": [
            "Inscripciones: \"MADRID // A LOS MUERTOS POR LA PATRIA\u201d.\r\nL\u00e1piz y acuarela sobre papel.\r\n58 x 41,5 cm.\r\n\r\nEl dibujo procede de la Biblioteca Municipal. Ingres\u00f3 en el Museo de Historia en 1963."
        ]
    },
    "homepage": [
        {
            "id": "https://www.memoriademadrid.es/view/399209",
            "type": "Text",
            "label": {
                "es": [
                    "Home Page"
                ]
            },
            "format": "text/html"
        }
    ],
    "behavior": [
        "continuous"
    ],
    "thumbnail": [
        {
            "id": "https://www.memoriademadrid.es/thumbnail/399209",
            "type": "Image",
            "format": "image/jpeg",
            "width": 736,
            "height": 1024
        }
    ],
    "metadata": [
        {
            "label": {
                "es": [
                    "Formato"
                ]
            },
            "value": {
                "es": [
                    "image/jpeg"
                ]
            }
        },
        {
            "label": {
                "es": [
                    "OpenAccess Estado"
                ]
            },
            "value": {
                "es": [
                    "PUBLISH"
                ]
            }
        },
        {
            "label": {
                "es": [
                    "OpenAccess Log"
                ]
            },
            "value": {
                "es": [
                    "Published in OpenAccess at 2024.11.01 02:27:28"
                ]
            }
        },
        {
            "label": {
                "es": [
                    "OpenAccess Enlace"
                ]
            },
            "value": {
                "es": [
                    "https://www.memoriademadrid.es/view/399209"
                ]
            }
        },
        {
            "label": {
                "es": [
                    "OpenAccess Perfil"
                ]
            },
            "value": {
                "es": [
                    "Imagen"
                ]
            }
        },
        {
            "label": {
                "es": [
                    "OpenAccess Colecci\u00f3n"
                ]
            },
            "value": {
                "es": [
                    "260321"
                ]
            }
        },
        {
            "label": {
                "es": [
                    "OpenAccess ID Esquema de Metadatos"
                ]
            },
            "value": {
                "es": [
                    "4"
                ]
            }
        },
        {
            "label": {
                "es": [
                    "OpenAccess Nombre"
                ]
            },
            "value": {
                "es": [
                    "Proyecto de monumento a los Muertos por la Patria"
                ]
            }
        },
        {
            "label": {
                "es": [
                    "ImportadoDesde"
                ]
            },
            "value": {
                "es": [
                    "Vargas"
                ]
            }
        },
        {
            "label": {
                "es": [
                    "A\u00f1o Publicaci\u00f3n"
                ]
            },
            "value": {
                "es": [
                    "1903"
                ]
            }
        },
        {
            "label": {
                "es": [
                    "Notas (privadas)"
                ]
            },
            "value": {
                "es": [
                    "Monumento a los H\u00e9roes de Cuba"
                ]
            }
        },
        {
            "label": {
                "es": [
                    "edm:object"
                ]
            },
            "value": {
                "es": [
                    "https://www.memoriademadrid.es/thumbnail/399209"
                ]
            }
        },
        {
            "label": {
                "es": [
                    "edm:isShownBy"
                ]
            },
            "value": {
                "es": [
                    "https://www.memoriademadrid.es/viewer/399209"
                ]
            }
        },
        {
            "label": {
                "es": [
                    "Tipo de recurso"
                ]
            },
            "value": {
                "es": [
                    "IMAGE"
                ]
            }
        },
        {
            "label": {
                "es": [
                    "Editor"
                ]
            },
            "value": {
                "es": [
                    "Ayuntamiento de Madrid"
                ]
            }
        },
        {
            "label": {
                "es": [
                    "Latitud/Longitud WGS 84"
                ]
            },
            "value": {
                "es": [
                    "40.43215819,-3.72773733"
                ]
            }
        },
        {
            "label": {
                "es": [
                    "Idioma"
                ]
            },
            "value": {
                "es": [
                    "spa"
                ]
            }
        },
        {
            "label": {
                "es": [
                    "Clase de Patrimonio"
                ]
            },
            "value": {
                "es": [
                    "Patrimonio Art\u00edstico"
                ]
            }
        },
        {
            "label": {
                "es": [
                    "Instituci\u00f3n"
                ]
            },
            "value": {
                "es": [
                    "Museo de Historia"
                ]
            }
        },
        {
            "label": {
                "es": [
                    "ID Vargas"
                ]
            },
            "value": {
                "es": [
                    "225733"
                ]
            }
        },
        {
            "label": {
                "es": [
                    "Autor"
                ]
            },
            "value": {
                "es": [
                    "Mariano BELM\u00c1S ESTRADA"
                ]
            }
        },
        {
            "label": {
                "es": [
                    "T\u00edtulo"
                ]
            },
            "value": {
                "es": [
                    "Proyecto de monumento a los Muertos por la Patria"
                ]
            }
        },
        {
            "label": {
                "es": [
                    "Fecha del registro"
                ]
            },
            "value": {
                "es": [
                    "2016-03-28"
                ]
            }
        },
        {
            "label": {
                "es": [
                    "Fecha de creaci\u00f3n Matiz"
                ]
            },
            "value": {
                "es": [
                    "ca. 1903"
                ]
            }
        },
        {
            "label": {
                "es": [
                    "Fecha de creaci\u00f3n inicial"
                ]
            },
            "value": {
                "es": [
                    "1903-01-01"
                ]
            }
        },
        {
            "label": {
                "es": [
                    "Lugar"
                ]
            },
            "value": {
                "es": [
                    "Madrid"
                ]
            }
        },
        {
            "label": {
                "es": [
                    "Descripci\u00f3n"
                ]
            },
            "value": {
                "es": [
                    "Inscripciones: \"MADRID // A LOS MUERTOS POR LA PATRIA\u201d.\r\nL\u00e1piz y acuarela sobre papel.\r\n58 x 41,5 cm.\r\n\r\nEl dibujo procede de la Biblioteca Municipal. Ingres\u00f3 en el Museo de Historia en 1963."
                ]
            }
        },
        {
            "label": {
                "es": [
                    "Tipo de documento"
                ]
            },
            "value": {
                "es": [
                    "Dibujos"
                ]
            }
        },
        {
            "label": {
                "es": [
                    "Signatura"
                ]
            },
            "value": {
                "es": [
                    "Inv. 16376"
                ]
            }
        },
        {
            "label": {
                "es": [
                    "Materia"
                ]
            },
            "value": {
                "es": [
                    "Monumentos desaparecidos"
                ]
            }
        },
        {
            "label": {
                "es": [
                    "Comentarios (p\u00fablico)"
                ]
            },
            "value": {
                "es": [
                    "Este monumento a los ca\u00eddos en las guerras de 1898 que desembocaron en la p\u00e9rdida de los \u00faltimos territorios espa\u00f1oles en Am\u00e9rica y Asia, las islas de Cuba y Filipinas, fue instalado en el reci\u00e9n creado Parque del Oeste hacia 1906. El monumento se ubic\u00f3 en una zona elevada al final del actual paseo de Camoens, donde hoy se encuentra el monumento a Bol\u00edvar. Por su situaci\u00f3n, sus dimensiones (25 m de altura) y su estilo grandioso era el aut\u00e9ntico protagonista del parque.\r\n\r\nFue realizado por el arquitecto Mariano Belm\u00e1s en estilo ecl\u00e9ctico con la intervenci\u00f3n del escultor Julio Gonz\u00e1lez Pola (1865-1929) que fue premiado con la primera medalla de la Exposici\u00f3n Nacional de Bellas Artes en 1908 por su proyecto de escultura Patria para este monumento. El boceto fue reproducido en bronce en una pieza y se conserva desde 1983 en el Palacio de El Pardo, procedente del Palacio Real de Madrid. La cuatro esculturas restantes, que representaban a N\u00fa\u00f1ez de Balboa, Magallanes, Villamil y Vara del Rey, fueron realizadas por Aurelio Cabrera y Gallardo (1870-1939).\r\n\r\nFue promovido por suscripci\u00f3n popular por iniciativa del comandante Burguete y de algunos miembros de la Cruz Roja espa\u00f1ola en documento que firmaron J. Mart\u00ednez Ruiz, Eduardo Marquina, Salvador Rueda, S. Rodr\u00edguez Serra, Juan Gualberto Nessi, Silverio Lanza, Jes\u00fas Fluix\u00e1, P\u00edo Baroja, etc., en el esp\u00edritu regeneracionista de sus miembros. Las bases del concurso indicaban que el monumento simbolizar\u00eda \u201cel pasado imperio colonial de Espa\u00f1a\u201d y deber\u00eda ser de grandes proporciones, severidad y sencillez con un primer cuerpo formado por una capilla \u201cdonde se pueden esculpir los nombres de los conquistadores y de todos aquellos que perdieron su vida\u201d. Sobre este primer cuerpo, un segundo, \u201cde ornamentaci\u00f3n que sea s\u00edmbolo y atributo del sacrificio glorioso de los muertos\u201d. Para su construcci\u00f3n se cre\u00f3 una junta, bajo la presidencia del general Camilo Garc\u00eda de Polavieja. El proyecto de monumento debi\u00f3 de salir a concurso en 1903. En 1906 se decidi\u00f3 en sesi\u00f3n plenaria del Ayuntamiento, con el impulso del alcalde Alberto Aguilera, que se situara en \u201clugar apropiado del Parque del Oeste, y en sitio principal que permitiera que fuese visto a su entrada en Madrid por los viajeros que llegaban a la Capital por la estaci\u00f3n del ferrocarril del Norte...\u201d. Durante la guerra sufri\u00f3 graves deterioros y aunque el Ayuntamiento anunci\u00f3 en 1954 su reconstrucci\u00f3n, no se lleg\u00f3 a realizar.\r\n\r\nComentario extra\u00eddo del libro \"Dibujos en el Museo de Historia de Madrid: arquitectura madrile\u00f1a de los siglos XIX y XX\". Madrid, 2010."
                ]
            }
        },
        {
            "label": {
                "es": [
                    "Derechos"
                ]
            },
            "value": {
                "es": [
                    "http://creativecommons.org/licenses/by-nc/4.0/"
                ]
            }
        }
    ],
    "items": [
        {
            "id": "https://www.memoriademadrid.es/iiif/399209/canvas/p1",
            "type": "Canvas",
            "label": {
                "es": [
                    1
                ]
            },
            "width": 852,
            "height": 1185,
            "thumbnail": [
                {
                    "id": "https://www.memoriademadrid.es/iiif/3/823399/full/^500,/0/default.jpg",
                    "type": "Image",
                    "format": "image/jpeg",
                    "width": 500,
                    "height": 695,
                    "services": [
                        {
                            "id": "https://www.memoriademadrid.es/iiif/3/823399",
                            "profile": "http://iiif.io/api/image/3/level1.json",
                            "@type": "http://iiif.io/api/image/3/context.json"
                        }
                    ]
                }
            ],
            "items": [
                {
                    "id": "https://www.memoriademadrid.es/iiif/3/823399",
                    "type": "AnnotationPage",
                    "items": [
                        {
                            "id": "https://www.memoriademadrid.es/iiif/3/823399",
                            "type": "Annotation",
                            "motivation": "painting",
                            "target": "https://www.memoriademadrid.es/iiif/3/823399",
                            "body": {
                                "id": "https://www.memoriademadrid.es/iiif/3/823399/full/^852,/0/default.jpg",
                                "type": "Image",
                                "format": "image/jpeg",
                                "width": 852,
                                "height": 1185,
                                "service": [
                                    {
                                        "id": "https://www.memoriademadrid.es/iiif/2/823399",
                                        "profile": "http://iiif.io/api/image/2/level2.json",
                                        "type": "ImageService2"
                                    }
                                ]
                            }
                        }
                    ]
                }
            ]
        }
    ],
    "structures": []
}