{
    "id": "https://www.memoriademadrid.es/iiif/manifest/399217",
    "@context": "http://iiif.io/api/presentation/3/context.json",
    "type": "Manifest",
    "label": {
        "es": [
            "Cerca de Madrid"
        ]
    },
    "summary": {
        "es": [
            "Direcci\u00f3n: Calle Bail\u00e9n (entre el Senado y el Centro de Estudios Pol\u00edticos y Constitucionales).\r\nDistrito: Centro.\r\ncolocada en el 9 de marzo de 2016."
        ]
    },
    "homepage": [
        {
            "id": "https://www.memoriademadrid.es/view/399217",
            "type": "Text",
            "label": {
                "es": [
                    "Home Page"
                ]
            },
            "format": "text/html"
        }
    ],
    "behavior": [
        "continuous"
    ],
    "thumbnail": [
        {
            "id": "https://www.memoriademadrid.es/thumbnail/399217",
            "type": "Image",
            "format": "image/jpeg",
            "width": 1024,
            "height": 768
        }
    ],
    "metadata": [
        {
            "label": {
                "es": [
                    "Tipo de recurso"
                ]
            },
            "value": {
                "es": [
                    "IMAGE"
                ]
            }
        },
        {
            "label": {
                "es": [
                    "OpenAccess Colecci\u00f3n"
                ]
            },
            "value": {
                "es": [
                    "364478"
                ]
            }
        },
        {
            "label": {
                "es": [
                    "OpenAccess Log"
                ]
            },
            "value": {
                "es": [
                    "Updated in OpenAccess at 2025.04.07 02:06:10"
                ]
            }
        },
        {
            "label": {
                "es": [
                    "OpenAccess Enlace"
                ]
            },
            "value": {
                "es": [
                    "https://www.memoriademadrid.es/view/399217"
                ]
            }
        },
        {
            "label": {
                "es": [
                    "OpenAccess Perfil"
                ]
            },
            "value": {
                "es": [
                    "Imagen"
                ]
            }
        },
        {
            "label": {
                "es": [
                    "OpenAccess ID Esquema de Metadatos"
                ]
            },
            "value": {
                "es": [
                    "4"
                ]
            }
        },
        {
            "label": {
                "es": [
                    "OpenAccess Nombre"
                ]
            },
            "value": {
                "es": [
                    "Cerca de Madrid"
                ]
            }
        },
        {
            "label": {
                "es": [
                    "ImportadoDesde"
                ]
            },
            "value": {
                "es": [
                    "Vargas"
                ]
            }
        },
        {
            "label": {
                "es": [
                    "Objeto master"
                ]
            },
            "value": {
                "es": [
                    "No existen coincidencias"
                ]
            }
        },
        {
            "label": {
                "es": [
                    "A\u00f1o Publicaci\u00f3n"
                ]
            },
            "value": {
                "es": [
                    "2016"
                ]
            }
        },
        {
            "label": {
                "es": [
                    "Notas (privadas)"
                ]
            },
            "value": {
                "es": [
                    "Lugares con Historia"
                ]
            }
        },
        {
            "label": {
                "es": [
                    "OpenAccess Estado"
                ]
            },
            "value": {
                "es": [
                    "PUBLISH"
                ]
            }
        },
        {
            "label": {
                "es": [
                    "edm:object"
                ]
            },
            "value": {
                "es": [
                    "https://www.memoriademadrid.es/thumbnail/399217"
                ]
            }
        },
        {
            "label": {
                "es": [
                    "Formato"
                ]
            },
            "value": {
                "es": [
                    "image/jpeg"
                ]
            }
        },
        {
            "label": {
                "es": [
                    "Editor"
                ]
            },
            "value": {
                "es": [
                    "Ayuntamiento de Madrid"
                ]
            }
        },
        {
            "label": {
                "es": [
                    "Latitud/Longitud WGS 84"
                ]
            },
            "value": {
                "es": [
                    "40.42116784,-3.7125627"
                ]
            }
        },
        {
            "label": {
                "es": [
                    "edm:isShownBy"
                ]
            },
            "value": {
                "es": [
                    "https://www.memoriademadrid.es/viewer/399217"
                ]
            }
        },
        {
            "label": {
                "es": [
                    "Idioma"
                ]
            },
            "value": {
                "es": [
                    "spa"
                ]
            }
        },
        {
            "label": {
                "es": [
                    "Clase de Patrimonio"
                ]
            },
            "value": {
                "es": [
                    "Patrimonio Urbano"
                ]
            }
        },
        {
            "label": {
                "es": [
                    "Instituci\u00f3n"
                ]
            },
            "value": {
                "es": [
                    "Patrimonio urbano"
                ]
            }
        },
        {
            "label": {
                "es": [
                    "ID Vargas"
                ]
            },
            "value": {
                "es": [
                    "225879"
                ]
            }
        },
        {
            "label": {
                "es": [
                    "T\u00edtulo"
                ]
            },
            "value": {
                "es": [
                    "Cerca de Madrid"
                ]
            }
        },
        {
            "label": {
                "es": [
                    "Fecha de creaci\u00f3n Matiz"
                ]
            },
            "value": {
                "es": [
                    "2016"
                ]
            }
        },
        {
            "label": {
                "es": [
                    "Fecha del registro"
                ]
            },
            "value": {
                "es": [
                    "2016-04-01"
                ]
            }
        },
        {
            "label": {
                "es": [
                    "Fecha de creaci\u00f3n inicial"
                ]
            },
            "value": {
                "es": [
                    "2016-04-01"
                ]
            }
        },
        {
            "label": {
                "es": [
                    "Lugar"
                ]
            },
            "value": {
                "es": [
                    "Madrid"
                ]
            }
        },
        {
            "label": {
                "es": [
                    "Descripci\u00f3n"
                ]
            },
            "value": {
                "es": [
                    "Direcci\u00f3n: Calle Bail\u00e9n (entre el Senado y el Centro de Estudios Pol\u00edticos y Constitucionales).\r\nDistrito: Centro.\r\ncolocada en el 9 de marzo de 2016."
                ]
            }
        },
        {
            "label": {
                "es": [
                    "Tipo de documento"
                ]
            },
            "value": {
                "es": [
                    "Placas conmemorativas"
                ]
            }
        },
        {
            "label": {
                "es": [
                    "Signatura"
                ]
            },
            "value": {
                "es": [
                    "s/sign"
                ]
            }
        },
        {
            "label": {
                "es": [
                    "Comentarios (p\u00fablico)"
                ]
            },
            "value": {
                "es": [
                    "Estos son los \u00faltimos vestigios que se conservan de la CERCA DE MADRID DE 1567 que fijaba los l\u00edmites de la villa en el reinado de Felipe II\r\n\r\nTras el asentamiento de la Corte en Madrid realizado por Felipe II, la ciudad experiment\u00f3 un r\u00e1pido crecimiento en extensi\u00f3n. Para limitarlo en la medida de los posible y ordenar el urbanismo capitalino, el monarca determin\u00f3 en 1567 el establecimiento de una nueva cerca que fijase los l\u00edmites de la ciudad. Dicha disposici\u00f3n prohib\u00eda adem\u00e1s la construcci\u00f3n de nuevas edificaciones fuera de ese per\u00edmetro.\r\n\r\nCumpliendo los dictados del rey, la nueva cerca fue construida de inmediato, englobando en su per\u00edmetro aquellas \u00e1reas, hasta entonces extramuros, que limitaban con la trama urbana preexistente. Estudiada por Francisco I\u00f1\u00edguez Almech (\u2018L\u00edmites y ordenanza de 1567 para la Villa de Madrid\u2019, Revista de la Biblioteca, Archivo y Museo del Ayuntamiento, n\u00ba 69, 1955) y Miguel Molina Campuzano, (\u2018Planos de Madrid de los siglos XVII y XVIII\u2019, Madrid: Instituto de Estudios de Administraci\u00f3n Local, 1960), no queda lamentablemente ning\u00fan rastro de la misma en la trama urbana actual, m\u00e1s all\u00e1 de la impronta que su trazado impuso a la configuraci\u00f3n de algunos puntos del callejero.\r\n\r\nEn la opini\u00f3n de Manuel Montero Vallejo, eminente medievalista, los vestigios materiales conservados en la calle Bail\u00e9n, inmediatos al edificio del Senado, son los \u00fanicos restos de esa cerca. El inter\u00e9s que ostenta para el conocimiento del urbanismo de Madrid justifica la existencia de esta placa en el Plan Memoria."
                ]
            }
        },
        {
            "label": {
                "es": [
                    "URL Cat\u00e1logo"
                ]
            },
            "value": {
                "es": [
                    "http://especiales.memoriademadrid.es/index/verficha/idpk/225879/id/8/obj/A/idag/25"
                ]
            }
        },
        {
            "label": {
                "es": [
                    "Derechos"
                ]
            },
            "value": {
                "es": [
                    "http://creativecommons.org/licenses/by-nc/4.0/"
                ]
            }
        },
        {
            "label": {
                "es": [
                    "Enlace Externo"
                ]
            },
            "value": {
                "es": [
                    "<a href='http://especiales.memoriademadrid.es/index/verficha/idpk/225879/id/8/obj/A/idag/25'>Ver en el cat\u00e1logo</a>"
                ]
            }
        }
    ],
    "items": [
        {
            "id": "https://www.memoriademadrid.es/iiif/399217/canvas/p1",
            "type": "Canvas",
            "label": {
                "es": [
                    1
                ]
            },
            "width": 1000,
            "height": 750,
            "thumbnail": [
                {
                    "id": "https://www.memoriademadrid.es/iiif/3/1053774/full/^500,/0/default.jpg",
                    "type": "Image",
                    "format": "image/jpeg",
                    "width": 500,
                    "height": 375,
                    "services": [
                        {
                            "id": "https://www.memoriademadrid.es/iiif/3/1053774",
                            "profile": "http://iiif.io/api/image/3/level1.json",
                            "@type": "http://iiif.io/api/image/3/context.json"
                        }
                    ]
                }
            ],
            "items": [
                {
                    "id": "https://www.memoriademadrid.es/iiif/3/1053774",
                    "type": "AnnotationPage",
                    "items": [
                        {
                            "id": "https://www.memoriademadrid.es/iiif/3/1053774",
                            "type": "Annotation",
                            "motivation": "painting",
                            "target": "https://www.memoriademadrid.es/iiif/3/1053774",
                            "body": {
                                "id": "https://www.memoriademadrid.es/iiif/3/1053774/full/^1000,/0/default.jpg",
                                "type": "Image",
                                "format": "image/jpeg",
                                "width": 1000,
                                "height": 750,
                                "service": [
                                    {
                                        "id": "https://www.memoriademadrid.es/iiif/2/1053774",
                                        "profile": "http://iiif.io/api/image/2/level2.json",
                                        "type": "ImageService2"
                                    }
                                ]
                            }
                        }
                    ]
                }
            ]
        }
    ],
    "structures": []
}