{
    "id": "https://www.memoriademadrid.es/iiif/manifest/399227",
    "@context": "http://iiif.io/api/presentation/3/context.json",
    "type": "Manifest",
    "label": {
        "es": [
            "Luisa Rold\u00e1n \"La Roldana\""
        ]
    },
    "summary": {
        "es": [
            "Direcci\u00f3n: Calle de San Buenaventura, 7.\r\nDistrito: Centro.\r\nColocada en el 30 de marzo de 2016."
        ]
    },
    "homepage": [
        {
            "id": "https://www.memoriademadrid.es/view/399227",
            "type": "Text",
            "label": {
                "es": [
                    "Home Page"
                ]
            },
            "format": "text/html"
        }
    ],
    "behavior": [
        "continuous"
    ],
    "thumbnail": [
        {
            "id": "https://www.memoriademadrid.es/thumbnail/399227",
            "type": "Image",
            "format": "image/jpeg",
            "width": 1024,
            "height": 768
        }
    ],
    "metadata": [
        {
            "label": {
                "es": [
                    "Tipo de recurso"
                ]
            },
            "value": {
                "es": [
                    "IMAGE"
                ]
            }
        },
        {
            "label": {
                "es": [
                    "OpenAccess Log"
                ]
            },
            "value": {
                "es": [
                    "Updated in OpenAccess at 2025.04.07 02:08:19"
                ]
            }
        },
        {
            "label": {
                "es": [
                    "OpenAccess Colecci\u00f3n"
                ]
            },
            "value": {
                "es": [
                    "364478"
                ]
            }
        },
        {
            "label": {
                "es": [
                    "OpenAccess Enlace"
                ]
            },
            "value": {
                "es": [
                    "https://www.memoriademadrid.es/view/399227"
                ]
            }
        },
        {
            "label": {
                "es": [
                    "OpenAccess Perfil"
                ]
            },
            "value": {
                "es": [
                    "Imagen"
                ]
            }
        },
        {
            "label": {
                "es": [
                    "OpenAccess ID Esquema de Metadatos"
                ]
            },
            "value": {
                "es": [
                    "4"
                ]
            }
        },
        {
            "label": {
                "es": [
                    "OpenAccess Nombre"
                ]
            },
            "value": {
                "es": [
                    "Luisa Rold\u00e1n \"La Roldana\""
                ]
            }
        },
        {
            "label": {
                "es": [
                    "ImportadoDesde"
                ]
            },
            "value": {
                "es": [
                    "Vargas"
                ]
            }
        },
        {
            "label": {
                "es": [
                    "Objeto master"
                ]
            },
            "value": {
                "es": [
                    "No existen coincidencias"
                ]
            }
        },
        {
            "label": {
                "es": [
                    "A\u00f1o Publicaci\u00f3n"
                ]
            },
            "value": {
                "es": [
                    "2016"
                ]
            }
        },
        {
            "label": {
                "es": [
                    "Notas (privadas)"
                ]
            },
            "value": {
                "es": [
                    "Mujeres c\u00e9lebres"
                ]
            }
        },
        {
            "label": {
                "es": [
                    "OpenAccess Estado"
                ]
            },
            "value": {
                "es": [
                    "PUBLISH"
                ]
            }
        },
        {
            "label": {
                "es": [
                    "edm:object"
                ]
            },
            "value": {
                "es": [
                    "https://www.memoriademadrid.es/thumbnail/399227"
                ]
            }
        },
        {
            "label": {
                "es": [
                    "Formato"
                ]
            },
            "value": {
                "es": [
                    "image/jpeg"
                ]
            }
        },
        {
            "label": {
                "es": [
                    "Editor"
                ]
            },
            "value": {
                "es": [
                    "Ayuntamiento de Madrid"
                ]
            }
        },
        {
            "label": {
                "es": [
                    "Latitud/Longitud WGS 84"
                ]
            },
            "value": {
                "es": [
                    "40.41137455,-3.71489504"
                ]
            }
        },
        {
            "label": {
                "es": [
                    "edm:isShownBy"
                ]
            },
            "value": {
                "es": [
                    "https://www.memoriademadrid.es/viewer/399227"
                ]
            }
        },
        {
            "label": {
                "es": [
                    "Idioma"
                ]
            },
            "value": {
                "es": [
                    "spa"
                ]
            }
        },
        {
            "label": {
                "es": [
                    "Clase de Patrimonio"
                ]
            },
            "value": {
                "es": [
                    "Patrimonio Urbano"
                ]
            }
        },
        {
            "label": {
                "es": [
                    "Instituci\u00f3n"
                ]
            },
            "value": {
                "es": [
                    "Patrimonio urbano"
                ]
            }
        },
        {
            "label": {
                "es": [
                    "ID Vargas"
                ]
            },
            "value": {
                "es": [
                    "226070"
                ]
            }
        },
        {
            "label": {
                "es": [
                    "T\u00edtulo"
                ]
            },
            "value": {
                "es": [
                    "Luisa Rold\u00e1n \"La Roldana\""
                ]
            }
        },
        {
            "label": {
                "es": [
                    "Fecha de creaci\u00f3n Matiz"
                ]
            },
            "value": {
                "es": [
                    "2016"
                ]
            }
        },
        {
            "label": {
                "es": [
                    "Fecha del registro"
                ]
            },
            "value": {
                "es": [
                    "2016-04-01"
                ]
            }
        },
        {
            "label": {
                "es": [
                    "Fecha de creaci\u00f3n inicial"
                ]
            },
            "value": {
                "es": [
                    "2016-04-01"
                ]
            }
        },
        {
            "label": {
                "es": [
                    "Lugar"
                ]
            },
            "value": {
                "es": [
                    "Madrid"
                ]
            }
        },
        {
            "label": {
                "es": [
                    "Descripci\u00f3n"
                ]
            },
            "value": {
                "es": [
                    "Direcci\u00f3n: Calle de San Buenaventura, 7.\r\nDistrito: Centro.\r\nColocada en el 30 de marzo de 2016."
                ]
            }
        },
        {
            "label": {
                "es": [
                    "Tipo de documento"
                ]
            },
            "value": {
                "es": [
                    "Placas conmemorativas"
                ]
            }
        },
        {
            "label": {
                "es": [
                    "Signatura"
                ]
            },
            "value": {
                "es": [
                    "s/sign"
                ]
            }
        },
        {
            "label": {
                "es": [
                    "Materia"
                ]
            },
            "value": {
                "es": [
                    "Escultores"
                ]
            }
        },
        {
            "label": {
                "es": [
                    "Comentarios (p\u00fablico)"
                ]
            },
            "value": {
                "es": [
                    "En torno a este lugar se levantaban las Casas del Duque del Infantado donde vivi\u00f3 la escultora LUISA ROLD\u00c1N \u201cLA ROLDANA\u201d y aqu\u00ed muri\u00f3 a los 54 a\u00f1os el 10 de abril de 1706\r\n\r\nLuisa Rold\u00e1n, conocida como \u2018La Roldana\u2019, se traslad\u00f3 a la Corte de Madrid junto a su marido e hijos en 1688, donde recibi\u00f3 por parte de Carlos II el t\u00edtulo de Escultora de C\u00e1mara, que conservar\u00eda hasta su muerte, ya bajo el reinado de Felipe V. Sin embargo, esta distinci\u00f3n no le permiti\u00f3 tener habitaci\u00f3n en las Casas del Tesoro, donde se alojaban los servidores del monarca, y tuvo que vivir en diferentes domicilios como en estas casas, propiedad del Duque del Infantado, donde, seg\u00fan consta en su partida de defunci\u00f3n, resid\u00eda en el momento de su muerte. Dicha partida ha desaparecido, pues se hallaba en la parroquia de San Andr\u00e9s y desapareci\u00f3 en la quema del Archivo Parroquial, en 1936. Queda, sin embargo, transcrita en la tesis doctoral de Elena Amat Calder\u00f3n, de 1927. \r\n\r\nLa Roldana hab\u00eda nacido en Sevilla en 1652 y era hija del c\u00e9lebre escultor barroco Pedro Rold\u00e1n. Comenz\u00f3 a trabajar en el taller de su padre desde ni\u00f1a y no tard\u00f3 en despuntar por su talento. Aunque sean muchas las obras atribuidas a su autor\u00eda, parece que no caben dudas acerca de su intervenci\u00f3n directa en algunas de las m\u00e1s importantes im\u00e1genes procesionales del barroco sevillano, como son la Virgen de Regla, de la Hermandad del Prendimiento, o la Virgen de la Estrella, de la Hermandad del mismo nombre. \r\n\r\nEn 1684 se cas\u00f3 con el escultor Luis Antonio de Los Arcos y se fue a C\u00e1diz con su familia. All\u00ed realiz\u00f3 algunos significativos trabajos como el \u2018Ecce Homo\u2019 de la Catedral de esta ciudad. Desde la ciudad gaditana se traslad\u00f3 posteriormente, en 1689, a la Corte buscando una mejora en sus condiciones econ\u00f3micas, creativas y vitales, algo que no conseguir\u00e1, aunque realizase algunas de las obras m\u00e1s  importantes de la estatuaria del barroco como son diversos Nacimientos y Sagradas Familias, o \u2018El Arc\u00e1ngel San Miguel con el Diablo a sus pies\u2019, que estaba destinado para el Monasterio de San Lorenzo de El Escorial. \r\n\r\nEntre las obras m\u00e1s destacadas de su autor\u00eda, que se conservan en Madrid, hay que mencionar el \u2018\u00c1ngel de la Guarda\u2019 y \u2018El Arc\u00e1ngel San Miguel\u2019, de las Descalzas Reales, as\u00ed como los \u00c1ngeles con los Instrumentos de la Pasi\u00f3n, que se conservan en la Colegiata de San Isidro."
                ]
            }
        },
        {
            "label": {
                "es": [
                    "URL Cat\u00e1logo"
                ]
            },
            "value": {
                "es": [
                    "http://especiales.memoriademadrid.es/index/verficha/idpk/226070/id/8/obj/A/idag/25"
                ]
            }
        },
        {
            "label": {
                "es": [
                    "Derechos"
                ]
            },
            "value": {
                "es": [
                    "http://creativecommons.org/licenses/by-nc/4.0/"
                ]
            }
        },
        {
            "label": {
                "es": [
                    "Enlace Externo"
                ]
            },
            "value": {
                "es": [
                    "<a href='http://especiales.memoriademadrid.es/index/verficha/idpk/226070/id/8/obj/A/idag/25'>Ver en el cat\u00e1logo</a>"
                ]
            }
        }
    ],
    "items": [
        {
            "id": "https://www.memoriademadrid.es/iiif/399227/canvas/p1",
            "type": "Canvas",
            "label": {
                "es": [
                    1
                ]
            },
            "width": 1000,
            "height": 750,
            "thumbnail": [
                {
                    "id": "https://www.memoriademadrid.es/iiif/3/1053789/full/^500,/0/default.jpg",
                    "type": "Image",
                    "format": "image/jpeg",
                    "width": 500,
                    "height": 375,
                    "services": [
                        {
                            "id": "https://www.memoriademadrid.es/iiif/3/1053789",
                            "profile": "http://iiif.io/api/image/3/level1.json",
                            "@type": "http://iiif.io/api/image/3/context.json"
                        }
                    ]
                }
            ],
            "items": [
                {
                    "id": "https://www.memoriademadrid.es/iiif/3/1053789",
                    "type": "AnnotationPage",
                    "items": [
                        {
                            "id": "https://www.memoriademadrid.es/iiif/3/1053789",
                            "type": "Annotation",
                            "motivation": "painting",
                            "target": "https://www.memoriademadrid.es/iiif/3/1053789",
                            "body": {
                                "id": "https://www.memoriademadrid.es/iiif/3/1053789/full/^1000,/0/default.jpg",
                                "type": "Image",
                                "format": "image/jpeg",
                                "width": 1000,
                                "height": 750,
                                "service": [
                                    {
                                        "id": "https://www.memoriademadrid.es/iiif/2/1053789",
                                        "profile": "http://iiif.io/api/image/2/level2.json",
                                        "type": "ImageService2"
                                    }
                                ]
                            }
                        }
                    ]
                }
            ]
        }
    ],
    "structures": []
}