{
    "id": "https://www.memoriademadrid.es/iiif/manifest/399787",
    "@context": "http://iiif.io/api/presentation/3/context.json",
    "type": "Manifest",
    "label": {
        "es": [
            "Demolici\u00f3n del antiguo edificio ocupado por el oratorio de San Felipe Neri en la Plazuela del \u00c1ngel"
        ]
    },
    "summary": {
        "es": [
            "Contiene Informes t\u00e9cnicos y solicitudes de subasta para acometer derribo.\r\n124 hh. en f\u00ba. y en 4\u00ba. sobre papel, y 1 plano plegado.\r\n1 alzado y 1 plano originales mss.; l\u00e1piz, tinta negra y aguadas grises sobre papel verjurado; recuadro de 418 x 280 mm. en h. de 468 x 330 mm."
        ]
    },
    "homepage": [
        {
            "id": "https://www.memoriademadrid.es/view/399787",
            "type": "Text",
            "label": {
                "es": [
                    "Home Page"
                ]
            },
            "format": "text/html"
        }
    ],
    "behavior": [
        "continuous"
    ],
    "thumbnail": [
        {
            "id": "https://www.memoriademadrid.es/thumbnail/399787",
            "type": "Image",
            "format": "image/jpeg",
            "width": 721,
            "height": 1024
        }
    ],
    "metadata": [
        {
            "label": {
                "es": [
                    "MasterCarpeta"
                ]
            },
            "value": {
                "es": [
                    "AVM_1-27-1x"
                ]
            }
        },
        {
            "label": {
                "es": [
                    "ID Vargas"
                ]
            },
            "value": {
                "es": [
                    "242170"
                ]
            }
        },
        {
            "label": {
                "es": [
                    "Objeto master"
                ]
            },
            "value": {
                "es": [
                    "128.2"
                ]
            }
        },
        {
            "label": {
                "es": [
                    "ImportadoDesde"
                ]
            },
            "value": {
                "es": [
                    "Vargas"
                ]
            }
        },
        {
            "label": {
                "es": [
                    "OpenAccess Nombre"
                ]
            },
            "value": {
                "es": [
                    "Demolici\u00f3n del antiguo edificio ocupado por el oratorio de San Felipe Neri en la Plazuela del \u00c1ngel"
                ]
            }
        },
        {
            "label": {
                "es": [
                    "OpenAccess ID Esquema de Metadatos"
                ]
            },
            "value": {
                "es": [
                    "4"
                ]
            }
        },
        {
            "label": {
                "es": [
                    "OpenAccess Colecci\u00f3n"
                ]
            },
            "value": {
                "es": [
                    "260321"
                ]
            }
        },
        {
            "label": {
                "es": [
                    "OpenAccess Perfil"
                ]
            },
            "value": {
                "es": [
                    "Imagen"
                ]
            }
        },
        {
            "label": {
                "es": [
                    "VisorMapa"
                ]
            },
            "value": {
                "es": [
                    "SXVIIIEspinosaMonteros"
                ]
            }
        },
        {
            "label": {
                "es": [
                    "A\u00f1o Publicaci\u00f3n"
                ]
            },
            "value": {
                "es": [
                    "1770"
                ]
            }
        },
        {
            "label": {
                "es": [
                    "Clase de Patrimonio"
                ]
            },
            "value": {
                "es": [
                    "Patrimonio documental"
                ]
            }
        },
        {
            "label": {
                "es": [
                    "URL Derechos"
                ]
            },
            "value": {
                "es": [
                    "<a href=http://creativecommons.org/licenses/by-nc/4.0/ >Creative Commons BY-NC 4.0</a>"
                ]
            }
        },
        {
            "label": {
                "es": [
                    "OpenAccess Log"
                ]
            },
            "value": {
                "es": [
                    "Updated in OpenAccess at 2025.12.03 12:48:03."
                ]
            }
        },
        {
            "label": {
                "es": [
                    "OpenAccess Estado"
                ]
            },
            "value": {
                "es": [
                    "PUBLISH"
                ]
            }
        },
        {
            "label": {
                "es": [
                    "OpenAccess Enlace"
                ]
            },
            "value": {
                "es": [
                    "https://www.memoriademadrid.es/view/399787"
                ]
            }
        },
        {
            "label": {
                "es": [
                    "edm:isShownBy"
                ]
            },
            "value": {
                "es": [
                    "https://www.memoriademadrid.es/viewer/399787"
                ]
            }
        },
        {
            "label": {
                "es": [
                    "edm:object"
                ]
            },
            "value": {
                "es": [
                    "https://www.memoriademadrid.es/thumbnail/399787"
                ]
            }
        },
        {
            "label": {
                "es": [
                    "edm:provider"
                ]
            },
            "value": {
                "es": [
                    "Hispana"
                ]
            }
        },
        {
            "label": {
                "es": [
                    "Notas (privadas)"
                ]
            },
            "value": {
                "es": [
                    "Exposici\u00f3n Ventura Rodr\u00edguez. Arquitecto Mayor de Madrid"
                ]
            }
        },
        {
            "label": {
                "es": [
                    "Fecha digitalizacion"
                ]
            },
            "value": {
                "es": [
                    "2017-01-12"
                ]
            }
        },
        {
            "label": {
                "es": [
                    "Instituci\u00f3n"
                ]
            },
            "value": {
                "es": [
                    "Archivo de Villa"
                ]
            }
        },
        {
            "label": {
                "es": [
                    "Idioma"
                ]
            },
            "value": {
                "es": [
                    "spa"
                ]
            }
        },
        {
            "label": {
                "es": [
                    "Fecha de creaci\u00f3n final"
                ]
            },
            "value": {
                "es": [
                    "1775-12-15"
                ]
            }
        },
        {
            "label": {
                "es": [
                    "Latitud/Longitud WGS 84"
                ]
            },
            "value": {
                "es": [
                    "40.4143129,-3.7014914"
                ]
            }
        },
        {
            "label": {
                "es": [
                    "Editor"
                ]
            },
            "value": {
                "es": [
                    "Ayuntamiento de Madrid"
                ]
            }
        },
        {
            "label": {
                "es": [
                    "Tipo de recurso"
                ]
            },
            "value": {
                "es": [
                    "TEXT"
                ]
            }
        },
        {
            "label": {
                "es": [
                    "Formato"
                ]
            },
            "value": {
                "es": [
                    "image/jpeg"
                ]
            }
        },
        {
            "label": {
                "es": [
                    "T\u00edtulo"
                ]
            },
            "value": {
                "es": [
                    "Demolici\u00f3n del antiguo edificio ocupado por el oratorio de San Felipe Neri en la Plazuela del \u00c1ngel"
                ]
            }
        },
        {
            "label": {
                "es": [
                    "Fecha de creaci\u00f3n Matiz"
                ]
            },
            "value": {
                "es": [
                    "1770-1775"
                ]
            }
        },
        {
            "label": {
                "es": [
                    "Fecha de creaci\u00f3n inicial"
                ]
            },
            "value": {
                "es": [
                    "1770-03-03"
                ]
            }
        },
        {
            "label": {
                "es": [
                    "Fecha del registro"
                ]
            },
            "value": {
                "es": [
                    "2017-01-10"
                ]
            }
        },
        {
            "label": {
                "es": [
                    "Lugar"
                ]
            },
            "value": {
                "es": [
                    "Madrid"
                ]
            }
        },
        {
            "label": {
                "es": [
                    "Descripci\u00f3n"
                ]
            },
            "value": {
                "es": [
                    "Contiene Informes t\u00e9cnicos y solicitudes de subasta para acometer derribo.\r\n124 hh. en f\u00ba. y en 4\u00ba. sobre papel, y 1 plano plegado.\r\n1 alzado y 1 plano originales mss.; l\u00e1piz, tinta negra y aguadas grises sobre papel verjurado; recuadro de 418 x 280 mm. en h. de 468 x 330 mm."
                ]
            }
        },
        {
            "label": {
                "es": [
                    "Tipo de documento"
                ]
            },
            "value": {
                "es": [
                    "Obras municipales"
                ]
            }
        },
        {
            "label": {
                "es": [
                    "Signatura"
                ]
            },
            "value": {
                "es": [
                    "1-27-1"
                ]
            }
        },
        {
            "label": {
                "es": [
                    "Materia"
                ]
            },
            "value": {
                "es": [
                    "Plaza del \u00c1ngel",
                    "Rodr\u00edguez Tiz\u00f3n, Ventura (1717-1785)"
                ]
            }
        },
        {
            "label": {
                "es": [
                    "Comentarios (p\u00fablico)"
                ]
            },
            "value": {
                "es": [
                    "Licencia de demolici\u00f3n con objeto de poner fin al abandono y peligrosidad del antiguo edificio ocupado por los Padres de San Felipe de Neri, y para el ensanche de la plazuela.\r\n\r\nIncluye dibujo restaurado.\r\n\r\nLa peque\u00f1a plaza del \u00c1ngel es consecuencia del derribo del convento de los cl\u00e9rigos menores de San Felipe Neri. El 3 de julio de 1770 se acuerda el derribo, que se inicia en octubre y se finaliza a comienzos de 1771. Su supervisi\u00f3n recay\u00f3 en el maestro mayor de Madrid, Ventura Rodr\u00edguez.\r\nEl acuerdo inicial municipal preve\u00eda la dotaci\u00f3n de este nuevo espacio p\u00fablico con una fuente, aprovechando el caudal del viaje de agua que surt\u00eda al convento, y una cruz en recuerdo del uso sagrado del lugar. A finales de 1770 el maestro mayor formaliza un primer proyecto de la cruz sobre un pedestal y cuatro recantones de defensa, todo ello construido en piedra, tratando de reducir los costes, se decide construir la cruz en madera. En 1773 la Junta de Propios decide finalmente la ejecuci\u00f3nde la cruz en piedra; es a este segundo momento del proceso al que corresponde el dise\u00f1o del maestro mayor conservado en el archivo municipal.\r\nEl pensamiento inicial de la fuente no se realiz\u00f3, quedando presidida la plaza por este monumento durante cerca de cuarenta a\u00f1os. En 1805 se decide retirar las cruces de los lugares p\u00fablicos a causa de las profanaciones, traslad\u00e1ndose finalmente la cruz dise\u00f1ada por don Ventura al Cementerio General del Sur, proyectado en 1814 por su disc\u00edpulo Juan Antonio Cuervo; lamentablemente, tras el derribo del mismo en la primera mitad del siglo XX, se desconoce el paradero de este monumento. (...)\r\n\r\nComentario extra\u00eddo del Cat\u00e1logo de la exposici\u00f3n \"Ventura Rodr\u00edguez y Madrid en las colecciones municipales\"."
                ]
            }
        },
        {
            "label": {
                "es": [
                    "Derechos"
                ]
            },
            "value": {
                "es": [
                    "http://creativecommons.org/licenses/by-nc/4.0/"
                ]
            }
        }
    ],
    "items": [
        {
            "id": "https://www.memoriademadrid.es/iiif/399787/canvas/p1",
            "type": "Canvas",
            "label": {
                "es": [
                    1
                ]
            },
            "width": 1000,
            "height": 1420,
            "thumbnail": [
                {
                    "id": "https://www.memoriademadrid.es/iiif/3/1265434/full/^500,/0/default.jpg",
                    "type": "Image",
                    "format": "image/jpeg",
                    "width": 500,
                    "height": 710,
                    "services": [
                        {
                            "id": "https://www.memoriademadrid.es/iiif/3/1265434",
                            "profile": "http://iiif.io/api/image/3/level1.json",
                            "@type": "http://iiif.io/api/image/3/context.json"
                        }
                    ]
                }
            ],
            "items": [
                {
                    "id": "https://www.memoriademadrid.es/iiif/3/1265434",
                    "type": "AnnotationPage",
                    "items": [
                        {
                            "id": "https://www.memoriademadrid.es/iiif/3/1265434",
                            "type": "Annotation",
                            "motivation": "painting",
                            "target": "https://www.memoriademadrid.es/iiif/3/1265434",
                            "body": {
                                "id": "https://www.memoriademadrid.es/iiif/3/1265434/full/^1000,/0/default.jpg",
                                "type": "Image",
                                "format": "image/jpeg",
                                "width": 1000,
                                "height": 1420,
                                "service": [
                                    {
                                        "id": "https://www.memoriademadrid.es/iiif/2/1265434",
                                        "profile": "http://iiif.io/api/image/2/level2.json",
                                        "type": "ImageService2"
                                    }
                                ]
                            }
                        }
                    ]
                }
            ]
        },
        {
            "id": "https://www.memoriademadrid.es/iiif/399787/canvas/p2",
            "type": "Canvas",
            "label": {
                "es": [
                    2
                ]
            },
            "width": 1000,
            "height": 1420,
            "thumbnail": [
                {
                    "id": "https://www.memoriademadrid.es/iiif/3/1265437/full/^500,/0/default.jpg",
                    "type": "Image",
                    "format": "image/jpeg",
                    "width": 500,
                    "height": 710,
                    "services": [
                        {
                            "id": "https://www.memoriademadrid.es/iiif/3/1265437",
                            "profile": "http://iiif.io/api/image/3/level1.json",
                            "@type": "http://iiif.io/api/image/3/context.json"
                        }
                    ]
                }
            ],
            "items": [
                {
                    "id": "https://www.memoriademadrid.es/iiif/3/1265437",
                    "type": "AnnotationPage",
                    "items": [
                        {
                            "id": "https://www.memoriademadrid.es/iiif/3/1265437",
                            "type": "Annotation",
                            "motivation": "painting",
                            "target": "https://www.memoriademadrid.es/iiif/3/1265437",
                            "body": {
                                "id": "https://www.memoriademadrid.es/iiif/3/1265437/full/^1000,/0/default.jpg",
                                "type": "Image",
                                "format": "image/jpeg",
                                "width": 1000,
                                "height": 1420,
                                "service": [
                                    {
                                        "id": "https://www.memoriademadrid.es/iiif/2/1265437",
                                        "profile": "http://iiif.io/api/image/2/level2.json",
                                        "type": "ImageService2"
                                    }
                                ]
                            }
                        }
                    ]
                }
            ]
        }
    ],
    "structures": []
}