{
    "id": "https://www.memoriademadrid.es/iiif/manifest/400193",
    "@context": "http://iiif.io/api/presentation/3/context.json",
    "type": "Manifest",
    "label": {
        "es": [
            "Exposici\u00f3n Pasillo Verde ferroviario"
        ]
    },
    "summary": {
        "es": [
            "Papel fotogr\u00e1fico. Color.\r\n13 x 18 cm.\r\nImagen compartida por Unidad de Actividades Culturales Junta Municipal de Arganzuela."
        ]
    },
    "homepage": [
        {
            "id": "https://www.memoriademadrid.es/view/400193",
            "type": "Text",
            "label": {
                "es": [
                    "Home Page"
                ]
            },
            "format": "text/html"
        }
    ],
    "behavior": [
        "continuous"
    ],
    "thumbnail": [
        {
            "id": "https://www.memoriademadrid.es/thumbnail/400193",
            "type": "Image",
            "format": "image/jpeg",
            "width": 1024,
            "height": 722
        }
    ],
    "metadata": [
        {
            "label": {
                "es": [
                    "Formato"
                ]
            },
            "value": {
                "es": [
                    "image/jpeg"
                ]
            }
        },
        {
            "label": {
                "es": [
                    "OpenAccess Colecci\u00f3n"
                ]
            },
            "value": {
                "es": [
                    "224843"
                ]
            }
        },
        {
            "label": {
                "es": [
                    "OpenAccess Log"
                ]
            },
            "value": {
                "es": [
                    "Updated in OpenAccess at 2025.04.14 07:00:31"
                ]
            }
        },
        {
            "label": {
                "es": [
                    "OpenAccess Estado"
                ]
            },
            "value": {
                "es": [
                    "PUBLISH"
                ]
            }
        },
        {
            "label": {
                "es": [
                    "OpenAccess Enlace"
                ]
            },
            "value": {
                "es": [
                    "https://www.memoriademadrid.es/view/400193"
                ]
            }
        },
        {
            "label": {
                "es": [
                    "OpenAccess Perfil"
                ]
            },
            "value": {
                "es": [
                    "Imagen"
                ]
            }
        },
        {
            "label": {
                "es": [
                    "OpenAccess ID Esquema de Metadatos"
                ]
            },
            "value": {
                "es": [
                    "4"
                ]
            }
        },
        {
            "label": {
                "es": [
                    "OpenAccess Nombre"
                ]
            },
            "value": {
                "es": [
                    "Exposici\u00f3n Pasillo Verde ferroviario"
                ]
            }
        },
        {
            "label": {
                "es": [
                    "ImportadoDesde"
                ]
            },
            "value": {
                "es": [
                    "Vargas"
                ]
            }
        },
        {
            "label": {
                "es": [
                    "A\u00f1o Publicaci\u00f3n"
                ]
            },
            "value": {
                "es": [
                    "1990"
                ]
            }
        },
        {
            "label": {
                "es": [
                    "Notas (privadas)"
                ]
            },
            "value": {
                "es": [
                    "Crear palabra clave \"Pasillo Verde Ferroviario\""
                ]
            }
        },
        {
            "label": {
                "es": [
                    "edm:object"
                ]
            },
            "value": {
                "es": [
                    "https://www.memoriademadrid.es/thumbnail/400193"
                ]
            }
        },
        {
            "label": {
                "es": [
                    "edm:isShownBy"
                ]
            },
            "value": {
                "es": [
                    "https://www.memoriademadrid.es/viewer/400193"
                ]
            }
        },
        {
            "label": {
                "es": [
                    "Tipo de recurso"
                ]
            },
            "value": {
                "es": [
                    "IMAGE"
                ]
            }
        },
        {
            "label": {
                "es": [
                    "Editor"
                ]
            },
            "value": {
                "es": [
                    "Ayuntamiento de Madrid"
                ]
            }
        },
        {
            "label": {
                "es": [
                    "Latitud/Longitud WGS 84"
                ]
            },
            "value": {
                "es": [
                    "40.39250312,-3.70015788"
                ]
            }
        },
        {
            "label": {
                "es": [
                    "Idioma"
                ]
            },
            "value": {
                "es": [
                    "spa"
                ]
            }
        },
        {
            "label": {
                "es": [
                    "Clase de Patrimonio"
                ]
            },
            "value": {
                "es": [
                    "Patrimonio Art\u00edstico"
                ]
            }
        },
        {
            "label": {
                "es": [
                    "Instituci\u00f3n"
                ]
            },
            "value": {
                "es": [
                    "Aportaciones ciudadanas"
                ]
            }
        },
        {
            "label": {
                "es": [
                    "ID Vargas"
                ]
            },
            "value": {
                "es": [
                    "250606"
                ]
            }
        },
        {
            "label": {
                "es": [
                    "T\u00edtulo"
                ]
            },
            "value": {
                "es": [
                    "Exposici\u00f3n Pasillo Verde ferroviario"
                ]
            }
        },
        {
            "label": {
                "es": [
                    "Fecha del registro"
                ]
            },
            "value": {
                "es": [
                    "2017-05-10"
                ]
            }
        },
        {
            "label": {
                "es": [
                    "Fecha de creaci\u00f3n Matiz"
                ]
            },
            "value": {
                "es": [
                    "15 de Febrero de 1990"
                ]
            }
        },
        {
            "label": {
                "es": [
                    "Fecha de creaci\u00f3n inicial"
                ]
            },
            "value": {
                "es": [
                    "1990-02-15"
                ]
            }
        },
        {
            "label": {
                "es": [
                    "Lugar"
                ]
            },
            "value": {
                "es": [
                    "Madrid (Arganzuela)"
                ]
            }
        },
        {
            "label": {
                "es": [
                    "Descripci\u00f3n"
                ]
            },
            "value": {
                "es": [
                    "Papel fotogr\u00e1fico. Color.\r\n13 x 18 cm.\r\nImagen compartida por Unidad de Actividades Culturales Junta Municipal de Arganzuela."
                ]
            }
        },
        {
            "label": {
                "es": [
                    "Tipo de documento"
                ]
            },
            "value": {
                "es": [
                    "Fotograf\u00edas"
                ]
            }
        },
        {
            "label": {
                "es": [
                    "Signatura"
                ]
            },
            "value": {
                "es": [
                    "MDB_PioBaroja_20170328_001"
                ]
            }
        },
        {
            "label": {
                "es": [
                    "Materia"
                ]
            },
            "value": {
                "es": [
                    "Exposiciones"
                ]
            }
        },
        {
            "label": {
                "es": [
                    "Comentarios (p\u00fablico)"
                ]
            },
            "value": {
                "es": [
                    "Del 15 de febrero al 1 de marzo tuvo lugar en la Nave de las Terneras la exposici\u00f3n Pasillo Verde Ferroviario con el fin de explicar la operaci\u00f3n urban\u00edstica que se iba a llevar a cabo en el distrito de Arganzuela. En la imagen vemos en el centro al alcalde Agust\u00edn Rodr\u00edguez Sahag\u00fan  y en segundo lugar por la izquierda al concejal del distrito de Arganzuela Clemente Torres Palomo. \r\nDentro del Plan General de Ordenaci\u00f3n Urbana de Madrid del a\u00f1o 1985 se incluy\u00f3 la operaci\u00f3n urban\u00edstica \u201cPasillo Verde Ferroviario.\u201d Para gestionarlo se cre\u00f3 un consorcio formado por el Ayuntamiento de Madrid y RENFE, que era propietaria de la mayor parte del suelo afectado.\r\nEl objetivo de este proyecto era realizar una de las mayores intervenciones urban\u00edsticas que se hab\u00edan llevado a cabo hasta entonces en la ciudad de Madrid. Las obras afectar\u00edan al terreno ocupado por cuatro estaciones y al trazado ferroviario que las un\u00eda, acompa\u00f1ado de industrias, almacenes y espacios sin urbanizar. Las principales actuaciones que se iban a realiza eran: enterrar las v\u00edas f\u00e9rreas, reorganizar las dos estaciones que se mantuvieron (Pr\u00edncipe P\u00edo y Delicias) y desmantelar las industrias. \r\nEn su lugar se dise\u00f1\u00f3 un paseo a lo largo del antiguo trazado del ferrocarril. El suelo liberado ser\u00eda ocupado con viviendas, parques y jardines y equipamientos de todo tipo. \r\nLas obras se iniciaron en el a\u00f1o 1989 y la inauguraci\u00f3n oficial tuvo lugar el 7 de mayo de 1996."
                ]
            }
        },
        {
            "label": {
                "es": [
                    "Derechos"
                ]
            },
            "value": {
                "es": [
                    "http://creativecommons.org/licenses/by-nc/4.0/"
                ]
            }
        }
    ],
    "items": [
        {
            "id": "https://www.memoriademadrid.es/iiif/400193/canvas/p1",
            "type": "Canvas",
            "label": {
                "es": [
                    1
                ]
            },
            "width": 1000,
            "height": 705,
            "thumbnail": [
                {
                    "id": "https://www.memoriademadrid.es/iiif/3/1055179/full/^500,/0/default.jpg",
                    "type": "Image",
                    "format": "image/jpeg",
                    "width": 500,
                    "height": 352,
                    "services": [
                        {
                            "id": "https://www.memoriademadrid.es/iiif/3/1055179",
                            "profile": "http://iiif.io/api/image/3/level1.json",
                            "@type": "http://iiif.io/api/image/3/context.json"
                        }
                    ]
                }
            ],
            "items": [
                {
                    "id": "https://www.memoriademadrid.es/iiif/3/1055179",
                    "type": "AnnotationPage",
                    "items": [
                        {
                            "id": "https://www.memoriademadrid.es/iiif/3/1055179",
                            "type": "Annotation",
                            "motivation": "painting",
                            "target": "https://www.memoriademadrid.es/iiif/3/1055179",
                            "body": {
                                "id": "https://www.memoriademadrid.es/iiif/3/1055179/full/^1000,/0/default.jpg",
                                "type": "Image",
                                "format": "image/jpeg",
                                "width": 1000,
                                "height": 705,
                                "service": [
                                    {
                                        "id": "https://www.memoriademadrid.es/iiif/2/1055179",
                                        "profile": "http://iiif.io/api/image/2/level2.json",
                                        "type": "ImageService2"
                                    }
                                ]
                            }
                        }
                    ]
                }
            ]
        }
    ],
    "structures": []
}