{
    "id": "https://www.memoriademadrid.es/iiif/manifest/421635",
    "@context": "http://iiif.io/api/presentation/3/context.json",
    "type": "Manifest",
    "label": {
        "es": [
            "Retrato de Do\u00f1a Mar\u00eda Luisa de Parma, Reina de Espa\u00f1a"
        ]
    },
    "summary": {
        "es": [
            "Pintura al \u00f3leo sobre lienzo.\r\n2.30 x 1.60"
        ]
    },
    "homepage": [
        {
            "id": "https://www.memoriademadrid.es/view/421635",
            "type": "Text",
            "label": {
                "es": [
                    "Home Page"
                ]
            },
            "format": "text/html"
        }
    ],
    "behavior": [
        "continuous"
    ],
    "thumbnail": [
        {
            "id": "https://www.memoriademadrid.es/thumbnail/421635",
            "type": "Image",
            "format": "image/jpeg",
            "width": 683,
            "height": 1024
        }
    ],
    "metadata": [
        {
            "label": {
                "es": [
                    "A\u00f1o Publicaci\u00f3n"
                ]
            },
            "value": {
                "es": [
                    "1789"
                ]
            }
        },
        {
            "label": {
                "es": [
                    "edm:provider"
                ]
            },
            "value": {
                "es": [
                    "Hispana"
                ]
            }
        },
        {
            "label": {
                "es": [
                    "edm:object"
                ]
            },
            "value": {
                "es": [
                    "https://www.memoriademadrid.es/thumbnail/421635"
                ]
            }
        },
        {
            "label": {
                "es": [
                    "edm:isShownBy"
                ]
            },
            "value": {
                "es": [
                    "https://www.memoriademadrid.es/viewer/421635"
                ]
            }
        },
        {
            "label": {
                "es": [
                    "OpenAccess Enlace"
                ]
            },
            "value": {
                "es": [
                    "https://www.memoriademadrid.es/view/421635"
                ]
            }
        },
        {
            "label": {
                "es": [
                    "OpenAccess Estado"
                ]
            },
            "value": {
                "es": [
                    "PUBLISH"
                ]
            }
        },
        {
            "label": {
                "es": [
                    "URL Derechos"
                ]
            },
            "value": {
                "es": [
                    "<a href=http://creativecommons.org/licenses/by-nc/4.0/ >Creative Commons BY-NC 4.0</a>"
                ]
            }
        },
        {
            "label": {
                "es": [
                    "Clase de Patrimonio"
                ]
            },
            "value": {
                "es": [
                    "Patrimonio art\u00edstico"
                ]
            }
        },
        {
            "label": {
                "es": [
                    "OpenAccess Log"
                ]
            },
            "value": {
                "es": [
                    "Updated in OpenAccess at 2025.04.15 11:56:10"
                ]
            }
        },
        {
            "label": {
                "es": [
                    "OpenAccess Colecci\u00f3n"
                ]
            },
            "value": {
                "es": [
                    "649136"
                ]
            }
        },
        {
            "label": {
                "es": [
                    "OpenAccess Perfil"
                ]
            },
            "value": {
                "es": [
                    "Imagen"
                ]
            }
        },
        {
            "label": {
                "es": [
                    "OpenAccess ID Esquema de Metadatos"
                ]
            },
            "value": {
                "es": [
                    "4"
                ]
            }
        },
        {
            "label": {
                "es": [
                    "OpenAccess Nombre"
                ]
            },
            "value": {
                "es": [
                    "Retrato de Do\u00f1a Mar\u00eda Luisa de Parma, Reina de Espa\u00f1a"
                ]
            }
        },
        {
            "label": {
                "es": [
                    "ImportadoDesde"
                ]
            },
            "value": {
                "es": [
                    "Vargas"
                ]
            }
        },
        {
            "label": {
                "es": [
                    "ID Vargas"
                ]
            },
            "value": {
                "es": [
                    "412003"
                ]
            }
        },
        {
            "label": {
                "es": [
                    "Formato"
                ]
            },
            "value": {
                "es": [
                    "image/jpeg"
                ]
            }
        },
        {
            "label": {
                "es": [
                    "Tipo de recurso"
                ]
            },
            "value": {
                "es": [
                    "IMAGE"
                ]
            }
        },
        {
            "label": {
                "es": [
                    "Editor"
                ]
            },
            "value": {
                "es": [
                    "Ayuntamiento de Madrid"
                ]
            }
        },
        {
            "label": {
                "es": [
                    "Fecha de creaci\u00f3n final"
                ]
            },
            "value": {
                "es": [
                    "1789-12-31"
                ]
            }
        },
        {
            "label": {
                "es": [
                    "Instituci\u00f3n"
                ]
            },
            "value": {
                "es": [
                    "Museo de Historia"
                ]
            }
        },
        {
            "label": {
                "es": [
                    "Idioma"
                ]
            },
            "value": {
                "es": [
                    "spa"
                ]
            }
        },
        {
            "label": {
                "es": [
                    "Autor"
                ]
            },
            "value": {
                "es": [
                    "Zacar\u00edas GONZ\u00c1LEZ VEL\u00c1ZQUEZ"
                ]
            }
        },
        {
            "label": {
                "es": [
                    "T\u00edtulo"
                ]
            },
            "value": {
                "es": [
                    "Retrato de Do\u00f1a Mar\u00eda Luisa de Parma, Reina de Espa\u00f1a"
                ]
            }
        },
        {
            "label": {
                "es": [
                    "Fecha del registro"
                ]
            },
            "value": {
                "es": [
                    "2022-02-28"
                ]
            }
        },
        {
            "label": {
                "es": [
                    "Fecha de creaci\u00f3n Matiz"
                ]
            },
            "value": {
                "es": [
                    "1789"
                ]
            }
        },
        {
            "label": {
                "es": [
                    "Fecha de creaci\u00f3n inicial"
                ]
            },
            "value": {
                "es": [
                    "1789-01-01"
                ]
            }
        },
        {
            "label": {
                "es": [
                    "Lugar"
                ]
            },
            "value": {
                "es": [
                    "Madrid"
                ]
            }
        },
        {
            "label": {
                "es": [
                    "Descripci\u00f3n"
                ]
            },
            "value": {
                "es": [
                    "Pintura al \u00f3leo sobre lienzo.\r\n2.30 x 1.60"
                ]
            }
        },
        {
            "label": {
                "es": [
                    "Tipo de documento"
                ]
            },
            "value": {
                "es": [
                    "Pintura"
                ]
            }
        },
        {
            "label": {
                "es": [
                    "Signatura"
                ]
            },
            "value": {
                "es": [
                    "Inv. 2006/23/1"
                ]
            }
        },
        {
            "label": {
                "es": [
                    "Materia"
                ]
            },
            "value": {
                "es": [
                    "Cer\u00e1mica",
                    "Jarras"
                ]
            }
        },
        {
            "label": {
                "es": [
                    "Comentarios (p\u00fablico)"
                ]
            },
            "value": {
                "es": [
                    "La figura se enmarca en un escenario de gran clasicismo, con cortin\u00f3n y mesa a la derecha, molduras arquitect\u00f3nicas a la izquierda y suelo geom\u00e9trico de m\u00e1rmol en cuyo centro destaca la figura de gran empaque y elegancia de la reina. En su mu\u00f1eca derecha muestra un brazalete de perlas con la efigie en miniatura del futuro rey Fernando VII, primer hijo var\u00f3n de los reyes.\r\n\r\nCon motivo de la proclamaci\u00f3n de Carlos IV como rey y su entrada en Madrid junto a su esposa Mar\u00eda Luisa de Parma el 17 de enero de 1789, se encarg\u00f3 la realizaci\u00f3n de varios retratos de los reales c\u00f3nyuges a varios artistas. Uno de ellos fue Zacar\u00edas Gonz\u00e1lez Vel\u00e1zquez, qui\u00e9n entreg\u00f3 el 21 de septiembre de 1789 dos grandes retratos de los reyes. Fueron colocados en el balc\u00f3n de la Casa de la Diputaci\u00f3n de los Cinco Gremios en la madrile\u00f1a calle de Atocha. Se trata de una obra temprana de este artista en la que se percibe la influencia de su maestro Mariano Salvador Maella.\r\n\r\nFuente: CERES"
                ]
            }
        },
        {
            "label": {
                "es": [
                    "Derechos"
                ]
            },
            "value": {
                "es": [
                    "http://creativecommons.org/licenses/by-nc/4.0/"
                ]
            }
        }
    ],
    "items": [
        {
            "id": "https://www.memoriademadrid.es/iiif/421635/canvas/p1",
            "type": "Canvas",
            "label": {
                "es": [
                    1
                ]
            },
            "width": 700,
            "height": 1050,
            "thumbnail": [
                {
                    "id": "https://www.memoriademadrid.es/iiif/3/1309141/full/^500,/0/default.jpg",
                    "type": "Image",
                    "format": "image/jpeg",
                    "width": 500,
                    "height": 750,
                    "services": [
                        {
                            "id": "https://www.memoriademadrid.es/iiif/3/1309141",
                            "profile": "http://iiif.io/api/image/3/level1.json",
                            "@type": "http://iiif.io/api/image/3/context.json"
                        }
                    ]
                }
            ],
            "items": [
                {
                    "id": "https://www.memoriademadrid.es/iiif/3/1309141",
                    "type": "AnnotationPage",
                    "items": [
                        {
                            "id": "https://www.memoriademadrid.es/iiif/3/1309141",
                            "type": "Annotation",
                            "motivation": "painting",
                            "target": "https://www.memoriademadrid.es/iiif/3/1309141",
                            "body": {
                                "id": "https://www.memoriademadrid.es/iiif/3/1309141/full/^700,/0/default.jpg",
                                "type": "Image",
                                "format": "image/jpeg",
                                "width": 700,
                                "height": 1050,
                                "service": [
                                    {
                                        "id": "https://www.memoriademadrid.es/iiif/2/1309141",
                                        "profile": "http://iiif.io/api/image/2/level2.json",
                                        "type": "ImageService2"
                                    }
                                ]
                            }
                        }
                    ]
                }
            ]
        },
        {
            "id": "https://www.memoriademadrid.es/iiif/421635/canvas/p2",
            "type": "Canvas",
            "label": {
                "es": [
                    2
                ]
            },
            "width": 700,
            "height": 1050,
            "thumbnail": [
                {
                    "id": "https://www.memoriademadrid.es/iiif/3/1309143/full/^500,/0/default.jpg",
                    "type": "Image",
                    "format": "image/jpeg",
                    "width": 0,
                    "height": 0,
                    "services": [
                        {
                            "id": "https://www.memoriademadrid.es/iiif/3/1309143",
                            "profile": "http://iiif.io/api/image/3/level1.json",
                            "@type": "http://iiif.io/api/image/3/context.json"
                        }
                    ]
                }
            ],
            "items": [
                {
                    "id": "https://www.memoriademadrid.es/iiif/3/1309143",
                    "type": "AnnotationPage",
                    "items": [
                        {
                            "id": "https://www.memoriademadrid.es/iiif/3/1309143",
                            "type": "Annotation",
                            "motivation": "painting",
                            "target": "https://www.memoriademadrid.es/iiif/3/1309143",
                            "body": {
                                "id": "https://www.memoriademadrid.es/iiif/3/1309143/full/^700,/0/default.jpg",
                                "type": "Image",
                                "format": "image/jpeg",
                                "width": 700,
                                "height": 1050,
                                "service": [
                                    {
                                        "id": "https://www.memoriademadrid.es/iiif/2/1309143",
                                        "profile": "http://iiif.io/api/image/2/level2.json",
                                        "type": "ImageService2"
                                    }
                                ]
                            }
                        }
                    ]
                }
            ]
        }
    ],
    "structures": []
}