{
    "id": "https://www.memoriademadrid.es/iiif/manifest/422011",
    "@context": "http://iiif.io/api/presentation/3/context.json",
    "type": "Manifest",
    "label": {
        "es": [
            "Aurelio Men\u00e9ndez Men\u00e9ndez"
        ]
    },
    "summary": {
        "es": [
            "Calle Segre, 20.\r\nDistrito: Chamart\u00edn.\r\nColocada el 27 de diciembre de 2018.\r\nEditor: Ayuntamiento de Madrid.\r\n\r\nPlaca descubierta a iniciativa de la Junta Municipal de Chamart\u00edn."
        ]
    },
    "homepage": [
        {
            "id": "https://www.memoriademadrid.es/view/422011",
            "type": "Text",
            "label": {
                "es": [
                    "Home Page"
                ]
            },
            "format": "text/html"
        }
    ],
    "behavior": [
        "continuous"
    ],
    "thumbnail": [
        {
            "id": "https://www.memoriademadrid.es/thumbnail/422011",
            "type": "Image",
            "format": "image/jpeg",
            "width": 1024,
            "height": 705
        }
    ],
    "metadata": [
        {
            "label": {
                "es": [
                    "Formato"
                ]
            },
            "value": {
                "es": [
                    "image/jpeg"
                ]
            }
        },
        {
            "label": {
                "es": [
                    "OpenAccess Colecci\u00f3n"
                ]
            },
            "value": {
                "es": [
                    "364478"
                ]
            }
        },
        {
            "label": {
                "es": [
                    "OpenAccess Log"
                ]
            },
            "value": {
                "es": [
                    "Updated in OpenAccess at 2025.04.07 04:39:02"
                ]
            }
        },
        {
            "label": {
                "es": [
                    "OpenAccess Estado"
                ]
            },
            "value": {
                "es": [
                    "PUBLISH"
                ]
            }
        },
        {
            "label": {
                "es": [
                    "OpenAccess Enlace"
                ]
            },
            "value": {
                "es": [
                    "https://www.memoriademadrid.es/view/422011"
                ]
            }
        },
        {
            "label": {
                "es": [
                    "OpenAccess Perfil"
                ]
            },
            "value": {
                "es": [
                    "Imagen"
                ]
            }
        },
        {
            "label": {
                "es": [
                    "OpenAccess ID Esquema de Metadatos"
                ]
            },
            "value": {
                "es": [
                    "4"
                ]
            }
        },
        {
            "label": {
                "es": [
                    "OpenAccess Nombre"
                ]
            },
            "value": {
                "es": [
                    "Aurelio Men\u00e9ndez Men\u00e9ndez"
                ]
            }
        },
        {
            "label": {
                "es": [
                    "ImportadoDesde"
                ]
            },
            "value": {
                "es": [
                    "Vargas"
                ]
            }
        },
        {
            "label": {
                "es": [
                    "Objeto master"
                ]
            },
            "value": {
                "es": [
                    "314.373"
                ]
            }
        },
        {
            "label": {
                "es": [
                    "A\u00f1o Publicaci\u00f3n"
                ]
            },
            "value": {
                "es": [
                    "2018"
                ]
            }
        },
        {
            "label": {
                "es": [
                    "edm:object"
                ]
            },
            "value": {
                "es": [
                    "https://www.memoriademadrid.es/thumbnail/422011"
                ]
            }
        },
        {
            "label": {
                "es": [
                    "edm:isShownBy"
                ]
            },
            "value": {
                "es": [
                    "https://www.memoriademadrid.es/viewer/422011"
                ]
            }
        },
        {
            "label": {
                "es": [
                    "Tipo de recurso"
                ]
            },
            "value": {
                "es": [
                    "IMAGE"
                ]
            }
        },
        {
            "label": {
                "es": [
                    "Editor"
                ]
            },
            "value": {
                "es": [
                    "Ayuntamiento de Madrid"
                ]
            }
        },
        {
            "label": {
                "es": [
                    "Latitud/Longitud WGS 84"
                ]
            },
            "value": {
                "es": [
                    "40.451353,-3.684645"
                ]
            }
        },
        {
            "label": {
                "es": [
                    "Idioma"
                ]
            },
            "value": {
                "es": [
                    "spa"
                ]
            }
        },
        {
            "label": {
                "es": [
                    "Clase de Patrimonio"
                ]
            },
            "value": {
                "es": [
                    "Patrimonio Urbano"
                ]
            }
        },
        {
            "label": {
                "es": [
                    "Instituci\u00f3n"
                ]
            },
            "value": {
                "es": [
                    "Patrimonio urbano"
                ]
            }
        },
        {
            "label": {
                "es": [
                    "ID Vargas"
                ]
            },
            "value": {
                "es": [
                    "442846"
                ]
            }
        },
        {
            "label": {
                "es": [
                    "T\u00edtulo"
                ]
            },
            "value": {
                "es": [
                    "Aurelio Men\u00e9ndez Men\u00e9ndez"
                ]
            }
        },
        {
            "label": {
                "es": [
                    "Fecha del registro"
                ]
            },
            "value": {
                "es": [
                    "2023-02-03"
                ]
            }
        },
        {
            "label": {
                "es": [
                    "Fecha de creaci\u00f3n Matiz"
                ]
            },
            "value": {
                "es": [
                    "2018"
                ]
            }
        },
        {
            "label": {
                "es": [
                    "Fecha de creaci\u00f3n inicial"
                ]
            },
            "value": {
                "es": [
                    "2018-12-27"
                ]
            }
        },
        {
            "label": {
                "es": [
                    "Lugar"
                ]
            },
            "value": {
                "es": [
                    "Madrid (Chamart\u00edn)"
                ]
            }
        },
        {
            "label": {
                "es": [
                    "Descripci\u00f3n"
                ]
            },
            "value": {
                "es": [
                    "Calle Segre, 20.\r\nDistrito: Chamart\u00edn.\r\nColocada el 27 de diciembre de 2018.\r\nEditor: Ayuntamiento de Madrid.\r\n\r\nPlaca descubierta a iniciativa de la Junta Municipal de Chamart\u00edn."
                ]
            }
        },
        {
            "label": {
                "es": [
                    "Tipo de documento"
                ]
            },
            "value": {
                "es": [
                    "Placas conmemorativas"
                ]
            }
        },
        {
            "label": {
                "es": [
                    "Signatura"
                ]
            },
            "value": {
                "es": [
                    "s/sign."
                ]
            }
        },
        {
            "label": {
                "es": [
                    "Materia"
                ]
            },
            "value": {
                "es": [
                    "Abogados"
                ]
            }
        },
        {
            "label": {
                "es": [
                    "Comentarios (p\u00fablico)"
                ]
            },
            "value": {
                "es": [
                    "\"Aqu\u00ed vivi\u00f3 AURELIO MEN\u00c9NDEZ MEN\u00c9NDEZ Marques de Ibias (Gij\u00f3n 1927-Madrid 2018) Catedr\u00e1tico de Derecho Mercantil, cofundador del Despacho de abogados Ur\u00eda Men\u00e9ndez. Ministro de Educaci\u00f3n y Ciencia (1976-1977) Premio Pr\u00edncipe de Asturias de Ciencias Sociales 1994\"\r\n\r\nAurelio Men\u00e9ndez Men\u00e9ndez (Gij\u00f3n, 1927-Madrid, 2018), ha sido considerado como una destacada personalidad dentro del panorama acad\u00e9mico y jur\u00eddico de nuestro pa\u00eds. Catedr\u00e1tico de Derecho Mercantil desempe\u00f1\u00f3 entre otros cargos el de Magistrado Em\u00e9rito del Tribunal Constitucional o el de Presidente de Honor y Vocal permanente de la Secci\u00f3n de Derecho Mercantil de la Comisi\u00f3n General de Codificaci\u00f3n. Tambi\u00e9n fue cofundador del gabinete de abogados Ur\u00eda y Men\u00e9ndez y preceptor de su Majestad el Rey D. Felipe VI. Adem\u00e1s de su carrera como jurista, Men\u00e9ndez tambi\u00e9n particip\u00f3 de la vida pol\u00edtica espa\u00f1ola desempe\u00f1ando el cargo de Ministro de Educaci\u00f3n y Ciencia entre 1976 y 1977 y el de Consejero de Estado de 1992 a 2006.\r\n\r\nEntre sus reconocimientos cabe destacar el Premio Pr\u00edncipe de Asturias de Ciencias Sociales (1994) y el t\u00edtulo de Marqu\u00e9s de Ibias, otorgado por su Majestad el Rey D. Juan Carlos en el a\u00f1o 2011.\r\n\r\nLa colocaci\u00f3n de la placa se ha realizado en cumplimiento de la proposici\u00f3n plenaria aprobada por unanimidad en la sesi\u00f3n ordinaria del Pleno del distrito celebrada el d\u00eda 17 de abril de 2018."
                ]
            }
        },
        {
            "label": {
                "es": [
                    "Derechos"
                ]
            },
            "value": {
                "es": [
                    "http://creativecommons.org/licenses/by-nc/4.0/"
                ]
            }
        }
    ],
    "items": [
        {
            "id": "https://www.memoriademadrid.es/iiif/422011/canvas/p1",
            "type": "Canvas",
            "label": {
                "es": [
                    1
                ]
            },
            "width": 1250,
            "height": 860,
            "thumbnail": [
                {
                    "id": "https://www.memoriademadrid.es/iiif/3/1070641/full/^500,/0/default.jpg",
                    "type": "Image",
                    "format": "image/jpeg",
                    "width": 500,
                    "height": 344,
                    "services": [
                        {
                            "id": "https://www.memoriademadrid.es/iiif/3/1070641",
                            "profile": "http://iiif.io/api/image/3/level1.json",
                            "@type": "http://iiif.io/api/image/3/context.json"
                        }
                    ]
                }
            ],
            "items": [
                {
                    "id": "https://www.memoriademadrid.es/iiif/3/1070641",
                    "type": "AnnotationPage",
                    "items": [
                        {
                            "id": "https://www.memoriademadrid.es/iiif/3/1070641",
                            "type": "Annotation",
                            "motivation": "painting",
                            "target": "https://www.memoriademadrid.es/iiif/3/1070641",
                            "body": {
                                "id": "https://www.memoriademadrid.es/iiif/3/1070641/full/^1000,/0/default.jpg",
                                "type": "Image",
                                "format": "image/jpeg",
                                "width": 1250,
                                "height": 860,
                                "service": [
                                    {
                                        "id": "https://www.memoriademadrid.es/iiif/2/1070641",
                                        "profile": "http://iiif.io/api/image/2/level2.json",
                                        "type": "ImageService2"
                                    }
                                ]
                            }
                        }
                    ]
                }
            ]
        }
    ],
    "structures": []
}