{
    "id": "https://www.memoriademadrid.es/iiif/manifest/422127",
    "@context": "http://iiif.io/api/presentation/3/context.json",
    "type": "Manifest",
    "label": {
        "es": [
            "Plaza de la Memoria vinculante"
        ]
    },
    "summary": {
        "es": [
            "Plaza de la Memoria Vinculante, 3.\r\nDistrito: Usera.\r\nColocada el 16 de junio de 2023.\r\n\r\nPlaca descubierta a iniciativa de la Junta de Distrito de Usera."
        ]
    },
    "homepage": [
        {
            "id": "https://www.memoriademadrid.es/view/422127",
            "type": "Text",
            "label": {
                "es": [
                    "Home Page"
                ]
            },
            "format": "text/html"
        }
    ],
    "behavior": [
        "continuous"
    ],
    "thumbnail": [
        {
            "id": "https://www.memoriademadrid.es/thumbnail/422127",
            "type": "Image",
            "format": "image/jpeg",
            "width": 1024,
            "height": 891
        }
    ],
    "metadata": [
        {
            "label": {
                "es": [
                    "A\u00f1o Publicaci\u00f3n"
                ]
            },
            "value": {
                "es": [
                    "2023"
                ]
            }
        },
        {
            "label": {
                "es": [
                    "edm:provider"
                ]
            },
            "value": {
                "es": [
                    "Hispana"
                ]
            }
        },
        {
            "label": {
                "es": [
                    "edm:object"
                ]
            },
            "value": {
                "es": [
                    "https://www.memoriademadrid.es/thumbnail/422127"
                ]
            }
        },
        {
            "label": {
                "es": [
                    "edm:isShownBy"
                ]
            },
            "value": {
                "es": [
                    "https://www.memoriademadrid.es/viewer/422127"
                ]
            }
        },
        {
            "label": {
                "es": [
                    "OpenAccess Enlace"
                ]
            },
            "value": {
                "es": [
                    "https://www.memoriademadrid.es/view/422127"
                ]
            }
        },
        {
            "label": {
                "es": [
                    "OpenAccess Estado"
                ]
            },
            "value": {
                "es": [
                    "PUBLISH"
                ]
            }
        },
        {
            "label": {
                "es": [
                    "URL Derechos"
                ]
            },
            "value": {
                "es": [
                    "<a href=http://creativecommons.org/licenses/by-nc/4.0/ >Creative Commons BY-NC 4.0</a>"
                ]
            }
        },
        {
            "label": {
                "es": [
                    "Clase de Patrimonio"
                ]
            },
            "value": {
                "es": [
                    "Patrimonio arquitect\u00f3nico y monumental"
                ]
            }
        },
        {
            "label": {
                "es": [
                    "MasterCarpeta"
                ]
            },
            "value": {
                "es": [
                    "Patrimonio_urbano_456615"
                ]
            }
        },
        {
            "label": {
                "es": [
                    "OpenAccess Colecci\u00f3n"
                ]
            },
            "value": {
                "es": [
                    "364478"
                ]
            }
        },
        {
            "label": {
                "es": [
                    "OpenAccess Perfil"
                ]
            },
            "value": {
                "es": [
                    "Imagen"
                ]
            }
        },
        {
            "label": {
                "es": [
                    "OpenAccess ID Esquema de Metadatos"
                ]
            },
            "value": {
                "es": [
                    "4"
                ]
            }
        },
        {
            "label": {
                "es": [
                    "OpenAccess Nombre"
                ]
            },
            "value": {
                "es": [
                    "Plaza de la Memoria vinculante"
                ]
            }
        },
        {
            "label": {
                "es": [
                    "ImportadoDesde"
                ]
            },
            "value": {
                "es": [
                    "Vargas"
                ]
            }
        },
        {
            "label": {
                "es": [
                    "Objeto master"
                ]
            },
            "value": {
                "es": [
                    "314.407"
                ]
            }
        },
        {
            "label": {
                "es": [
                    "ID Vargas"
                ]
            },
            "value": {
                "es": [
                    "456615"
                ]
            }
        },
        {
            "label": {
                "es": [
                    "Notas (privadas)"
                ]
            },
            "value": {
                "es": [
                    "Lugares con Historia"
                ]
            }
        },
        {
            "label": {
                "es": [
                    "Instituci\u00f3n"
                ]
            },
            "value": {
                "es": [
                    "Patrimonio urbano"
                ]
            }
        },
        {
            "label": {
                "es": [
                    "Formato"
                ]
            },
            "value": {
                "es": [
                    "image/jpeg"
                ]
            }
        },
        {
            "label": {
                "es": [
                    "Tipo de recurso"
                ]
            },
            "value": {
                "es": [
                    "IMAGE"
                ]
            }
        },
        {
            "label": {
                "es": [
                    "Editor"
                ]
            },
            "value": {
                "es": [
                    "Ayuntamiento de Madrid"
                ]
            }
        },
        {
            "label": {
                "es": [
                    "Latitud/Longitud WGS 84"
                ]
            },
            "value": {
                "es": [
                    "40.37068032,-3.71002078"
                ]
            }
        },
        {
            "label": {
                "es": [
                    "Idioma"
                ]
            },
            "value": {
                "es": [
                    "spa"
                ]
            }
        },
        {
            "label": {
                "es": [
                    "T\u00edtulo"
                ]
            },
            "value": {
                "es": [
                    "Plaza de la Memoria vinculante"
                ]
            }
        },
        {
            "label": {
                "es": [
                    "Fecha de creaci\u00f3n inicial"
                ]
            },
            "value": {
                "es": [
                    "2023-06-16"
                ]
            }
        },
        {
            "label": {
                "es": [
                    "Fecha del registro"
                ]
            },
            "value": {
                "es": [
                    "2023-06-01"
                ]
            }
        },
        {
            "label": {
                "es": [
                    "Fecha de creaci\u00f3n Matiz"
                ]
            },
            "value": {
                "es": [
                    "2023"
                ]
            }
        },
        {
            "label": {
                "es": [
                    "Lugar"
                ]
            },
            "value": {
                "es": [
                    "Madrid"
                ]
            }
        },
        {
            "label": {
                "es": [
                    "Descripci\u00f3n"
                ]
            },
            "value": {
                "es": [
                    "Plaza de la Memoria Vinculante, 3.\r\nDistrito: Usera.\r\nColocada el 16 de junio de 2023.\r\n\r\nPlaca descubierta a iniciativa de la Junta de Distrito de Usera."
                ]
            }
        },
        {
            "label": {
                "es": [
                    "Tipo de documento"
                ]
            },
            "value": {
                "es": [
                    "Placas conmemorativas"
                ]
            }
        },
        {
            "label": {
                "es": [
                    "Signatura"
                ]
            },
            "value": {
                "es": [
                    "s/sign."
                ]
            }
        },
        {
            "label": {
                "es": [
                    "Materia"
                ]
            },
            "value": {
                "es": [
                    "Zarzuelas",
                    "Teatro Espa\u00f1ol-S.XVIII"
                ]
            }
        },
        {
            "label": {
                "es": [
                    "Comentarios (p\u00fablico)"
                ]
            },
            "value": {
                "es": [
                    "\"En recuerdo al reconocimiento en 1977 del car\u00e1cter vinculante de las memorias de los planes de urbanismo, logro de los vecinos y del catedr\u00e1tico Eduardo Garc\u00eda de Enterr\u00eda, que consiguieron que los vecinos fueran realojados en el mismo barrio en el que resid\u00edan\"\r\n\r\nEn la d\u00e9cada de 1960 el n\u00facleo urbano de Madrid se hab\u00eda aproximado a un cada vez m\u00e1s populoso poblado de Orcasitas, formado principalmente por infraviviendas habitadas por personas procedentes de la gran ola de inmigraci\u00f3n a la gran ciudad de los a\u00f1os 50. Por esta raz\u00f3n a finales de los 60 se propuso urbanizar todo ese sector y convertir Orcasitas en un nuevo barrio de la ciudad. Todo el poblado ser\u00eda demolido para abrir nuevas calles y edificios, en condiciones dignas.\r\n\r\nLos vecinos fueron desalojados y reubicados temporalmente en otros sitios, aunque se les prometi\u00f3 que regresar\u00edan a su barrio una vez construidos los nuevos edificios. Y esta promesa se consign\u00f3 por escrito en el documento de redacci\u00f3n del proyecto. Sin embargo, desde el Consistorio nunca existi\u00f3 la voluntad de mejorar las condiciones de esas personas, neg\u00e1ndoles la posibilidad de ocupar las nuevas viviendas.\r\n\r\nEn ese momento una agrupaci\u00f3n de vecinos que deciden luchar contra esa decisi\u00f3n. Contaron con la ayuda del el urbanista Jos\u00e9 Manuel Bringas y del jurista Eduardo Garc\u00eda de Enterr\u00eda. Tras a\u00f1os de movilizaciones, el 16 de junio de 1977, El Tribunal Supremo resuelve, finalmente, en favor de los vecinos y sentencia de manera inapelable... \"que toda MEMORIA incluida en un plan urban\u00edstico tiene efecto jur\u00eddico y por lo tanto ES VINCULANTE y de obligado cumplimiento\". \r\n\r\nEn palabras de Antonio Giraldo \"El Ayuntamiento de Madrid pierde la batalla. Los vecinos de Orcasitas adquieren ese d\u00eda el derecho leg\u00edtimo de volver a su barrio. La memoria del proyecto se convierte para ellos en algo que les devuelve a su vida, y que les da una vida digna. Adem\u00e1s de todo eso y en virtud de esa sentencia, \u00a1los vecinos entraron directamente al dise\u00f1o de su nuevo barrio! Eligieron mobiliario urbano, dise\u00f1os de viviendas y hasta el color de los ladrillos. Y se aprueba el Plan Parcial definitivo.\"\r\n\r\nDe ah\u00ed la existencia en Orcasitas, en pleno distrito de Usera de una plaza con el nombre de \"Memoria Vinculante\", inaugurada durante el mandato del alcalde Enrique Tierno Galv\u00e1n.\r\n\r\nFuente: Twitter de Antonio Giraldo."
                ]
            }
        },
        {
            "label": {
                "es": [
                    "Derechos"
                ]
            },
            "value": {
                "es": [
                    "http://creativecommons.org/licenses/by-nc/4.0/"
                ]
            }
        }
    ],
    "items": [
        {
            "id": "https://www.memoriademadrid.es/iiif/422127/canvas/p1",
            "type": "Canvas",
            "label": {
                "es": [
                    1
                ]
            },
            "width": 1075,
            "height": 935,
            "thumbnail": [
                {
                    "id": "https://www.memoriademadrid.es/iiif/3/1315361/full/^500,/0/default.jpg",
                    "type": "Image",
                    "format": "image/jpeg",
                    "width": 500,
                    "height": 435,
                    "services": [
                        {
                            "id": "https://www.memoriademadrid.es/iiif/3/1315361",
                            "profile": "http://iiif.io/api/image/3/level1.json",
                            "@type": "http://iiif.io/api/image/3/context.json"
                        }
                    ]
                }
            ],
            "items": [
                {
                    "id": "https://www.memoriademadrid.es/iiif/3/1315361",
                    "type": "AnnotationPage",
                    "items": [
                        {
                            "id": "https://www.memoriademadrid.es/iiif/3/1315361",
                            "type": "Annotation",
                            "motivation": "painting",
                            "target": "https://www.memoriademadrid.es/iiif/3/1315361",
                            "body": {
                                "id": "https://www.memoriademadrid.es/iiif/3/1315361/full/^1000,/0/default.jpg",
                                "type": "Image",
                                "format": "image/jpeg",
                                "width": 1075,
                                "height": 935,
                                "service": [
                                    {
                                        "id": "https://www.memoriademadrid.es/iiif/2/1315361",
                                        "profile": "http://iiif.io/api/image/2/level2.json",
                                        "type": "ImageService2"
                                    }
                                ]
                            }
                        }
                    ]
                }
            ]
        },
        {
            "id": "https://www.memoriademadrid.es/iiif/422127/canvas/p2",
            "type": "Canvas",
            "label": {
                "es": [
                    2
                ]
            },
            "width": 1075,
            "height": 935,
            "thumbnail": [
                {
                    "id": "https://www.memoriademadrid.es/iiif/3/1315362/full/^500,/0/default.jpg",
                    "type": "Image",
                    "format": "image/jpeg",
                    "width": 0,
                    "height": 0,
                    "services": [
                        {
                            "id": "https://www.memoriademadrid.es/iiif/3/1315362",
                            "profile": "http://iiif.io/api/image/3/level1.json",
                            "@type": "http://iiif.io/api/image/3/context.json"
                        }
                    ]
                }
            ],
            "items": [
                {
                    "id": "https://www.memoriademadrid.es/iiif/3/1315362",
                    "type": "AnnotationPage",
                    "items": [
                        {
                            "id": "https://www.memoriademadrid.es/iiif/3/1315362",
                            "type": "Annotation",
                            "motivation": "painting",
                            "target": "https://www.memoriademadrid.es/iiif/3/1315362",
                            "body": {
                                "id": "https://www.memoriademadrid.es/iiif/3/1315362/full/^1000,/0/default.jpg",
                                "type": "Image",
                                "format": "image/jpeg",
                                "width": 1075,
                                "height": 935,
                                "service": [
                                    {
                                        "id": "https://www.memoriademadrid.es/iiif/2/1315362",
                                        "profile": "http://iiif.io/api/image/2/level2.json",
                                        "type": "ImageService2"
                                    }
                                ]
                            }
                        }
                    ]
                }
            ]
        }
    ],
    "structures": []
}