{
    "id": "https://www.memoriademadrid.es/iiif/manifest/422875",
    "@context": "http://iiif.io/api/presentation/3/context.json",
    "type": "Manifest",
    "label": {
        "es": [
            "El Prado de San Jer\u00f3nimo"
        ]
    },
    "summary": {
        "es": [
            "\"Prado de s: ci / y  Paseo de Carlos II rey\"  (en la filacteria).\r\n\u00d3leo sobre lienzo.\r\n219 x 288 cm."
        ]
    },
    "homepage": [
        {
            "id": "https://www.memoriademadrid.es/view/422875",
            "type": "Text",
            "label": {
                "es": [
                    "Home Page"
                ]
            },
            "format": "text/html"
        }
    ],
    "behavior": [
        "continuous"
    ],
    "thumbnail": [
        {
            "id": "https://www.memoriademadrid.es/thumbnail/422875",
            "type": "Image",
            "format": "image/jpeg",
            "width": 1024,
            "height": 778
        }
    ],
    "metadata": [
        {
            "label": {
                "es": [
                    "Notas (privadas)"
                ]
            },
            "value": {
                "es": [
                    "Mira Madrid. Paseo del Prado y Recoletos. Paisaje de la luz. Paseo del Prado"
                ]
            }
        },
        {
            "label": {
                "es": [
                    "edm:isShownBy"
                ]
            },
            "value": {
                "es": [
                    "https://www.memoriademadrid.es/viewer/422875"
                ]
            }
        },
        {
            "label": {
                "es": [
                    "edm:object"
                ]
            },
            "value": {
                "es": [
                    "https://www.memoriademadrid.es/thumbnail/422875"
                ]
            }
        },
        {
            "label": {
                "es": [
                    "OpenAccess Estado"
                ]
            },
            "value": {
                "es": [
                    "PUBLISH"
                ]
            }
        },
        {
            "label": {
                "es": [
                    "URL Derechos"
                ]
            },
            "value": {
                "es": [
                    "<a href=http://creativecommons.org/licenses/by-nc/4.0/ >Creative Commons BY-NC 4.0</a>"
                ]
            }
        },
        {
            "label": {
                "es": [
                    "Clase de Patrimonio"
                ]
            },
            "value": {
                "es": [
                    "Patrimonio art\u00edstico"
                ]
            }
        },
        {
            "label": {
                "es": [
                    "OpenAccess Enlace"
                ]
            },
            "value": {
                "es": [
                    "https://www.memoriademadrid.es/view/422875"
                ]
            }
        },
        {
            "label": {
                "es": [
                    "OpenAccess Log"
                ]
            },
            "value": {
                "es": [
                    "Updated in OpenAccess at 2025.02.03 07:40:44"
                ]
            }
        },
        {
            "label": {
                "es": [
                    "OpenAccess Perfil"
                ]
            },
            "value": {
                "es": [
                    "Video"
                ]
            }
        },
        {
            "label": {
                "es": [
                    "OpenAccess Colecci\u00f3n"
                ]
            },
            "value": {
                "es": [
                    "260321"
                ]
            }
        },
        {
            "label": {
                "es": [
                    "OpenAccess ID Esquema de Metadatos"
                ]
            },
            "value": {
                "es": [
                    "4"
                ]
            }
        },
        {
            "label": {
                "es": [
                    "OpenAccess Nombre"
                ]
            },
            "value": {
                "es": [
                    "El Prado de San Jer\u00f3nimo"
                ]
            }
        },
        {
            "label": {
                "es": [
                    "ImportadoDesde"
                ]
            },
            "value": {
                "es": [
                    "Vargas"
                ]
            }
        },
        {
            "label": {
                "es": [
                    "A\u00f1o Publicaci\u00f3n"
                ]
            },
            "value": {
                "es": [
                    "1926"
                ]
            }
        },
        {
            "label": {
                "es": [
                    "ID Vargas"
                ]
            },
            "value": {
                "es": [
                    "11938"
                ]
            }
        },
        {
            "label": {
                "es": [
                    "Formato"
                ]
            },
            "value": {
                "es": [
                    "video/mp4"
                ]
            }
        },
        {
            "label": {
                "es": [
                    "Instituci\u00f3n"
                ]
            },
            "value": {
                "es": [
                    "Museo de Historia"
                ]
            }
        },
        {
            "label": {
                "es": [
                    "Tipo de recurso"
                ]
            },
            "value": {
                "es": [
                    "IMAGE"
                ]
            }
        },
        {
            "label": {
                "es": [
                    "Editor"
                ]
            },
            "value": {
                "es": [
                    "Ayuntamiento de Madrid. \u00c1rea de Las Artes"
                ]
            }
        },
        {
            "label": {
                "es": [
                    "Latitud/Longitud WGS 84"
                ]
            },
            "value": {
                "es": [
                    "40.41625716,-3.6937263"
                ]
            }
        },
        {
            "label": {
                "es": [
                    "Idioma"
                ]
            },
            "value": {
                "es": [
                    "spa"
                ]
            }
        },
        {
            "label": {
                "es": [
                    "Fecha de creaci\u00f3n final"
                ]
            },
            "value": {
                "es": [
                    "1926-12-31"
                ]
            }
        },
        {
            "label": {
                "es": [
                    "T\u00edtulo"
                ]
            },
            "value": {
                "es": [
                    "El Prado de San Jer\u00f3nimo"
                ]
            }
        },
        {
            "label": {
                "es": [
                    "Fecha de creaci\u00f3n inicial"
                ]
            },
            "value": {
                "es": [
                    "1926-01-01"
                ]
            }
        },
        {
            "label": {
                "es": [
                    "Fecha de creaci\u00f3n Matiz"
                ]
            },
            "value": {
                "es": [
                    "1926"
                ]
            }
        },
        {
            "label": {
                "es": [
                    "Fecha del registro"
                ]
            },
            "value": {
                "es": [
                    "2012-07-04"
                ]
            }
        },
        {
            "label": {
                "es": [
                    "Lugar"
                ]
            },
            "value": {
                "es": [
                    "Madrid"
                ]
            }
        },
        {
            "label": {
                "es": [
                    "Descripci\u00f3n"
                ]
            },
            "value": {
                "es": [
                    "\"Prado de s: ci / y  Paseo de Carlos II rey\"  (en la filacteria).\r\n\u00d3leo sobre lienzo.\r\n219 x 288 cm."
                ]
            }
        },
        {
            "label": {
                "es": [
                    "Tipo de documento"
                ]
            },
            "value": {
                "es": [
                    "Pintura"
                ]
            }
        },
        {
            "label": {
                "es": [
                    "Signatura"
                ]
            },
            "value": {
                "es": [
                    "Inv. 1779"
                ]
            }
        },
        {
            "label": {
                "es": [
                    "Materia"
                ]
            },
            "value": {
                "es": [
                    "Calle de Alcal\u00e1"
                ]
            }
        },
        {
            "label": {
                "es": [
                    "Comentarios (p\u00fablico)"
                ]
            },
            "value": {
                "es": [
                    "\"Es copia del siglo XX de un lienzo de finales del XVII fechado entre 1686-1700 y fue realizada para la exposici\u00f3n de 1926 , El Antiguo Madrid, origen del Museo de Historia de Madrid. Esta pieza forma conjunto con otra obra (Inv. 1780), que pertenec\u00eda en 1926 al marqu\u00e9s de Castel-Rodrigo que las conservaba en Mombello (Italia). El inter\u00e9s documental de ambas motiv\u00f3 la realizaci\u00f3n de sendas copias para que formaran parte de la citada exposici\u00f3n. \r\n\r\nEn primer t\u00e9rmino, tras las casas, se despliega el paseo del Prado, con el arroyo del Abro\u00f1igal flanqueado por \u00e1rboles y cruzado por dos peque\u00f1os puentes, y por el que discurre una larga comitiva de carrozas, quiz\u00e1s el paseo del rey Carlos II. A la izquierda se ve el convento de los Agustinos Recoletos y la calle de Alcal\u00e1 con la antigua Puerta, unida a la tapia de los jardines del Retiro, con numerosas construcciones, entre las que se distinguen el Sal\u00f3n de Reinos y el Cas\u00f3n\". \r\n\r\nComentario extra\u00eddo de CER.es"
                ]
            }
        },
        {
            "label": {
                "es": [
                    "Derechos"
                ]
            },
            "value": {
                "es": [
                    "http://creativecommons.org/licenses/by-nc/4.0/"
                ]
            }
        }
    ],
    "items": [
        {
            "id": "https://www.memoriademadrid.es/iiif/422875/canvas/p1241042",
            "type": "Canvas",
            "label": {
                "es": [
                    "1241042"
                ]
            },
            "duration": 122.045,
            "thumbnail": [
                {
                    "id": "https://www.memoriademadrid.es/thumbnail/747488",
                    "type": "Image",
                    "format": "image/jpeg",
                    "width": 1024,
                    "height": 778
                }
            ],
            "items": [
                {
                    "id": "https://www.memoriademadrid.es/file/1241042/content",
                    "type": "AnnotationPage",
                    "items": [
                        {
                            "id": "https://www.memoriademadrid.es/file/1241042/content",
                            "type": "Annotation",
                            "motivation": "painting",
                            "target": "https://www.memoriademadrid.es/file/1241042/content",
                            "body": {
                                "id": "https://www.memoriademadrid.es/file/1241042/content",
                                "type": "Video",
                                "format": "video/mp4"
                            }
                        }
                    ]
                }
            ]
        }
    ],
    "structures": []
}