{
    "id": "https://www.memoriademadrid.es/iiif/manifest/437215",
    "@context": "http://iiif.io/api/presentation/3/context.json",
    "type": "Manifest",
    "label": {
        "es": [
            "Carlos IV abdica la corona en su hijo Fernando"
        ]
    },
    "summary": {
        "es": [
            "\"D. Zacarias Velazquez lo dibuj\u00f3 D. Manuel Alegre lo grab\u00f3 / D\u00cdA 19. DE MARZO DE 1808. EN ARANJUEZ. / Carlos 4\u00ba abdica la corona en su hijo Fernando / Asegurado el Principe de la Paz, Fernando volvi\u00f3 \u00e1 Palacio: el Rey Carlos viendo las aclamaciones y aplausos con que su hijo hab\u00eda sido recibido del pueblo, la facilidad con que habia salvado de su / furor al odioso Favorito y la incapacidad en que el se hallaba para seguir gobernando, tom\u00f3 la resolucion de resignar la corona en su heredero, y lo anunci\u00f3 y ratific\u00f3 asi en un balc\u00f3n del palacio / \u00e1 la vista del inmenso concurso que estaba delante. Todos prorrumpieron en voces ex\u00e2ltadas de alegr\u00eda. y vitoreando \u00e1 un tiempo \u00e1 Padre y \u00e1 Hijo se creyeron felices desde aqu\u00e9l momento.\"\r\nCobre, talla dulce\r\n32 x 42 cm"
        ]
    },
    "homepage": [
        {
            "id": "https://www.memoriademadrid.es/view/437215",
            "type": "Text",
            "label": {
                "es": [
                    "Home Page"
                ]
            },
            "format": "text/html"
        }
    ],
    "behavior": [
        "continuous"
    ],
    "thumbnail": [
        {
            "id": "https://www.memoriademadrid.es/thumbnail/437215",
            "type": "Image",
            "format": "image/jpeg",
            "width": 1024,
            "height": 785
        }
    ],
    "metadata": [
        {
            "label": {
                "es": [
                    "Formato"
                ]
            },
            "value": {
                "es": [
                    "image/jpeg"
                ]
            }
        },
        {
            "label": {
                "es": [
                    "OpenAccess Estado"
                ]
            },
            "value": {
                "es": [
                    "PUBLISH"
                ]
            }
        },
        {
            "label": {
                "es": [
                    "OpenAccess Log"
                ]
            },
            "value": {
                "es": [
                    "Published in OpenAccess at 2024.11.05 08:39:04"
                ]
            }
        },
        {
            "label": {
                "es": [
                    "OpenAccess Enlace"
                ]
            },
            "value": {
                "es": [
                    "https://www.memoriademadrid.es/view/437215"
                ]
            }
        },
        {
            "label": {
                "es": [
                    "OpenAccess Perfil"
                ]
            },
            "value": {
                "es": [
                    "Imagen"
                ]
            }
        },
        {
            "label": {
                "es": [
                    "OpenAccess Colecci\u00f3n"
                ]
            },
            "value": {
                "es": [
                    "260321"
                ]
            }
        },
        {
            "label": {
                "es": [
                    "OpenAccess ID Esquema de Metadatos"
                ]
            },
            "value": {
                "es": [
                    "4"
                ]
            }
        },
        {
            "label": {
                "es": [
                    "OpenAccess Nombre"
                ]
            },
            "value": {
                "es": [
                    "Carlos IV abdica la corona en su hijo Fernando"
                ]
            }
        },
        {
            "label": {
                "es": [
                    "ImportadoDesde"
                ]
            },
            "value": {
                "es": [
                    "Vargas"
                ]
            }
        },
        {
            "label": {
                "es": [
                    "A\u00f1o Publicaci\u00f3n"
                ]
            },
            "value": {
                "es": [
                    "1815"
                ]
            }
        },
        {
            "label": {
                "es": [
                    "edm:object"
                ]
            },
            "value": {
                "es": [
                    "https://www.memoriademadrid.es/thumbnail/437215"
                ]
            }
        },
        {
            "label": {
                "es": [
                    "edm:isShownBy"
                ]
            },
            "value": {
                "es": [
                    "https://www.memoriademadrid.es/viewer/437215"
                ]
            }
        },
        {
            "label": {
                "es": [
                    "Tipo de recurso"
                ]
            },
            "value": {
                "es": [
                    "IMAGE"
                ]
            }
        },
        {
            "label": {
                "es": [
                    "Editor"
                ]
            },
            "value": {
                "es": [
                    "Ayuntamiento de Madrid. \u00c1rea de Las Artes"
                ]
            }
        },
        {
            "label": {
                "es": [
                    "Fecha de creaci\u00f3n final"
                ]
            },
            "value": {
                "es": [
                    "1815-12-31"
                ]
            }
        },
        {
            "label": {
                "es": [
                    "Idioma"
                ]
            },
            "value": {
                "es": [
                    "spa"
                ]
            }
        },
        {
            "label": {
                "es": [
                    "Clase de Patrimonio"
                ]
            },
            "value": {
                "es": [
                    "Patrimonio Art\u00edstico"
                ]
            }
        },
        {
            "label": {
                "es": [
                    "Instituci\u00f3n"
                ]
            },
            "value": {
                "es": [
                    "Museo de Historia"
                ]
            }
        },
        {
            "label": {
                "es": [
                    "ID Vargas"
                ]
            },
            "value": {
                "es": [
                    "4584"
                ]
            }
        },
        {
            "label": {
                "es": [
                    "Autor"
                ]
            },
            "value": {
                "es": [
                    "Manuel ALEGRE",
                    "Zacar\u00edas GONZ\u00c1LEZ VEL\u00c1ZQUEZ"
                ]
            }
        },
        {
            "label": {
                "es": [
                    "T\u00edtulo"
                ]
            },
            "value": {
                "es": [
                    "Carlos IV abdica la corona en su hijo Fernando"
                ]
            }
        },
        {
            "label": {
                "es": [
                    "Fecha de creaci\u00f3n Matiz"
                ]
            },
            "value": {
                "es": [
                    "ca. 1815"
                ]
            }
        },
        {
            "label": {
                "es": [
                    "Fecha del registro"
                ]
            },
            "value": {
                "es": [
                    "2012-06-28"
                ]
            }
        },
        {
            "label": {
                "es": [
                    "Fecha de creaci\u00f3n inicial"
                ]
            },
            "value": {
                "es": [
                    "1815-01-01"
                ]
            }
        },
        {
            "label": {
                "es": [
                    "Descripci\u00f3n"
                ]
            },
            "value": {
                "es": [
                    "\"D. Zacarias Velazquez lo dibuj\u00f3 D. Manuel Alegre lo grab\u00f3 / D\u00cdA 19. DE MARZO DE 1808. EN ARANJUEZ. / Carlos 4\u00ba abdica la corona en su hijo Fernando / Asegurado el Principe de la Paz, Fernando volvi\u00f3 \u00e1 Palacio: el Rey Carlos viendo las aclamaciones y aplausos con que su hijo hab\u00eda sido recibido del pueblo, la facilidad con que habia salvado de su / furor al odioso Favorito y la incapacidad en que el se hallaba para seguir gobernando, tom\u00f3 la resolucion de resignar la corona en su heredero, y lo anunci\u00f3 y ratific\u00f3 asi en un balc\u00f3n del palacio / \u00e1 la vista del inmenso concurso que estaba delante. Todos prorrumpieron en voces ex\u00e2ltadas de alegr\u00eda. y vitoreando \u00e1 un tiempo \u00e1 Padre y \u00e1 Hijo se creyeron felices desde aqu\u00e9l momento.\"\r\nCobre, talla dulce\r\n32 x 42 cm"
                ]
            }
        },
        {
            "label": {
                "es": [
                    "Tipo de documento"
                ]
            },
            "value": {
                "es": [
                    "Estampas"
                ]
            }
        },
        {
            "label": {
                "es": [
                    "Signatura"
                ]
            },
            "value": {
                "es": [
                    "Inv. 15136"
                ]
            }
        },
        {
            "label": {
                "es": [
                    "Comentarios (p\u00fablico)"
                ]
            },
            "value": {
                "es": [
                    "Estampa de car\u00e1cter descriptivo conmemorativo grabada al buril y al aguafuerte por Manuel Alegre (1768-1815) hacia 1813 seg\u00fan dibujo de Zacar\u00edas Gonz\u00e1lez Vel\u00e1zquez (1763-1834). Relata el momento en que Carlos IV en el balc\u00f3n del Palacio Real decide ceder la corona a su heredero. El gent\u00edo que entre aclamaciones, aplausos y v\u00edtores de alegr\u00eda recibe a Fernando representa a todas las clases sociales: arist\u00f3cratas, guardias de Corps, un cl\u00e9rigo, varias mujeres y campesinos levantan sus brazos y sombreros al aire.\r\nForma parte de una serie con im\u00e1genes de acontecimientos madrile\u00f1os, algunas de cuyas estampas anunciaron su venta en la Gaceta de la Regencia de las Espa\u00f1as del 5 de mayo 1814, debido a la exaltaci\u00f3n patri\u00f3tica y conmemortiva del Dos de Mayo de 1808.\r\n\r\n(Comentario del Cat\u00e1logo de la exposici\u00f3n \"Madrid 1808: ciudad y protagonistas\")"
                ]
            }
        },
        {
            "label": {
                "es": [
                    "Derechos"
                ]
            },
            "value": {
                "es": [
                    "http://creativecommons.org/licenses/by-nc/4.0/"
                ]
            }
        }
    ],
    "items": [
        {
            "id": "https://www.memoriademadrid.es/iiif/437215/canvas/p1",
            "type": "Canvas",
            "label": {
                "es": [
                    1
                ]
            },
            "width": 600,
            "height": 460,
            "thumbnail": [
                {
                    "id": "https://www.memoriademadrid.es/iiif/3/772778/full/^500,/0/default.jpg",
                    "type": "Image",
                    "format": "image/jpeg",
                    "width": 500,
                    "height": 383,
                    "services": [
                        {
                            "id": "https://www.memoriademadrid.es/iiif/3/772778",
                            "profile": "http://iiif.io/api/image/3/level1.json",
                            "@type": "http://iiif.io/api/image/3/context.json"
                        }
                    ]
                }
            ],
            "items": [
                {
                    "id": "https://www.memoriademadrid.es/iiif/3/772778",
                    "type": "AnnotationPage",
                    "items": [
                        {
                            "id": "https://www.memoriademadrid.es/iiif/3/772778",
                            "type": "Annotation",
                            "motivation": "painting",
                            "target": "https://www.memoriademadrid.es/iiif/3/772778",
                            "body": {
                                "id": "https://www.memoriademadrid.es/iiif/3/772778/full/^600,/0/default.jpg",
                                "type": "Image",
                                "format": "image/jpeg",
                                "width": 600,
                                "height": 460,
                                "service": [
                                    {
                                        "id": "https://www.memoriademadrid.es/iiif/2/772778",
                                        "profile": "http://iiif.io/api/image/2/level2.json",
                                        "type": "ImageService2"
                                    }
                                ]
                            }
                        }
                    ]
                }
            ]
        }
    ],
    "structures": []
}