{
    "id": "https://www.memoriademadrid.es/iiif/manifest/437251",
    "@context": "http://iiif.io/api/presentation/3/context.json",
    "type": "Manifest",
    "label": {
        "es": [
            "Entrada de Fernando VII por la Puerta de Atocha"
        ]
    },
    "summary": {
        "es": [
            "\"Zacarias Velazquez lo dibuj\u00f3. Fran.co de Paula Mart\u00ed lo grab\u00f3 a\u00f1o 1813. / D\u00cdA 26 DE MARZO EN MADRID. / Entrada de Fernando 7\u00ba por la Puerta de Atocha. / El pueblo de Madrid rebosando j\u00fabilo y contento sale \u00e1 recibir \u00e1 su nuevo monarca, que acompa\u00f1ado de los se\u00f1ores infantes su hermano D.n Carlos y su tio D.n An- / tonio de Borb\u00f3n con una brillante comitiva, entra por Las Delicias entre las mas vivas aclamaciones de un inmenso gent\u00edo que se disputaba la gloria de ver y bendecir \u00e1 su rey deseado.\"\r\nCobre, talla dulce \r\n34,8 x 42,1 cm"
        ]
    },
    "homepage": [
        {
            "id": "https://www.memoriademadrid.es/view/437251",
            "type": "Text",
            "label": {
                "es": [
                    "Home Page"
                ]
            },
            "format": "text/html"
        }
    ],
    "behavior": [
        "continuous"
    ],
    "thumbnail": [
        {
            "id": "https://www.memoriademadrid.es/thumbnail/437251",
            "type": "Image",
            "format": "image/jpeg",
            "width": 1024,
            "height": 768
        }
    ],
    "metadata": [
        {
            "label": {
                "es": [
                    "Formato"
                ]
            },
            "value": {
                "es": [
                    "image/jpeg"
                ]
            }
        },
        {
            "label": {
                "es": [
                    "OpenAccess Estado"
                ]
            },
            "value": {
                "es": [
                    "PUBLISH"
                ]
            }
        },
        {
            "label": {
                "es": [
                    "OpenAccess Log"
                ]
            },
            "value": {
                "es": [
                    "Published in OpenAccess at 2024.11.05 08:42:32"
                ]
            }
        },
        {
            "label": {
                "es": [
                    "OpenAccess Enlace"
                ]
            },
            "value": {
                "es": [
                    "https://www.memoriademadrid.es/view/437251"
                ]
            }
        },
        {
            "label": {
                "es": [
                    "OpenAccess Perfil"
                ]
            },
            "value": {
                "es": [
                    "Imagen"
                ]
            }
        },
        {
            "label": {
                "es": [
                    "OpenAccess Colecci\u00f3n"
                ]
            },
            "value": {
                "es": [
                    "260321"
                ]
            }
        },
        {
            "label": {
                "es": [
                    "OpenAccess ID Esquema de Metadatos"
                ]
            },
            "value": {
                "es": [
                    "4"
                ]
            }
        },
        {
            "label": {
                "es": [
                    "OpenAccess Nombre"
                ]
            },
            "value": {
                "es": [
                    "Entrada de Fernando VII por la Puerta de Atocha"
                ]
            }
        },
        {
            "label": {
                "es": [
                    "ImportadoDesde"
                ]
            },
            "value": {
                "es": [
                    "Vargas"
                ]
            }
        },
        {
            "label": {
                "es": [
                    "A\u00f1o Publicaci\u00f3n"
                ]
            },
            "value": {
                "es": [
                    "1813"
                ]
            }
        },
        {
            "label": {
                "es": [
                    "Notas (privadas)"
                ]
            },
            "value": {
                "es": [
                    "Exposici\u00f3n Virgen de Atocha. Atocha y Corte"
                ]
            }
        },
        {
            "label": {
                "es": [
                    "edm:object"
                ]
            },
            "value": {
                "es": [
                    "https://www.memoriademadrid.es/thumbnail/437251"
                ]
            }
        },
        {
            "label": {
                "es": [
                    "edm:isShownBy"
                ]
            },
            "value": {
                "es": [
                    "https://www.memoriademadrid.es/viewer/437251"
                ]
            }
        },
        {
            "label": {
                "es": [
                    "Tipo de recurso"
                ]
            },
            "value": {
                "es": [
                    "IMAGE"
                ]
            }
        },
        {
            "label": {
                "es": [
                    "Editor"
                ]
            },
            "value": {
                "es": [
                    "Ayuntamiento de Madrid. \u00c1rea de Las Artes"
                ]
            }
        },
        {
            "label": {
                "es": [
                    "Fecha de creaci\u00f3n final"
                ]
            },
            "value": {
                "es": [
                    "1813-12-31"
                ]
            }
        },
        {
            "label": {
                "es": [
                    "Idioma"
                ]
            },
            "value": {
                "es": [
                    "spa"
                ]
            }
        },
        {
            "label": {
                "es": [
                    "Clase de Patrimonio"
                ]
            },
            "value": {
                "es": [
                    "Patrimonio Art\u00edstico"
                ]
            }
        },
        {
            "label": {
                "es": [
                    "Instituci\u00f3n"
                ]
            },
            "value": {
                "es": [
                    "Museo de Historia"
                ]
            }
        },
        {
            "label": {
                "es": [
                    "ID Vargas"
                ]
            },
            "value": {
                "es": [
                    "4907"
                ]
            }
        },
        {
            "label": {
                "es": [
                    "Autor"
                ]
            },
            "value": {
                "es": [
                    "Francisco de Paula MART\u00cd MORA",
                    "Zacar\u00edas GONZ\u00c1LEZ VEL\u00c1ZQUEZ"
                ]
            }
        },
        {
            "label": {
                "es": [
                    "T\u00edtulo"
                ]
            },
            "value": {
                "es": [
                    "Entrada de Fernando VII por la Puerta de Atocha"
                ]
            }
        },
        {
            "label": {
                "es": [
                    "Fecha de creaci\u00f3n Matiz"
                ]
            },
            "value": {
                "es": [
                    "1813"
                ]
            }
        },
        {
            "label": {
                "es": [
                    "Fecha del registro"
                ]
            },
            "value": {
                "es": [
                    "2012-06-28"
                ]
            }
        },
        {
            "label": {
                "es": [
                    "Fecha de creaci\u00f3n inicial"
                ]
            },
            "value": {
                "es": [
                    "1813-01-01"
                ]
            }
        },
        {
            "label": {
                "es": [
                    "Lugar"
                ]
            },
            "value": {
                "es": [
                    "Madrid"
                ]
            }
        },
        {
            "label": {
                "es": [
                    "Descripci\u00f3n"
                ]
            },
            "value": {
                "es": [
                    "\"Zacarias Velazquez lo dibuj\u00f3. Fran.co de Paula Mart\u00ed lo grab\u00f3 a\u00f1o 1813. / D\u00cdA 26 DE MARZO EN MADRID. / Entrada de Fernando 7\u00ba por la Puerta de Atocha. / El pueblo de Madrid rebosando j\u00fabilo y contento sale \u00e1 recibir \u00e1 su nuevo monarca, que acompa\u00f1ado de los se\u00f1ores infantes su hermano D.n Carlos y su tio D.n An- / tonio de Borb\u00f3n con una brillante comitiva, entra por Las Delicias entre las mas vivas aclamaciones de un inmenso gent\u00edo que se disputaba la gloria de ver y bendecir \u00e1 su rey deseado.\"\r\nCobre, talla dulce \r\n34,8 x 42,1 cm"
                ]
            }
        },
        {
            "label": {
                "es": [
                    "Tipo de documento"
                ]
            },
            "value": {
                "es": [
                    "Estampas"
                ]
            }
        },
        {
            "label": {
                "es": [
                    "Signatura"
                ]
            },
            "value": {
                "es": [
                    "Inv. 1537"
                ]
            }
        },
        {
            "label": {
                "es": [
                    "Comentarios (p\u00fablico)"
                ]
            },
            "value": {
                "es": [
                    "Estampa que recoge el momento en que Fernando VII entra en Madrid por la puerta de Atocha tras los sucesos de Aranjuez. En la imagen se puede ver que el monarca llega escoltado por la Guardia de Corps y acompa\u00f1ado por los infantes don Carlos y don Antonio. Le reciben un grupo de mujeres y hombres que le saludan calurosamente. \r\nEn la misma estampa se sugiere la entrada del monarca en Madrid en 1813 recurriendo a una imagen del Hospital de San Carlos medio destruido tras la salida de Jos\u00e9 Bonaparte. Pertenece a una colecci\u00f3n de cuatro estampas dibujadas por Zacar\u00edas Gonz\u00e1lez Vel\u00e1zquez, una de ellas Mot\u00edn de Aranjuez fue posteriormente trasladada a un pa\u00eds de abanico de forma simplificada.\r\n\r\n(Comentario del Cat\u00e1logo de la exposici\u00f3n \"Madrid 1808: Ciudad y Protagonistas\")"
                ]
            }
        },
        {
            "label": {
                "es": [
                    "Derechos"
                ]
            },
            "value": {
                "es": [
                    "http://creativecommons.org/licenses/by-nc/4.0/"
                ]
            }
        }
    ],
    "items": [
        {
            "id": "https://www.memoriademadrid.es/iiif/437251/canvas/p1",
            "type": "Canvas",
            "label": {
                "es": [
                    1
                ]
            },
            "width": 1000,
            "height": 750,
            "thumbnail": [
                {
                    "id": "https://www.memoriademadrid.es/iiif/3/772868/full/^500,/0/default.jpg",
                    "type": "Image",
                    "format": "image/jpeg",
                    "width": 500,
                    "height": 375,
                    "services": [
                        {
                            "id": "https://www.memoriademadrid.es/iiif/3/772868",
                            "profile": "http://iiif.io/api/image/3/level1.json",
                            "@type": "http://iiif.io/api/image/3/context.json"
                        }
                    ]
                }
            ],
            "items": [
                {
                    "id": "https://www.memoriademadrid.es/iiif/3/772868",
                    "type": "AnnotationPage",
                    "items": [
                        {
                            "id": "https://www.memoriademadrid.es/iiif/3/772868",
                            "type": "Annotation",
                            "motivation": "painting",
                            "target": "https://www.memoriademadrid.es/iiif/3/772868",
                            "body": {
                                "id": "https://www.memoriademadrid.es/iiif/3/772868/full/^1000,/0/default.jpg",
                                "type": "Image",
                                "format": "image/jpeg",
                                "width": 1000,
                                "height": 750,
                                "service": [
                                    {
                                        "id": "https://www.memoriademadrid.es/iiif/2/772868",
                                        "profile": "http://iiif.io/api/image/2/level2.json",
                                        "type": "ImageService2"
                                    }
                                ]
                            }
                        }
                    ]
                }
            ]
        }
    ],
    "structures": []
}