{
    "id": "https://www.memoriademadrid.es/iiif/manifest/437275",
    "@context": "http://iiif.io/api/presentation/3/context.json",
    "type": "Manifest",
    "label": {
        "es": [
            "Retrato aleg\u00f3rico de Fernando VII"
        ]
    },
    "summary": {
        "es": [
            "\"FERNANDO VII. / POR ESPECIAL PROVIDENCIA DE DIOS REY DE ESPA\u00d1A E INDIAS / La Religion y la Justicia consolidan la Corona de Espa\u00f1a. El retrato de su Monarca se ve sostenido por el Sol, q.e descubre sus admirables virtudes, iluminando \u00e1 la Naci- / on, a fin de q.e v\u00e9a, quan injustamente se le priva del derecho de gobernar \u00e1 los dos Mundos. Estos, ce\u00f1idos con la Banda de la Orden de la Pur\u00edsima Concepci\u00f3n su Patrona, ma- / nifiestan un mismo sentimento, ex\u00e1lando una negra nube, la qual arroja el rayo de la venganza contra la rapante Aguila q.e cae aturdida. El Leon mirando a la Justicia, afianza su cuello / con una de sus garras, y con la ayuda de sus Americas y de la fiel Nacion aliada, hace esfuerzos para ahogarla, y restituir la libertad \u00e1 toda Europa. / Dedicado \u00e1 Ntro. Catolico Monarca FERNANDO VII. y Supremo Consejo de Regencia por el Coronel D.n Luis Marchesi, quien lo invent\u00f3 y pint\u00f3 siendo Comandante General en / Tortosa; en cuya Ciudad se proclam\u00f3 \u00e1 S. M. en 30 de Mayo de 1808, con el original. // Grabado por Vicente Capilla en Val.a a\u00f1o 1810.\"\r\nCobre, talla dulce.\r\n46 x 32,2 cm."
        ]
    },
    "homepage": [
        {
            "id": "https://www.memoriademadrid.es/view/437275",
            "type": "Text",
            "label": {
                "es": [
                    "Home Page"
                ]
            },
            "format": "text/html"
        }
    ],
    "behavior": [
        "continuous"
    ],
    "thumbnail": [
        {
            "id": "https://www.memoriademadrid.es/thumbnail/437275",
            "type": "Image",
            "format": "image/jpeg",
            "width": 737,
            "height": 1024
        }
    ],
    "metadata": [
        {
            "label": {
                "es": [
                    "Formato"
                ]
            },
            "value": {
                "es": [
                    "image/jpeg"
                ]
            }
        },
        {
            "label": {
                "es": [
                    "edm:object"
                ]
            },
            "value": {
                "es": [
                    "https://www.memoriademadrid.es/thumbnail/437275"
                ]
            }
        },
        {
            "label": {
                "es": [
                    "OpenAccess Estado"
                ]
            },
            "value": {
                "es": [
                    "PUBLISH"
                ]
            }
        },
        {
            "label": {
                "es": [
                    "OpenAccess Log"
                ]
            },
            "value": {
                "es": [
                    "Published in OpenAccess at 2024.11.05 08:44:48"
                ]
            }
        },
        {
            "label": {
                "es": [
                    "OpenAccess Enlace"
                ]
            },
            "value": {
                "es": [
                    "https://www.memoriademadrid.es/view/437275"
                ]
            }
        },
        {
            "label": {
                "es": [
                    "OpenAccess Perfil"
                ]
            },
            "value": {
                "es": [
                    "Imagen"
                ]
            }
        },
        {
            "label": {
                "es": [
                    "OpenAccess Colecci\u00f3n"
                ]
            },
            "value": {
                "es": [
                    "260321"
                ]
            }
        },
        {
            "label": {
                "es": [
                    "OpenAccess ID Esquema de Metadatos"
                ]
            },
            "value": {
                "es": [
                    "4"
                ]
            }
        },
        {
            "label": {
                "es": [
                    "OpenAccess Nombre"
                ]
            },
            "value": {
                "es": [
                    "Retrato aleg\u00f3rico de Fernando VII"
                ]
            }
        },
        {
            "label": {
                "es": [
                    "ImportadoDesde"
                ]
            },
            "value": {
                "es": [
                    "Vargas"
                ]
            }
        },
        {
            "label": {
                "es": [
                    "A\u00f1o Publicaci\u00f3n"
                ]
            },
            "value": {
                "es": [
                    "1810"
                ]
            }
        },
        {
            "label": {
                "es": [
                    "edm:isShownBy"
                ]
            },
            "value": {
                "es": [
                    "https://www.memoriademadrid.es/viewer/437275"
                ]
            }
        },
        {
            "label": {
                "es": [
                    "Tipo de recurso"
                ]
            },
            "value": {
                "es": [
                    "IMAGE"
                ]
            }
        },
        {
            "label": {
                "es": [
                    "Editor"
                ]
            },
            "value": {
                "es": [
                    "Ayuntamiento de Madrid. \u00c1rea de Las Artes"
                ]
            }
        },
        {
            "label": {
                "es": [
                    "Fecha de creaci\u00f3n final"
                ]
            },
            "value": {
                "es": [
                    "1810-12-31"
                ]
            }
        },
        {
            "label": {
                "es": [
                    "Idioma"
                ]
            },
            "value": {
                "es": [
                    "spa"
                ]
            }
        },
        {
            "label": {
                "es": [
                    "Clase de Patrimonio"
                ]
            },
            "value": {
                "es": [
                    "Patrimonio Art\u00edstico"
                ]
            }
        },
        {
            "label": {
                "es": [
                    "Instituci\u00f3n"
                ]
            },
            "value": {
                "es": [
                    "Museo de Historia"
                ]
            }
        },
        {
            "label": {
                "es": [
                    "ID Vargas"
                ]
            },
            "value": {
                "es": [
                    "4923"
                ]
            }
        },
        {
            "label": {
                "es": [
                    "Autor"
                ]
            },
            "value": {
                "es": [
                    "Luis MARCHESI",
                    "Vicente CAPILLA y GIL"
                ]
            }
        },
        {
            "label": {
                "es": [
                    "T\u00edtulo"
                ]
            },
            "value": {
                "es": [
                    "Retrato aleg\u00f3rico de Fernando VII"
                ]
            }
        },
        {
            "label": {
                "es": [
                    "Fecha del registro"
                ]
            },
            "value": {
                "es": [
                    "2012-06-28"
                ]
            }
        },
        {
            "label": {
                "es": [
                    "Fecha de creaci\u00f3n Matiz"
                ]
            },
            "value": {
                "es": [
                    "1810"
                ]
            }
        },
        {
            "label": {
                "es": [
                    "Fecha de creaci\u00f3n inicial"
                ]
            },
            "value": {
                "es": [
                    "1810-01-01"
                ]
            }
        },
        {
            "label": {
                "es": [
                    "Descripci\u00f3n"
                ]
            },
            "value": {
                "es": [
                    "\"FERNANDO VII. / POR ESPECIAL PROVIDENCIA DE DIOS REY DE ESPA\u00d1A E INDIAS / La Religion y la Justicia consolidan la Corona de Espa\u00f1a. El retrato de su Monarca se ve sostenido por el Sol, q.e descubre sus admirables virtudes, iluminando \u00e1 la Naci- / on, a fin de q.e v\u00e9a, quan injustamente se le priva del derecho de gobernar \u00e1 los dos Mundos. Estos, ce\u00f1idos con la Banda de la Orden de la Pur\u00edsima Concepci\u00f3n su Patrona, ma- / nifiestan un mismo sentimento, ex\u00e1lando una negra nube, la qual arroja el rayo de la venganza contra la rapante Aguila q.e cae aturdida. El Leon mirando a la Justicia, afianza su cuello / con una de sus garras, y con la ayuda de sus Americas y de la fiel Nacion aliada, hace esfuerzos para ahogarla, y restituir la libertad \u00e1 toda Europa. / Dedicado \u00e1 Ntro. Catolico Monarca FERNANDO VII. y Supremo Consejo de Regencia por el Coronel D.n Luis Marchesi, quien lo invent\u00f3 y pint\u00f3 siendo Comandante General en / Tortosa; en cuya Ciudad se proclam\u00f3 \u00e1 S. M. en 30 de Mayo de 1808, con el original. // Grabado por Vicente Capilla en Val.a a\u00f1o 1810.\"\r\nCobre, talla dulce.\r\n46 x 32,2 cm."
                ]
            }
        },
        {
            "label": {
                "es": [
                    "Tipo de documento"
                ]
            },
            "value": {
                "es": [
                    "Estampas"
                ]
            }
        },
        {
            "label": {
                "es": [
                    "Signatura"
                ]
            },
            "value": {
                "es": [
                    "Inv. 4639"
                ]
            }
        },
        {
            "label": {
                "es": [
                    "Derechos"
                ]
            },
            "value": {
                "es": [
                    "http://creativecommons.org/licenses/by-nc/4.0/"
                ]
            }
        }
    ],
    "items": [
        {
            "id": "https://www.memoriademadrid.es/iiif/437275/canvas/p1",
            "type": "Canvas",
            "label": {
                "es": [
                    1
                ]
            },
            "width": 600,
            "height": 834,
            "thumbnail": [
                {
                    "id": "https://www.memoriademadrid.es/iiif/3/772913/full/^500,/0/default.jpg",
                    "type": "Image",
                    "format": "image/jpeg",
                    "width": 500,
                    "height": 695,
                    "services": [
                        {
                            "id": "https://www.memoriademadrid.es/iiif/3/772913",
                            "profile": "http://iiif.io/api/image/3/level1.json",
                            "@type": "http://iiif.io/api/image/3/context.json"
                        }
                    ]
                }
            ],
            "items": [
                {
                    "id": "https://www.memoriademadrid.es/iiif/3/772913",
                    "type": "AnnotationPage",
                    "items": [
                        {
                            "id": "https://www.memoriademadrid.es/iiif/3/772913",
                            "type": "Annotation",
                            "motivation": "painting",
                            "target": "https://www.memoriademadrid.es/iiif/3/772913",
                            "body": {
                                "id": "https://www.memoriademadrid.es/iiif/3/772913/full/^600,/0/default.jpg",
                                "type": "Image",
                                "format": "image/jpeg",
                                "width": 600,
                                "height": 834,
                                "service": [
                                    {
                                        "id": "https://www.memoriademadrid.es/iiif/2/772913",
                                        "profile": "http://iiif.io/api/image/2/level2.json",
                                        "type": "ImageService2"
                                    }
                                ]
                            }
                        }
                    ]
                }
            ]
        }
    ],
    "structures": []
}