{
    "id": "https://www.memoriademadrid.es/iiif/manifest/437333",
    "@context": "http://iiif.io/api/presentation/3/context.json",
    "type": "Manifest",
    "label": {
        "es": [
            "La Florida. Madrid"
        ]
    },
    "summary": {
        "es": [
            "\"Liger del. Lerouge, Gossard et Schroeder sculp. / VISTA de la FLORIDA en MADRID. / VUE de la FLORIDA \u00e0 MADRID. A VIEW of the FLORIDA at MADRID\".\r\nCobre, talla dulce.\r\n36 x 46,3 cm."
        ]
    },
    "homepage": [
        {
            "id": "https://www.memoriademadrid.es/view/437333",
            "type": "Text",
            "label": {
                "es": [
                    "Home Page"
                ]
            },
            "format": "text/html"
        }
    ],
    "behavior": [
        "continuous"
    ],
    "thumbnail": [
        {
            "id": "https://www.memoriademadrid.es/thumbnail/437333",
            "type": "Image",
            "format": "image/jpeg",
            "width": 1024,
            "height": 795
        }
    ],
    "metadata": [
        {
            "label": {
                "es": [
                    "Formato"
                ]
            },
            "value": {
                "es": [
                    "image/jpeg"
                ]
            }
        },
        {
            "label": {
                "es": [
                    "OpenAccess Estado"
                ]
            },
            "value": {
                "es": [
                    "PUBLISH"
                ]
            }
        },
        {
            "label": {
                "es": [
                    "OpenAccess Log"
                ]
            },
            "value": {
                "es": [
                    "Published in OpenAccess at 2024.11.05 08:50:27"
                ]
            }
        },
        {
            "label": {
                "es": [
                    "OpenAccess Enlace"
                ]
            },
            "value": {
                "es": [
                    "https://www.memoriademadrid.es/view/437333"
                ]
            }
        },
        {
            "label": {
                "es": [
                    "OpenAccess Perfil"
                ]
            },
            "value": {
                "es": [
                    "Imagen"
                ]
            }
        },
        {
            "label": {
                "es": [
                    "OpenAccess Colecci\u00f3n"
                ]
            },
            "value": {
                "es": [
                    "260321"
                ]
            }
        },
        {
            "label": {
                "es": [
                    "OpenAccess ID Esquema de Metadatos"
                ]
            },
            "value": {
                "es": [
                    "4"
                ]
            }
        },
        {
            "label": {
                "es": [
                    "OpenAccess Nombre"
                ]
            },
            "value": {
                "es": [
                    "La Florida. Madrid"
                ]
            }
        },
        {
            "label": {
                "es": [
                    "ImportadoDesde"
                ]
            },
            "value": {
                "es": [
                    "Vargas"
                ]
            }
        },
        {
            "label": {
                "es": [
                    "A\u00f1o Publicaci\u00f3n"
                ]
            },
            "value": {
                "es": [
                    "1806"
                ]
            }
        },
        {
            "label": {
                "es": [
                    "edm:object"
                ]
            },
            "value": {
                "es": [
                    "https://www.memoriademadrid.es/thumbnail/437333"
                ]
            }
        },
        {
            "label": {
                "es": [
                    "edm:isShownBy"
                ]
            },
            "value": {
                "es": [
                    "https://www.memoriademadrid.es/viewer/437333"
                ]
            }
        },
        {
            "label": {
                "es": [
                    "Tipo de recurso"
                ]
            },
            "value": {
                "es": [
                    "IMAGE"
                ]
            }
        },
        {
            "label": {
                "es": [
                    "Editor"
                ]
            },
            "value": {
                "es": [
                    "Ayuntamiento de Madrid. \u00c1rea de Las Artes"
                ]
            }
        },
        {
            "label": {
                "es": [
                    "Fecha de creaci\u00f3n final"
                ]
            },
            "value": {
                "es": [
                    "1806-12-31"
                ]
            }
        },
        {
            "label": {
                "es": [
                    "Idioma"
                ]
            },
            "value": {
                "es": [
                    "spa"
                ]
            }
        },
        {
            "label": {
                "es": [
                    "Clase de Patrimonio"
                ]
            },
            "value": {
                "es": [
                    "Patrimonio Art\u00edstico"
                ]
            }
        },
        {
            "label": {
                "es": [
                    "Instituci\u00f3n"
                ]
            },
            "value": {
                "es": [
                    "Museo de Historia"
                ]
            }
        },
        {
            "label": {
                "es": [
                    "ID Vargas"
                ]
            },
            "value": {
                "es": [
                    "4970"
                ]
            }
        },
        {
            "label": {
                "es": [
                    "Autor"
                ]
            },
            "value": {
                "es": [
                    "GOSSARD",
                    "Jean-Nicolas LEROUGE",
                    "Karl SCHR\u00d6DER",
                    "LIGER"
                ]
            }
        },
        {
            "label": {
                "es": [
                    "T\u00edtulo"
                ]
            },
            "value": {
                "es": [
                    "La Florida. Madrid"
                ]
            }
        },
        {
            "label": {
                "es": [
                    "Fecha de creaci\u00f3n Matiz"
                ]
            },
            "value": {
                "es": [
                    "Entre 1806 y 1820"
                ]
            }
        },
        {
            "label": {
                "es": [
                    "Fecha del registro"
                ]
            },
            "value": {
                "es": [
                    "2012-06-28"
                ]
            }
        },
        {
            "label": {
                "es": [
                    "Fecha de creaci\u00f3n inicial"
                ]
            },
            "value": {
                "es": [
                    "1806-01-01"
                ]
            }
        },
        {
            "label": {
                "es": [
                    "Descripci\u00f3n"
                ]
            },
            "value": {
                "es": [
                    "\"Liger del. Lerouge, Gossard et Schroeder sculp. / VISTA de la FLORIDA en MADRID. / VUE de la FLORIDA \u00e0 MADRID. A VIEW of the FLORIDA at MADRID\".\r\nCobre, talla dulce.\r\n36 x 46,3 cm."
                ]
            }
        },
        {
            "label": {
                "es": [
                    "Tipo de documento"
                ]
            },
            "value": {
                "es": [
                    "Estampas"
                ]
            }
        },
        {
            "label": {
                "es": [
                    "Signatura"
                ]
            },
            "value": {
                "es": [
                    "Inv. 2446"
                ]
            }
        },
        {
            "label": {
                "es": [
                    "Comentarios (p\u00fablico)"
                ]
            },
            "value": {
                "es": [
                    "Estampa que representa una zona de esparcimiento y descanso de la aristocracia dieciochesca situada en la finca de \"La Florida\" en cuya ermita Goya pint\u00f3 sus frescos. Pertenece al libro de viajes del arque\u00f3logo franc\u00e9s Alexandre Laborde, Voyage pittoresque et historique de l\u00b4Espagne, publicado entre 1806 y 1820 con motivo de su viaje a Espa\u00f1a como agregado de Lucien Bonaparte. Laborde redact\u00f3 los textos mientras que un grupo de dibujantes entre los que se encontraba Ligier, dejaron constancia del paisaje y el arte espa\u00f1ol antes de la guerra de la Independencia. El grabador Jean Nicol\u00e1s Lerouge recoge con fidelidad las arquitecturas y personajes de la escena. Carlos IV compr\u00f3 la finca representada para residencia de la Reina Maria Luisa. El Palacio Real centra la composici\u00f3n.\r\n\r\n(Comentario del Cat\u00e1logo de la exposici\u00f3n  \"Madrid 1808: Ciudad y Protagonistas\")"
                ]
            }
        },
        {
            "label": {
                "es": [
                    "Derechos"
                ]
            },
            "value": {
                "es": [
                    "http://creativecommons.org/licenses/by-nc/4.0/"
                ]
            }
        }
    ],
    "items": [
        {
            "id": "https://www.memoriademadrid.es/iiif/437333/canvas/p1",
            "type": "Canvas",
            "label": {
                "es": [
                    1
                ]
            },
            "width": 800,
            "height": 621,
            "thumbnail": [
                {
                    "id": "https://www.memoriademadrid.es/iiif/3/773027/full/^500,/0/default.jpg",
                    "type": "Image",
                    "format": "image/jpeg",
                    "width": 500,
                    "height": 388,
                    "services": [
                        {
                            "id": "https://www.memoriademadrid.es/iiif/3/773027",
                            "profile": "http://iiif.io/api/image/3/level1.json",
                            "@type": "http://iiif.io/api/image/3/context.json"
                        }
                    ]
                }
            ],
            "items": [
                {
                    "id": "https://www.memoriademadrid.es/iiif/3/773027",
                    "type": "AnnotationPage",
                    "items": [
                        {
                            "id": "https://www.memoriademadrid.es/iiif/3/773027",
                            "type": "Annotation",
                            "motivation": "painting",
                            "target": "https://www.memoriademadrid.es/iiif/3/773027",
                            "body": {
                                "id": "https://www.memoriademadrid.es/iiif/3/773027/full/^800,/0/default.jpg",
                                "type": "Image",
                                "format": "image/jpeg",
                                "width": 800,
                                "height": 621,
                                "service": [
                                    {
                                        "id": "https://www.memoriademadrid.es/iiif/2/773027",
                                        "profile": "http://iiif.io/api/image/2/level2.json",
                                        "type": "ImageService2"
                                    }
                                ]
                            }
                        }
                    ]
                }
            ]
        }
    ],
    "structures": []
}