{
    "id": "https://www.memoriademadrid.es/iiif/manifest/438249",
    "@context": "http://iiif.io/api/presentation/3/context.json",
    "type": "Manifest",
    "label": {
        "es": [
            "Frescos de la ermita de San Antonio de la Florida. B\u00f3veda del Presbiterio"
        ]
    },
    "summary": {
        "es": [
            "La t\u00e9cnica que utiliz\u00f3 el artista en estas pinturas es la del fresco, y consiste en extender sobre el muro una capa de mortero h\u00famedo de cal y arena en la zona a trabajar en el d\u00eda, llamada \"jornada\". En esta superficie se dibuja el motivo a pintar con la ayuda de cartones (bocetos) y un punz\u00f3n, dejando marcas incisas. Despu\u00e9s, antes de secarse, se aplican los pigmentos mezclados con agua. La humedad produce la carbonizaci\u00f3n de la cal que une indisolublemente la pintura a la pared."
        ]
    },
    "homepage": [
        {
            "id": "https://www.memoriademadrid.es/view/438249",
            "type": "Text",
            "label": {
                "es": [
                    "Home Page"
                ]
            },
            "format": "text/html"
        }
    ],
    "behavior": [
        "continuous"
    ],
    "thumbnail": [
        {
            "id": "https://www.memoriademadrid.es/thumbnail/438249",
            "type": "Image",
            "format": "image/jpeg",
            "width": 509,
            "height": 1024
        }
    ],
    "metadata": [
        {
            "label": {
                "es": [
                    "Instituci\u00f3n"
                ]
            },
            "value": {
                "es": [
                    "Otras instituciones"
                ]
            }
        },
        {
            "label": {
                "es": [
                    "edm:isShownBy"
                ]
            },
            "value": {
                "es": [
                    "https://www.memoriademadrid.es/viewer/438249"
                ]
            }
        },
        {
            "label": {
                "es": [
                    "edm:object"
                ]
            },
            "value": {
                "es": [
                    "https://www.memoriademadrid.es/thumbnail/438249"
                ]
            }
        },
        {
            "label": {
                "es": [
                    "OpenAccess Estado"
                ]
            },
            "value": {
                "es": [
                    "PUBLISH"
                ]
            }
        },
        {
            "label": {
                "es": [
                    "OpenAccess Log"
                ]
            },
            "value": {
                "es": [
                    "Updated in OpenAccess at 2025.09.15 07:25:34."
                ]
            }
        },
        {
            "label": {
                "es": [
                    "URL Derechos"
                ]
            },
            "value": {
                "es": [
                    "<a href=http://creativecommons.org/licenses/by-nc/4.0/ >Creative Commons BY-NC 4.0</a>"
                ]
            }
        },
        {
            "label": {
                "es": [
                    "Clase de Patrimonio"
                ]
            },
            "value": {
                "es": [
                    "Patrimonio art\u00edstico"
                ]
            }
        },
        {
            "label": {
                "es": [
                    "OpenAccess Enlace"
                ]
            },
            "value": {
                "es": [
                    "https://www.memoriademadrid.es/view/438249"
                ]
            }
        },
        {
            "label": {
                "es": [
                    "VisorMapa"
                ]
            },
            "value": {
                "es": [
                    "SXVIIIEspinosaMonteros"
                ]
            }
        },
        {
            "label": {
                "es": [
                    "OpenAccess Perfil"
                ]
            },
            "value": {
                "es": [
                    "Imagen"
                ]
            }
        },
        {
            "label": {
                "es": [
                    "OpenAccess Colecci\u00f3n"
                ]
            },
            "value": {
                "es": [
                    "260321"
                ]
            }
        },
        {
            "label": {
                "es": [
                    "OpenAccess ID Esquema de Metadatos"
                ]
            },
            "value": {
                "es": [
                    "4"
                ]
            }
        },
        {
            "label": {
                "es": [
                    "OpenAccess Nombre"
                ]
            },
            "value": {
                "es": [
                    "Frescos de la ermita de San Antonio de la Florida. B\u00f3veda del Presbiterio"
                ]
            }
        },
        {
            "label": {
                "es": [
                    "ImportadoDesde"
                ]
            },
            "value": {
                "es": [
                    "Vargas"
                ]
            }
        },
        {
            "label": {
                "es": [
                    "A\u00f1o Publicaci\u00f3n"
                ]
            },
            "value": {
                "es": [
                    "1798"
                ]
            }
        },
        {
            "label": {
                "es": [
                    "ID Vargas"
                ]
            },
            "value": {
                "es": [
                    "6372"
                ]
            }
        },
        {
            "label": {
                "es": [
                    "Formato"
                ]
            },
            "value": {
                "es": [
                    "image/jpeg"
                ]
            }
        },
        {
            "label": {
                "es": [
                    "Tipo de recurso"
                ]
            },
            "value": {
                "es": [
                    "IMAGE"
                ]
            }
        },
        {
            "label": {
                "es": [
                    "Editor"
                ]
            },
            "value": {
                "es": [
                    "Ayuntamiento de Madrid. \u00c1rea de Las Artes"
                ]
            }
        },
        {
            "label": {
                "es": [
                    "Latitud/Longitud WGS 84"
                ]
            },
            "value": {
                "es": [
                    "40.42531723,-3.72554773"
                ]
            }
        },
        {
            "label": {
                "es": [
                    "Idioma"
                ]
            },
            "value": {
                "es": [
                    "spa"
                ]
            }
        },
        {
            "label": {
                "es": [
                    "Fecha de creaci\u00f3n final"
                ]
            },
            "value": {
                "es": [
                    "1798-12-31"
                ]
            }
        },
        {
            "label": {
                "es": [
                    "Autor"
                ]
            },
            "value": {
                "es": [
                    "Francisco de GOYA y LUCIENTES"
                ]
            }
        },
        {
            "label": {
                "es": [
                    "T\u00edtulo"
                ]
            },
            "value": {
                "es": [
                    "Frescos de la ermita de San Antonio de la Florida. B\u00f3veda del Presbiterio"
                ]
            }
        },
        {
            "label": {
                "es": [
                    "Fecha del registro"
                ]
            },
            "value": {
                "es": [
                    "2012-07-02"
                ]
            }
        },
        {
            "label": {
                "es": [
                    "Fecha de creaci\u00f3n inicial"
                ]
            },
            "value": {
                "es": [
                    "1798-01-01"
                ]
            }
        },
        {
            "label": {
                "es": [
                    "Fecha de creaci\u00f3n Matiz"
                ]
            },
            "value": {
                "es": [
                    "1798"
                ]
            }
        },
        {
            "label": {
                "es": [
                    "Lugar"
                ]
            },
            "value": {
                "es": [
                    "Madrid"
                ]
            }
        },
        {
            "label": {
                "es": [
                    "Descripci\u00f3n"
                ]
            },
            "value": {
                "es": [
                    "La t\u00e9cnica que utiliz\u00f3 el artista en estas pinturas es la del fresco, y consiste en extender sobre el muro una capa de mortero h\u00famedo de cal y arena en la zona a trabajar en el d\u00eda, llamada \"jornada\". En esta superficie se dibuja el motivo a pintar con la ayuda de cartones (bocetos) y un punz\u00f3n, dejando marcas incisas. Despu\u00e9s, antes de secarse, se aplican los pigmentos mezclados con agua. La humedad produce la carbonizaci\u00f3n de la cal que une indisolublemente la pintura a la pared."
                ]
            }
        },
        {
            "label": {
                "es": [
                    "Tipo de documento"
                ]
            },
            "value": {
                "es": [
                    "Pintura"
                ]
            }
        },
        {
            "label": {
                "es": [
                    "Signatura"
                ]
            },
            "value": {
                "es": [
                    "s/sig"
                ]
            }
        },
        {
            "label": {
                "es": [
                    "Materia"
                ]
            },
            "value": {
                "es": [
                    "Constituci\u00f3n de 1812",
                    "Indultos"
                ]
            }
        },
        {
            "label": {
                "es": [
                    "Comentarios (p\u00fablico)"
                ]
            },
            "value": {
                "es": [
                    "M\u00e1s pr\u00f3ximas al altar mayor, las figuras del arco del presbiterio muestran una profunda devoci\u00f3n religiosa. Son mujeres tambi\u00e9n de gran belleza pero con unas actitudes menos profanas que las de algunas de sus compa\u00f1eras.\r\nEl barroquismo y colorido de las \u00e1ngelas en vuelo con alas de mariposa, en el centro de la b\u00f3veda, contrasta con la sencillez y \"modernidad\" de aquellas situadas en los extremos. As\u00ed, la figura rubia de melena larga y aire de emoci\u00f3n intensa recuerda a personajes femeninos de pintores rom\u00e1nticos, como Delacroix, mientras que la pareja del lado opuesto est\u00e1 m\u00e1s cercana a la pintura realista  del estilo de Daumier que se impondr\u00eda cincuenta a\u00f1os despu\u00e9s."
                ]
            }
        },
        {
            "label": {
                "es": [
                    "URL Cat\u00e1logo"
                ]
            },
            "value": {
                "es": [
                    "http://especiales.memoriademadrid.es/sanantoniodelaflorida"
                ]
            }
        },
        {
            "label": {
                "es": [
                    "Derechos"
                ]
            },
            "value": {
                "es": [
                    "http://creativecommons.org/licenses/by-nc/4.0/"
                ]
            }
        },
        {
            "label": {
                "es": [
                    "Enlace Externo"
                ]
            },
            "value": {
                "es": [
                    "<a href=\"http://especiales.memoriademadrid.es/sanantoniodelaflorida\">Ver en el cat\u00e1logo</a>"
                ]
            }
        }
    ],
    "items": [
        {
            "id": "https://www.memoriademadrid.es/iiif/438249/canvas/p1",
            "type": "Canvas",
            "label": {
                "es": [
                    1
                ]
            },
            "width": 584,
            "height": 1174,
            "thumbnail": [
                {
                    "id": "https://www.memoriademadrid.es/iiif/3/1238223/full/^500,/0/default.jpg",
                    "type": "Image",
                    "format": "image/jpeg",
                    "width": 500,
                    "height": 1005,
                    "services": [
                        {
                            "id": "https://www.memoriademadrid.es/iiif/3/1238223",
                            "profile": "http://iiif.io/api/image/3/level1.json",
                            "@type": "http://iiif.io/api/image/3/context.json"
                        }
                    ]
                }
            ],
            "items": [
                {
                    "id": "https://www.memoriademadrid.es/iiif/3/1238223",
                    "type": "AnnotationPage",
                    "items": [
                        {
                            "id": "https://www.memoriademadrid.es/iiif/3/1238223",
                            "type": "Annotation",
                            "motivation": "painting",
                            "target": "https://www.memoriademadrid.es/iiif/3/1238223",
                            "body": {
                                "id": "https://www.memoriademadrid.es/iiif/3/1238223/full/^584,/0/default.jpg",
                                "type": "Image",
                                "format": "image/jpeg",
                                "width": 584,
                                "height": 1174,
                                "service": [
                                    {
                                        "id": "https://www.memoriademadrid.es/iiif/2/1238223",
                                        "profile": "http://iiif.io/api/image/2/level2.json",
                                        "type": "ImageService2"
                                    }
                                ]
                            }
                        }
                    ]
                }
            ]
        },
        {
            "id": "https://www.memoriademadrid.es/iiif/438249/canvas/p2",
            "type": "Canvas",
            "label": {
                "es": [
                    2
                ]
            },
            "width": 584,
            "height": 1174,
            "thumbnail": [
                {
                    "id": "https://www.memoriademadrid.es/iiif/3/1238224/full/^500,/0/default.jpg",
                    "type": "Image",
                    "format": "image/jpeg",
                    "width": 500,
                    "height": 1005,
                    "services": [
                        {
                            "id": "https://www.memoriademadrid.es/iiif/3/1238224",
                            "profile": "http://iiif.io/api/image/3/level1.json",
                            "@type": "http://iiif.io/api/image/3/context.json"
                        }
                    ]
                }
            ],
            "items": [
                {
                    "id": "https://www.memoriademadrid.es/iiif/3/1238224",
                    "type": "AnnotationPage",
                    "items": [
                        {
                            "id": "https://www.memoriademadrid.es/iiif/3/1238224",
                            "type": "Annotation",
                            "motivation": "painting",
                            "target": "https://www.memoriademadrid.es/iiif/3/1238224",
                            "body": {
                                "id": "https://www.memoriademadrid.es/iiif/3/1238224/full/^584,/0/default.jpg",
                                "type": "Image",
                                "format": "image/jpeg",
                                "width": 584,
                                "height": 1174,
                                "service": [
                                    {
                                        "id": "https://www.memoriademadrid.es/iiif/2/1238224",
                                        "profile": "http://iiif.io/api/image/2/level2.json",
                                        "type": "ImageService2"
                                    }
                                ]
                            }
                        }
                    ]
                }
            ]
        }
    ],
    "structures": []
}