{
    "id": "https://www.memoriademadrid.es/iiif/manifest/438437",
    "@context": "http://iiif.io/api/presentation/3/context.json",
    "type": "Manifest",
    "label": {
        "es": [
            "Tintero"
        ]
    },
    "summary": {
        "es": [
            "Marcas: \"MD\" coronada, \"AJ\", \"O\" y gamma doradas y \"V\" incisa\r\nTintero de porcelana dura; decoraci\u00f3n pintada y dorada.\r\n12,9 x 4,3 cm.\r\n (Tercera \u00e9poca, 1803 - 1808. Director: Bartolom\u00e9 Sureda)."
        ]
    },
    "homepage": [
        {
            "id": "https://www.memoriademadrid.es/view/438437",
            "type": "Text",
            "label": {
                "es": [
                    "Home Page"
                ]
            },
            "format": "text/html"
        }
    ],
    "behavior": [
        "continuous"
    ],
    "thumbnail": [
        {
            "id": "https://www.memoriademadrid.es/thumbnail/438437",
            "type": "Image",
            "format": "image/jpeg",
            "width": 1024,
            "height": 840
        }
    ],
    "metadata": [
        {
            "label": {
                "es": [
                    "A\u00f1o Publicaci\u00f3n"
                ]
            },
            "value": {
                "es": [
                    "1803"
                ]
            }
        },
        {
            "label": {
                "es": [
                    "edm:isShownBy"
                ]
            },
            "value": {
                "es": [
                    "https://www.memoriademadrid.es/viewer/438437"
                ]
            }
        },
        {
            "label": {
                "es": [
                    "edm:object"
                ]
            },
            "value": {
                "es": [
                    "https://www.memoriademadrid.es/thumbnail/438437"
                ]
            }
        },
        {
            "label": {
                "es": [
                    "OpenAccess Estado"
                ]
            },
            "value": {
                "es": [
                    "PUBLISH"
                ]
            }
        },
        {
            "label": {
                "es": [
                    "URL Derechos"
                ]
            },
            "value": {
                "es": [
                    "<a href=http://creativecommons.org/licenses/by-nc/4.0/ >Creative Commons BY-NC 4.0</a>"
                ]
            }
        },
        {
            "label": {
                "es": [
                    "Clase de Patrimonio"
                ]
            },
            "value": {
                "es": [
                    "Patrimonio art\u00edstico"
                ]
            }
        },
        {
            "label": {
                "es": [
                    "OpenAccess Enlace"
                ]
            },
            "value": {
                "es": [
                    "https://www.memoriademadrid.es/view/438437"
                ]
            }
        },
        {
            "label": {
                "es": [
                    "OpenAccess Log"
                ]
            },
            "value": {
                "es": [
                    "Updated in OpenAccess at 2025.02.11 04:45:54"
                ]
            }
        },
        {
            "label": {
                "es": [
                    "OpenAccess Perfil"
                ]
            },
            "value": {
                "es": [
                    "Imagen"
                ]
            }
        },
        {
            "label": {
                "es": [
                    "OpenAccess Colecci\u00f3n"
                ]
            },
            "value": {
                "es": [
                    "260321"
                ]
            }
        },
        {
            "label": {
                "es": [
                    "OpenAccess ID Esquema de Metadatos"
                ]
            },
            "value": {
                "es": [
                    "4"
                ]
            }
        },
        {
            "label": {
                "es": [
                    "OpenAccess Nombre"
                ]
            },
            "value": {
                "es": [
                    "Tintero"
                ]
            }
        },
        {
            "label": {
                "es": [
                    "ImportadoDesde"
                ]
            },
            "value": {
                "es": [
                    "Vargas"
                ]
            }
        },
        {
            "label": {
                "es": [
                    "ID Vargas"
                ]
            },
            "value": {
                "es": [
                    "9804"
                ]
            }
        },
        {
            "label": {
                "es": [
                    "Formato"
                ]
            },
            "value": {
                "es": [
                    "image/jpeg"
                ]
            }
        },
        {
            "label": {
                "es": [
                    "Tipo de recurso"
                ]
            },
            "value": {
                "es": [
                    "IMAGE"
                ]
            }
        },
        {
            "label": {
                "es": [
                    "Editor"
                ]
            },
            "value": {
                "es": [
                    "Ayuntamiento de Madrid"
                ]
            }
        },
        {
            "label": {
                "es": [
                    "Fecha de creaci\u00f3n final"
                ]
            },
            "value": {
                "es": [
                    "1803-12-31"
                ]
            }
        },
        {
            "label": {
                "es": [
                    "Idioma"
                ]
            },
            "value": {
                "es": [
                    "spa"
                ]
            }
        },
        {
            "label": {
                "es": [
                    "Instituci\u00f3n"
                ]
            },
            "value": {
                "es": [
                    "Museo de Historia"
                ]
            }
        },
        {
            "label": {
                "es": [
                    "T\u00edtulo"
                ]
            },
            "value": {
                "es": [
                    "Tintero"
                ]
            }
        },
        {
            "label": {
                "es": [
                    "Fecha del registro"
                ]
            },
            "value": {
                "es": [
                    "2012-07-04"
                ]
            }
        },
        {
            "label": {
                "es": [
                    "Fecha de creaci\u00f3n Matiz"
                ]
            },
            "value": {
                "es": [
                    "Entre 1803 y 1808"
                ]
            }
        },
        {
            "label": {
                "es": [
                    "Fecha de creaci\u00f3n inicial"
                ]
            },
            "value": {
                "es": [
                    "1803-01-01"
                ]
            }
        },
        {
            "label": {
                "es": [
                    "Descripci\u00f3n"
                ]
            },
            "value": {
                "es": [
                    "Marcas: \"MD\" coronada, \"AJ\", \"O\" y gamma doradas y \"V\" incisa\r\nTintero de porcelana dura; decoraci\u00f3n pintada y dorada.\r\n12,9 x 4,3 cm.\r\n (Tercera \u00e9poca, 1803 - 1808. Director: Bartolom\u00e9 Sureda)."
                ]
            }
        },
        {
            "label": {
                "es": [
                    "Tipo de documento"
                ]
            },
            "value": {
                "es": [
                    "Cer\u00e1micas y porcelanas"
                ]
            }
        },
        {
            "label": {
                "es": [
                    "Signatura"
                ]
            },
            "value": {
                "es": [
                    "Inv. 3702"
                ]
            }
        },
        {
            "label": {
                "es": [
                    "Materia"
                ]
            },
            "value": {
                "es": [
                    "Escenas de paisajes",
                    "Porcelana Buen Retiro: grisallas"
                ]
            }
        },
        {
            "label": {
                "es": [
                    "Comentarios (p\u00fablico)"
                ]
            },
            "value": {
                "es": [
                    "El Buen Retiro: grisallas. \r\nCombinadas a veces con motivos dorados sobre blanco, y siempre acotadas por recintos bien marcados (en horizontal o vertical o en forma de c\u00edrculos y medallones), los dibujos en grisalla de la tercera \u00e9poca del Buen Retiro significan, frente a las porcelanas con decoraci\u00f3n de flores o dorados sobre blanco, un paso adelante en las caracter\u00edstica tendencia de dicha \u00e9poca a recubrir con decoraci\u00f3n la totalidad de la superficie vista de las piezas de uso.\r\nLas grisallas, que se disponen a veces sobre el blanco inmaculado de la porcelana, pero que en otras pisan sobre los excelentes fondos planos de color (marr\u00f3n claro y malva, muy especialmente) tan del gusto Imperio, representan casi siempre paisajes campestres arbolados y, a veces, con ruinas, lo que, unido a un trabajo de l\u00ednea que se asemeja en ocasiones al grabado calcogr\u00e1fico, parece anunciar lo que, andando el tiempo, habr\u00eda de ser el patr\u00f3n decorativo m\u00e1s caracter\u00edstico de las lozas rom\u00e1nticas a la inglesa, especialmente cuando el motivo ocupa el centro de las piezas de rotaci\u00f3n.\r\n\r\n(Comentario del cat\u00e1logo de la exposici\u00f3n \"Bartolom\u00e9 Sureda (1769 \u2013 1851). Arte e Industria en la Ilustraci\u00f3n tard\u00eda\u201d)"
                ]
            }
        },
        {
            "label": {
                "es": [
                    "Derechos"
                ]
            },
            "value": {
                "es": [
                    "http://creativecommons.org/licenses/by-nc/4.0/"
                ]
            }
        }
    ],
    "items": [
        {
            "id": "https://www.memoriademadrid.es/iiif/438437/canvas/p1",
            "type": "Canvas",
            "label": {
                "es": [
                    1
                ]
            },
            "width": 600,
            "height": 492,
            "thumbnail": [
                {
                    "id": "https://www.memoriademadrid.es/iiif/3/1239242/full/^500,/0/default.jpg",
                    "type": "Image",
                    "format": "image/jpeg",
                    "width": 500,
                    "height": 410,
                    "services": [
                        {
                            "id": "https://www.memoriademadrid.es/iiif/3/1239242",
                            "profile": "http://iiif.io/api/image/3/level1.json",
                            "@type": "http://iiif.io/api/image/3/context.json"
                        }
                    ]
                }
            ],
            "items": [
                {
                    "id": "https://www.memoriademadrid.es/iiif/3/1239242",
                    "type": "AnnotationPage",
                    "items": [
                        {
                            "id": "https://www.memoriademadrid.es/iiif/3/1239242",
                            "type": "Annotation",
                            "motivation": "painting",
                            "target": "https://www.memoriademadrid.es/iiif/3/1239242",
                            "body": {
                                "id": "https://www.memoriademadrid.es/iiif/3/1239242/full/^600,/0/default.jpg",
                                "type": "Image",
                                "format": "image/jpeg",
                                "width": 600,
                                "height": 492,
                                "service": [
                                    {
                                        "id": "https://www.memoriademadrid.es/iiif/2/1239242",
                                        "profile": "http://iiif.io/api/image/2/level2.json",
                                        "type": "ImageService2"
                                    }
                                ]
                            }
                        }
                    ]
                }
            ]
        },
        {
            "id": "https://www.memoriademadrid.es/iiif/438437/canvas/p2",
            "type": "Canvas",
            "label": {
                "es": [
                    2
                ]
            },
            "width": 600,
            "height": 492,
            "thumbnail": [
                {
                    "id": "https://www.memoriademadrid.es/iiif/3/1239247/full/^500,/0/default.jpg",
                    "type": "Image",
                    "format": "image/jpeg",
                    "width": 500,
                    "height": 410,
                    "services": [
                        {
                            "id": "https://www.memoriademadrid.es/iiif/3/1239247",
                            "profile": "http://iiif.io/api/image/3/level1.json",
                            "@type": "http://iiif.io/api/image/3/context.json"
                        }
                    ]
                }
            ],
            "items": [
                {
                    "id": "https://www.memoriademadrid.es/iiif/3/1239247",
                    "type": "AnnotationPage",
                    "items": [
                        {
                            "id": "https://www.memoriademadrid.es/iiif/3/1239247",
                            "type": "Annotation",
                            "motivation": "painting",
                            "target": "https://www.memoriademadrid.es/iiif/3/1239247",
                            "body": {
                                "id": "https://www.memoriademadrid.es/iiif/3/1239247/full/^600,/0/default.jpg",
                                "type": "Image",
                                "format": "image/jpeg",
                                "width": 600,
                                "height": 492,
                                "service": [
                                    {
                                        "id": "https://www.memoriademadrid.es/iiif/2/1239247",
                                        "profile": "http://iiif.io/api/image/2/level2.json",
                                        "type": "ImageService2"
                                    }
                                ]
                            }
                        }
                    ]
                }
            ]
        }
    ],
    "structures": []
}