{
    "id": "https://www.memoriademadrid.es/iiif/manifest/438591",
    "@context": "http://iiif.io/api/presentation/3/context.json",
    "type": "Manifest",
    "label": {
        "es": [
            "Di\u00f3scoro Puebla"
        ]
    },
    "summary": {
        "es": [
            "Carte de visite\r\nCartulina crema. Papel a la alb\u00famina sepia\r\n9,2 x 5,5 cm\r\nSe encuentra en el Album 1 [Album muestrario] del estudio fotogr\u00e1fico de J. Laurent (1816-1886). En la cubierta del \u00e1lbum: \r\n[Corona] / J. LAURENT / FOTOGRAFO DE S.M. LA REINA / CARRERA DE SAN GERONIMO N. 29 / MADRID / ALBUM N. 1"
        ]
    },
    "homepage": [
        {
            "id": "https://www.memoriademadrid.es/view/438591",
            "type": "Text",
            "label": {
                "es": [
                    "Home Page"
                ]
            },
            "format": "text/html"
        }
    ],
    "behavior": [
        "continuous"
    ],
    "thumbnail": [
        {
            "id": "https://www.memoriademadrid.es/thumbnail/438591",
            "type": "Image",
            "format": "image/jpeg",
            "width": 724,
            "height": 1024
        }
    ],
    "metadata": [
        {
            "label": {
                "es": [
                    "Formato"
                ]
            },
            "value": {
                "es": [
                    "image/jpeg"
                ]
            }
        },
        {
            "label": {
                "es": [
                    "OpenAccess Colecci\u00f3n"
                ]
            },
            "value": {
                "es": [
                    "649136"
                ]
            }
        },
        {
            "label": {
                "es": [
                    "OpenAccess Log"
                ]
            },
            "value": {
                "es": [
                    "Updated in OpenAccess at 2025.02.12 03:55:17"
                ]
            }
        },
        {
            "label": {
                "es": [
                    "OpenAccess Estado"
                ]
            },
            "value": {
                "es": [
                    "PUBLISH"
                ]
            }
        },
        {
            "label": {
                "es": [
                    "OpenAccess Enlace"
                ]
            },
            "value": {
                "es": [
                    "https://www.memoriademadrid.es/view/438591"
                ]
            }
        },
        {
            "label": {
                "es": [
                    "OpenAccess Perfil"
                ]
            },
            "value": {
                "es": [
                    "Imagen"
                ]
            }
        },
        {
            "label": {
                "es": [
                    "OpenAccess ID Esquema de Metadatos"
                ]
            },
            "value": {
                "es": [
                    "4"
                ]
            }
        },
        {
            "label": {
                "es": [
                    "OpenAccess Nombre"
                ]
            },
            "value": {
                "es": [
                    "Di\u00f3scoro Puebla"
                ]
            }
        },
        {
            "label": {
                "es": [
                    "ImportadoDesde"
                ]
            },
            "value": {
                "es": [
                    "Vargas"
                ]
            }
        },
        {
            "label": {
                "es": [
                    "A\u00f1o Publicaci\u00f3n"
                ]
            },
            "value": {
                "es": [
                    "1863"
                ]
            }
        },
        {
            "label": {
                "es": [
                    "edm:object"
                ]
            },
            "value": {
                "es": [
                    "https://www.memoriademadrid.es/thumbnail/438591"
                ]
            }
        },
        {
            "label": {
                "es": [
                    "edm:isShownBy"
                ]
            },
            "value": {
                "es": [
                    "https://www.memoriademadrid.es/viewer/438591"
                ]
            }
        },
        {
            "label": {
                "es": [
                    "Tipo de recurso"
                ]
            },
            "value": {
                "es": [
                    "IMAGE"
                ]
            }
        },
        {
            "label": {
                "es": [
                    "Editor"
                ]
            },
            "value": {
                "es": [
                    "Ayuntamiento de Madrid. \u00c1rea de Las Artes"
                ]
            }
        },
        {
            "label": {
                "es": [
                    "Fecha de creaci\u00f3n final"
                ]
            },
            "value": {
                "es": [
                    "1863-12-31"
                ]
            }
        },
        {
            "label": {
                "es": [
                    "Idioma"
                ]
            },
            "value": {
                "es": [
                    "spa"
                ]
            }
        },
        {
            "label": {
                "es": [
                    "Clase de Patrimonio"
                ]
            },
            "value": {
                "es": [
                    "Patrimonio Art\u00edstico"
                ]
            }
        },
        {
            "label": {
                "es": [
                    "Instituci\u00f3n"
                ]
            },
            "value": {
                "es": [
                    "Museo de Historia"
                ]
            }
        },
        {
            "label": {
                "es": [
                    "ID Vargas"
                ]
            },
            "value": {
                "es": [
                    "27860"
                ]
            }
        },
        {
            "label": {
                "es": [
                    "Autor"
                ]
            },
            "value": {
                "es": [
                    "Jean LAURENT"
                ]
            }
        },
        {
            "label": {
                "es": [
                    "T\u00edtulo"
                ]
            },
            "value": {
                "es": [
                    "Di\u00f3scoro Puebla"
                ]
            }
        },
        {
            "label": {
                "es": [
                    "Fecha de creaci\u00f3n Matiz"
                ]
            },
            "value": {
                "es": [
                    "Anterior a 1863"
                ]
            }
        },
        {
            "label": {
                "es": [
                    "Fecha del registro"
                ]
            },
            "value": {
                "es": [
                    "2012-07-05"
                ]
            }
        },
        {
            "label": {
                "es": [
                    "Fecha de creaci\u00f3n inicial"
                ]
            },
            "value": {
                "es": [
                    "1863-01-01"
                ]
            }
        },
        {
            "label": {
                "es": [
                    "Lugar"
                ]
            },
            "value": {
                "es": [
                    "Madrid"
                ]
            }
        },
        {
            "label": {
                "es": [
                    "Descripci\u00f3n"
                ]
            },
            "value": {
                "es": [
                    "Carte de visite\r\nCartulina crema. Papel a la alb\u00famina sepia\r\n9,2 x 5,5 cm\r\nSe encuentra en el Album 1 [Album muestrario] del estudio fotogr\u00e1fico de J. Laurent (1816-1886). En la cubierta del \u00e1lbum: \r\n[Corona] / J. LAURENT / FOTOGRAFO DE S.M. LA REINA / CARRERA DE SAN GERONIMO N. 29 / MADRID / ALBUM N. 1"
                ]
            }
        },
        {
            "label": {
                "es": [
                    "Tipo de documento"
                ]
            },
            "value": {
                "es": [
                    "Fotograf\u00edas"
                ]
            }
        },
        {
            "label": {
                "es": [
                    "Signatura"
                ]
            },
            "value": {
                "es": [
                    "Inv. 1991/18/1-635"
                ]
            }
        },
        {
            "label": {
                "es": [
                    "Materia"
                ]
            },
            "value": {
                "es": [
                    "Retratos"
                ]
            }
        },
        {
            "label": {
                "es": [
                    "Comentarios (p\u00fablico)"
                ]
            },
            "value": {
                "es": [
                    "Retrato del pintor Di\u00f3scoro Te\u00f3filo Puebla Tol\u00edn (1831-1901), pintor de historia, de retrato y de g\u00e9nero, natural de Melgar de Fernamental (Burgos). Fue disc\u00edpulo de Jos\u00e9 de Madrazo en la Escuela de Bellas Artes de San Fernando de Madrid. Pensionado en Roma desde 1858, a la vuelta a Espa\u00f1a, en 1864, fue nombrado profesor de dibujo de la Academia de San Fernando de la ques er\u00e1 individuo de N\u00famero, y en 1883, tras concurso de m\u00e9rito, fue elegido profesor de Colorido y Composici\u00f3n en la Escuela de San Fernando, de la que ser\u00eda despu\u00e9s Director. Particip\u00f3 en varias de las Exposiciones Nacionales de Bellas Artes obteniendo varias menciones, entre las que destaca el Premio Primero de Historia de 1862, por la obra Primer desembarco de Col\u00f3n en Am\u00e9rica. (Fuente: Jean Laurent en el Museo Municipal de Madrid: retratos: tomo I: artistas pl\u00e1sticos. 2005).\r\n\r\nSe trata de una fotograf\u00eda de estudio en la que se retrata a Di\u00f3scoro Puebla de pie, de medio cuerpo, de tres cuartos con pantal\u00f3n y levita oscuros y chaleco medio abotonado igualmente oscuro. En una actitud interesante, posa con la mano derecha en el bolsillo del pantal\u00f3n y la izquierda levantada con un cigarro. La cabeza gira hacia el frente, con un rostro de espesa barba y una mirada directa."
                ]
            }
        },
        {
            "label": {
                "es": [
                    "Derechos"
                ]
            },
            "value": {
                "es": [
                    "http://creativecommons.org/licenses/by-nc/4.0/"
                ]
            }
        }
    ],
    "items": [
        {
            "id": "https://www.memoriademadrid.es/iiif/438591/canvas/p1",
            "type": "Canvas",
            "label": {
                "es": [
                    1
                ]
            },
            "width": 543,
            "height": 768,
            "thumbnail": [
                {
                    "id": "https://www.memoriademadrid.es/iiif/3/1029639/full/^500,/0/default.jpg",
                    "type": "Image",
                    "format": "image/jpeg",
                    "width": 500,
                    "height": 707,
                    "services": [
                        {
                            "id": "https://www.memoriademadrid.es/iiif/3/1029639",
                            "profile": "http://iiif.io/api/image/3/level1.json",
                            "@type": "http://iiif.io/api/image/3/context.json"
                        }
                    ]
                }
            ],
            "items": [
                {
                    "id": "https://www.memoriademadrid.es/iiif/3/1029639",
                    "type": "AnnotationPage",
                    "items": [
                        {
                            "id": "https://www.memoriademadrid.es/iiif/3/1029639",
                            "type": "Annotation",
                            "motivation": "painting",
                            "target": "https://www.memoriademadrid.es/iiif/3/1029639",
                            "body": {
                                "id": "https://www.memoriademadrid.es/iiif/3/1029639/full/^543,/0/default.jpg",
                                "type": "Image",
                                "format": "image/jpeg",
                                "width": 543,
                                "height": 768,
                                "service": [
                                    {
                                        "id": "https://www.memoriademadrid.es/iiif/2/1029639",
                                        "profile": "http://iiif.io/api/image/2/level2.json",
                                        "type": "ImageService2"
                                    }
                                ]
                            }
                        }
                    ]
                }
            ]
        }
    ],
    "structures": []
}