{
    "id": "https://www.memoriademadrid.es/iiif/manifest/438793",
    "@context": "http://iiif.io/api/presentation/3/context.json",
    "type": "Manifest",
    "label": {
        "es": [
            "Funerales del cardenal Moreno"
        ]
    },
    "summary": {
        "es": [
            "\"VELA // MADRID.- FUENERALES DEL EMMO. SR. CARDENAL MORENO: PASO DEL CORTEJO F\u00daNEBRE POR LA PUERTA DEL SOL.- (De fotografia de Laurent.)\"\r\nXilograf\u00eda a la testa\r\nIlustraci\u00f3n extra\u00edda de La Ilustraci\u00f3n Espa\u00f1ola y Americana : peri\u00f3dico de Ciencias, Artes, Literatura, Industria y Conocimientos \u00fatiles. Madrid: Abelardo de Carlos, 1869-1924.\r\n26,2 x 35,6 cm"
        ]
    },
    "homepage": [
        {
            "id": "https://www.memoriademadrid.es/view/438793",
            "type": "Text",
            "label": {
                "es": [
                    "Home Page"
                ]
            },
            "format": "text/html"
        }
    ],
    "behavior": [
        "continuous"
    ],
    "thumbnail": [
        {
            "id": "https://www.memoriademadrid.es/thumbnail/438793",
            "type": "Image",
            "format": "image/jpeg",
            "width": 1024,
            "height": 769
        }
    ],
    "metadata": [
        {
            "label": {
                "es": [
                    "A\u00f1o Publicaci\u00f3n"
                ]
            },
            "value": {
                "es": [
                    "1884"
                ]
            }
        },
        {
            "label": {
                "es": [
                    "edm:provider"
                ]
            },
            "value": {
                "es": [
                    "Hispana"
                ]
            }
        },
        {
            "label": {
                "es": [
                    "edm:object"
                ]
            },
            "value": {
                "es": [
                    "https://www.memoriademadrid.es/thumbnail/438793"
                ]
            }
        },
        {
            "label": {
                "es": [
                    "edm:isShownBy"
                ]
            },
            "value": {
                "es": [
                    "https://www.memoriademadrid.es/viewer/438793"
                ]
            }
        },
        {
            "label": {
                "es": [
                    "OpenAccess Enlace"
                ]
            },
            "value": {
                "es": [
                    "https://www.memoriademadrid.es/view/438793"
                ]
            }
        },
        {
            "label": {
                "es": [
                    "OpenAccess Estado"
                ]
            },
            "value": {
                "es": [
                    "PUBLISH"
                ]
            }
        },
        {
            "label": {
                "es": [
                    "URL Derechos"
                ]
            },
            "value": {
                "es": [
                    "<a href=http://creativecommons.org/licenses/by-nc/4.0/ >Creative Commons BY-NC 4.0</a>"
                ]
            }
        },
        {
            "label": {
                "es": [
                    "Clase de Patrimonio"
                ]
            },
            "value": {
                "es": [
                    "Patrimonio art\u00edstico"
                ]
            }
        },
        {
            "label": {
                "es": [
                    "OpenAccess Perfil"
                ]
            },
            "value": {
                "es": [
                    "Imagen"
                ]
            }
        },
        {
            "label": {
                "es": [
                    "OpenAccess Colecci\u00f3n"
                ]
            },
            "value": {
                "es": [
                    "260321"
                ]
            }
        },
        {
            "label": {
                "es": [
                    "OpenAccess ID Esquema de Metadatos"
                ]
            },
            "value": {
                "es": [
                    "4"
                ]
            }
        },
        {
            "label": {
                "es": [
                    "OpenAccess Nombre"
                ]
            },
            "value": {
                "es": [
                    "Funerales del cardenal Moreno"
                ]
            }
        },
        {
            "label": {
                "es": [
                    "ImportadoDesde"
                ]
            },
            "value": {
                "es": [
                    "Vargas"
                ]
            }
        },
        {
            "label": {
                "es": [
                    "ID Vargas"
                ]
            },
            "value": {
                "es": [
                    "31311"
                ]
            }
        },
        {
            "label": {
                "es": [
                    "Notas (privadas)"
                ]
            },
            "value": {
                "es": [
                    "Puerta del Sol como escenario"
                ]
            }
        },
        {
            "label": {
                "es": [
                    "Instituci\u00f3n"
                ]
            },
            "value": {
                "es": [
                    "Museo de Historia"
                ]
            }
        },
        {
            "label": {
                "es": [
                    "Formato"
                ]
            },
            "value": {
                "es": [
                    "image/jpeg"
                ]
            }
        },
        {
            "label": {
                "es": [
                    "Tipo de recurso"
                ]
            },
            "value": {
                "es": [
                    "IMAGE"
                ]
            }
        },
        {
            "label": {
                "es": [
                    "Editor"
                ]
            },
            "value": {
                "es": [
                    "Ayuntamiento de Madrid. \u00c1rea de Las Artes"
                ]
            }
        },
        {
            "label": {
                "es": [
                    "Idioma"
                ]
            },
            "value": {
                "es": [
                    "spa"
                ]
            }
        },
        {
            "label": {
                "es": [
                    "Fecha de creaci\u00f3n final"
                ]
            },
            "value": {
                "es": [
                    "1884-12-31"
                ]
            }
        },
        {
            "label": {
                "es": [
                    "Autor"
                ]
            },
            "value": {
                "es": [
                    "Eugenio VELA"
                ]
            }
        },
        {
            "label": {
                "es": [
                    "T\u00edtulo"
                ]
            },
            "value": {
                "es": [
                    "Funerales del cardenal Moreno"
                ]
            }
        },
        {
            "label": {
                "es": [
                    "Fecha del registro"
                ]
            },
            "value": {
                "es": [
                    "2012-07-05"
                ]
            }
        },
        {
            "label": {
                "es": [
                    "Fecha de creaci\u00f3n inicial"
                ]
            },
            "value": {
                "es": [
                    "1884-01-01"
                ]
            }
        },
        {
            "label": {
                "es": [
                    "Fecha de creaci\u00f3n Matiz"
                ]
            },
            "value": {
                "es": [
                    "1884"
                ]
            }
        },
        {
            "label": {
                "es": [
                    "Descripci\u00f3n"
                ]
            },
            "value": {
                "es": [
                    "\"VELA // MADRID.- FUENERALES DEL EMMO. SR. CARDENAL MORENO: PASO DEL CORTEJO F\u00daNEBRE POR LA PUERTA DEL SOL.- (De fotografia de Laurent.)\"\r\nXilograf\u00eda a la testa\r\nIlustraci\u00f3n extra\u00edda de La Ilustraci\u00f3n Espa\u00f1ola y Americana : peri\u00f3dico de Ciencias, Artes, Literatura, Industria y Conocimientos \u00fatiles. Madrid: Abelardo de Carlos, 1869-1924.\r\n26,2 x 35,6 cm"
                ]
            }
        },
        {
            "label": {
                "es": [
                    "Tipo de documento"
                ]
            },
            "value": {
                "es": [
                    "Estampas"
                ]
            }
        },
        {
            "label": {
                "es": [
                    "Signatura"
                ]
            },
            "value": {
                "es": [
                    "Inv. 2003/17/372"
                ]
            }
        },
        {
            "label": {
                "es": [
                    "Materia"
                ]
            },
            "value": {
                "es": [
                    "Puerta del Sol",
                    "Levantamiento del 2 de mayo",
                    "Desfiles militares"
                ]
            }
        },
        {
            "label": {
                "es": [
                    "Comentarios (p\u00fablico)"
                ]
            },
            "value": {
                "es": [
                    "Juan Ignacio de la Cruz Moreno fue el primer Cardenal de or\u00edgen hispanoamericano. El 30 de abril de 1853 es nombrado juez en el Tribunal de la Rota Espa\u00f1ola. En 1857 es nombrado Obispo de Oviedo, hasta que es trasladado al Arzobispado de Valladolid el 1\u00ba de octubre de 1863. En Consistorio de 13 de marzo de 1868, el Papa P\u00edo IX lo eleva al cardenalato, asign\u00e1ndole el T\u00edtulo presbiteral de Santa Mar\u00eda de la Paz. Particip\u00f3 en el Concilio Vaticano I y mas tarde en el conclave que eligi\u00f3 a Le\u00f3n XIII. El 5 de julio de 1875 fue nombrado Arzobispo de Toledo y Primado de Espa\u00f1a."
                ]
            }
        },
        {
            "label": {
                "es": [
                    "Derechos"
                ]
            },
            "value": {
                "es": [
                    "http://creativecommons.org/licenses/by-nc/4.0/"
                ]
            }
        }
    ],
    "items": [
        {
            "id": "https://www.memoriademadrid.es/iiif/438793/canvas/p1",
            "type": "Canvas",
            "label": {
                "es": [
                    1
                ]
            },
            "width": 850,
            "height": 638,
            "thumbnail": [
                {
                    "id": "https://www.memoriademadrid.es/iiif/3/1250866/full/^500,/0/default.jpg",
                    "type": "Image",
                    "format": "image/jpeg",
                    "width": 500,
                    "height": 375,
                    "services": [
                        {
                            "id": "https://www.memoriademadrid.es/iiif/3/1250866",
                            "profile": "http://iiif.io/api/image/3/level1.json",
                            "@type": "http://iiif.io/api/image/3/context.json"
                        }
                    ]
                }
            ],
            "items": [
                {
                    "id": "https://www.memoriademadrid.es/iiif/3/1250866",
                    "type": "AnnotationPage",
                    "items": [
                        {
                            "id": "https://www.memoriademadrid.es/iiif/3/1250866",
                            "type": "Annotation",
                            "motivation": "painting",
                            "target": "https://www.memoriademadrid.es/iiif/3/1250866",
                            "body": {
                                "id": "https://www.memoriademadrid.es/iiif/3/1250866/full/^850,/0/default.jpg",
                                "type": "Image",
                                "format": "image/jpeg",
                                "width": 850,
                                "height": 638,
                                "service": [
                                    {
                                        "id": "https://www.memoriademadrid.es/iiif/2/1250866",
                                        "profile": "http://iiif.io/api/image/2/level2.json",
                                        "type": "ImageService2"
                                    }
                                ]
                            }
                        }
                    ]
                }
            ]
        },
        {
            "id": "https://www.memoriademadrid.es/iiif/438793/canvas/p2",
            "type": "Canvas",
            "label": {
                "es": [
                    2
                ]
            },
            "width": 850,
            "height": 638,
            "thumbnail": [
                {
                    "id": "https://www.memoriademadrid.es/iiif/3/1250869/full/^500,/0/default.jpg",
                    "type": "Image",
                    "format": "image/jpeg",
                    "width": 500,
                    "height": 375,
                    "services": [
                        {
                            "id": "https://www.memoriademadrid.es/iiif/3/1250869",
                            "profile": "http://iiif.io/api/image/3/level1.json",
                            "@type": "http://iiif.io/api/image/3/context.json"
                        }
                    ]
                }
            ],
            "items": [
                {
                    "id": "https://www.memoriademadrid.es/iiif/3/1250869",
                    "type": "AnnotationPage",
                    "items": [
                        {
                            "id": "https://www.memoriademadrid.es/iiif/3/1250869",
                            "type": "Annotation",
                            "motivation": "painting",
                            "target": "https://www.memoriademadrid.es/iiif/3/1250869",
                            "body": {
                                "id": "https://www.memoriademadrid.es/iiif/3/1250869/full/^850,/0/default.jpg",
                                "type": "Image",
                                "format": "image/jpeg",
                                "width": 850,
                                "height": 638,
                                "service": [
                                    {
                                        "id": "https://www.memoriademadrid.es/iiif/2/1250869",
                                        "profile": "http://iiif.io/api/image/2/level2.json",
                                        "type": "ImageService2"
                                    }
                                ]
                            }
                        }
                    ]
                }
            ]
        }
    ],
    "structures": []
}