{
    "id": "https://www.memoriademadrid.es/iiif/manifest/438937",
    "@context": "http://iiif.io/api/presentation/3/context.json",
    "type": "Manifest",
    "label": {
        "es": [
            "Contrabajo"
        ]
    },
    "summary": {
        "es": [
            "Es un instrumento musical de la familia de los cord\u00f3fonos. Aparece en el siglo XVI como el m\u00e1s grave de la familia de la viola de gamba. Normalmente tiene cuatro cuerdas met\u00e1licas, aunque tambi\u00e9n los hay de cinco. Es casi el mayor y m\u00e1s grave de los cord\u00f3fonos, superado solo por el \u201coctabajo\u201d. Su caja mide normalmente 1,15 metros y el sonido se produce por la vibraci\u00f3n de las cuerdas al ser frotadas con un arco (de madera y crin de caballo, m\u00e1s corto y grueso que el de viol\u00edn o chelo) aunque tambi\u00e9n puede pulsarse con las yemas de los dedos, t\u00e9cnica llamada pizzicato muy utilizada sobre todo en la m\u00fasica jazz, rock e incluso pop, donde se suele sustituir con el bajo el\u00e9ctrico, un h\u00edbrido entre contrabajo y guitarra el\u00e9ctrica."
        ]
    },
    "homepage": [
        {
            "id": "https://www.memoriademadrid.es/view/438937",
            "type": "Text",
            "label": {
                "es": [
                    "Home Page"
                ]
            },
            "format": "text/html"
        }
    ],
    "behavior": [
        "continuous"
    ],
    "thumbnail": [
        {
            "id": "https://www.memoriademadrid.es/thumbnail/438937",
            "type": "Image",
            "format": "image/jpeg",
            "width": 1024,
            "height": 1624
        }
    ],
    "metadata": [
        {
            "label": {
                "es": [
                    "OpenAccess Nombre"
                ]
            },
            "value": {
                "es": [
                    "Contrabajo"
                ]
            }
        },
        {
            "label": {
                "es": [
                    "edm:provider"
                ]
            },
            "value": {
                "es": [
                    "Hispana"
                ]
            }
        },
        {
            "label": {
                "es": [
                    "edm:object"
                ]
            },
            "value": {
                "es": [
                    "https://www.memoriademadrid.es/thumbnail/438937"
                ]
            }
        },
        {
            "label": {
                "es": [
                    "edm:isShownBy"
                ]
            },
            "value": {
                "es": [
                    "https://www.memoriademadrid.es/viewer/438937"
                ]
            }
        },
        {
            "label": {
                "es": [
                    "OpenAccess Enlace"
                ]
            },
            "value": {
                "es": [
                    "https://www.memoriademadrid.es/view/438937"
                ]
            }
        },
        {
            "label": {
                "es": [
                    "OpenAccess Estado"
                ]
            },
            "value": {
                "es": [
                    "PUBLISH"
                ]
            }
        },
        {
            "label": {
                "es": [
                    "OpenAccess Log"
                ]
            },
            "value": {
                "es": [
                    "Updated in OpenAccess at 2025.09.15 11:37:30."
                ]
            }
        },
        {
            "label": {
                "es": [
                    "URL Derechos"
                ]
            },
            "value": {
                "es": [
                    "<a href=http://creativecommons.org/licenses/by-nc/4.0/ >Creative Commons BY-NC 4.0</a>"
                ]
            }
        },
        {
            "label": {
                "es": [
                    "Clase de Patrimonio"
                ]
            },
            "value": {
                "es": [
                    "Patrimonio art\u00edstico"
                ]
            }
        },
        {
            "label": {
                "es": [
                    "OpenAccess Perfil"
                ]
            },
            "value": {
                "es": [
                    "Imagen"
                ]
            }
        },
        {
            "label": {
                "es": [
                    "OpenAccess Colecci\u00f3n"
                ]
            },
            "value": {
                "es": [
                    "260321"
                ]
            }
        },
        {
            "label": {
                "es": [
                    "OpenAccess ID Esquema de Metadatos"
                ]
            },
            "value": {
                "es": [
                    "4"
                ]
            }
        },
        {
            "label": {
                "es": [
                    "ID Vargas"
                ]
            },
            "value": {
                "es": [
                    "36063"
                ]
            }
        },
        {
            "label": {
                "es": [
                    "ImportadoDesde"
                ]
            },
            "value": {
                "es": [
                    "Vargas"
                ]
            }
        },
        {
            "label": {
                "es": [
                    "A\u00f1o Publicaci\u00f3n"
                ]
            },
            "value": {
                "es": [
                    "1910"
                ]
            }
        },
        {
            "label": {
                "es": [
                    "Formato"
                ]
            },
            "value": {
                "es": [
                    "image/jpeg"
                ]
            }
        },
        {
            "label": {
                "es": [
                    "Tipo de recurso"
                ]
            },
            "value": {
                "es": [
                    "IMAGE"
                ]
            }
        },
        {
            "label": {
                "es": [
                    "Editor"
                ]
            },
            "value": {
                "es": [
                    "Ayuntamiento de Madrid. \u00c1rea de Las Artes"
                ]
            }
        },
        {
            "label": {
                "es": [
                    "Idioma"
                ]
            },
            "value": {
                "es": [
                    "spa"
                ]
            }
        },
        {
            "label": {
                "es": [
                    "Instituci\u00f3n"
                ]
            },
            "value": {
                "es": [
                    "Banda Sinf\u00f3nica Municipal"
                ]
            }
        },
        {
            "label": {
                "es": [
                    "T\u00edtulo"
                ]
            },
            "value": {
                "es": [
                    "Contrabajo"
                ]
            }
        },
        {
            "label": {
                "es": [
                    "Fecha del registro"
                ]
            },
            "value": {
                "es": [
                    "2012-07-05"
                ]
            }
        },
        {
            "label": {
                "es": [
                    "Fecha de creaci\u00f3n Matiz"
                ]
            },
            "value": {
                "es": [
                    "ca. 1910"
                ]
            }
        },
        {
            "label": {
                "es": [
                    "Fecha de creaci\u00f3n inicial"
                ]
            },
            "value": {
                "es": [
                    "1910-01-01"
                ]
            }
        },
        {
            "label": {
                "es": [
                    "Descripci\u00f3n"
                ]
            },
            "value": {
                "es": [
                    "Es un instrumento musical de la familia de los cord\u00f3fonos. Aparece en el siglo XVI como el m\u00e1s grave de la familia de la viola de gamba. Normalmente tiene cuatro cuerdas met\u00e1licas, aunque tambi\u00e9n los hay de cinco. Es casi el mayor y m\u00e1s grave de los cord\u00f3fonos, superado solo por el \u201coctabajo\u201d. Su caja mide normalmente 1,15 metros y el sonido se produce por la vibraci\u00f3n de las cuerdas al ser frotadas con un arco (de madera y crin de caballo, m\u00e1s corto y grueso que el de viol\u00edn o chelo) aunque tambi\u00e9n puede pulsarse con las yemas de los dedos, t\u00e9cnica llamada pizzicato muy utilizada sobre todo en la m\u00fasica jazz, rock e incluso pop, donde se suele sustituir con el bajo el\u00e9ctrico, un h\u00edbrido entre contrabajo y guitarra el\u00e9ctrica."
                ]
            }
        },
        {
            "label": {
                "es": [
                    "Tipo de documento"
                ]
            },
            "value": {
                "es": [
                    "Instrumentos musicales"
                ]
            }
        },
        {
            "label": {
                "es": [
                    "Signatura"
                ]
            },
            "value": {
                "es": [
                    "s/sig"
                ]
            }
        },
        {
            "label": {
                "es": [
                    "Materia"
                ]
            },
            "value": {
                "es": [
                    "Instrumentos musicales",
                    "Banda Sinf\u00f3nica Municipal",
                    "Instrumentos hist\u00f3ricos de la Banda Municipal"
                ]
            }
        },
        {
            "label": {
                "es": [
                    "Derechos"
                ]
            },
            "value": {
                "es": [
                    "http://creativecommons.org/licenses/by-nc/4.0/"
                ]
            }
        }
    ],
    "items": [
        {
            "id": "https://www.memoriademadrid.es/iiif/438937/canvas/p1",
            "type": "Canvas",
            "label": {
                "es": [
                    1
                ]
            },
            "width": 800,
            "height": 1269,
            "thumbnail": [
                {
                    "id": "https://www.memoriademadrid.es/iiif/3/1253714/full/^500,/0/default.jpg",
                    "type": "Image",
                    "format": "image/jpeg",
                    "width": 500,
                    "height": 793,
                    "services": [
                        {
                            "id": "https://www.memoriademadrid.es/iiif/3/1253714",
                            "profile": "http://iiif.io/api/image/3/level1.json",
                            "@type": "http://iiif.io/api/image/3/context.json"
                        }
                    ]
                }
            ],
            "items": [
                {
                    "id": "https://www.memoriademadrid.es/iiif/3/1253714",
                    "type": "AnnotationPage",
                    "items": [
                        {
                            "id": "https://www.memoriademadrid.es/iiif/3/1253714",
                            "type": "Annotation",
                            "motivation": "painting",
                            "target": "https://www.memoriademadrid.es/iiif/3/1253714",
                            "body": {
                                "id": "https://www.memoriademadrid.es/iiif/3/1253714/full/^800,/0/default.jpg",
                                "type": "Image",
                                "format": "image/jpeg",
                                "width": 800,
                                "height": 1269,
                                "service": [
                                    {
                                        "id": "https://www.memoriademadrid.es/iiif/2/1253714",
                                        "profile": "http://iiif.io/api/image/2/level2.json",
                                        "type": "ImageService2"
                                    }
                                ]
                            }
                        }
                    ]
                }
            ]
        }
    ],
    "structures": []
}