{
    "id": "https://www.memoriademadrid.es/iiif/manifest/439533",
    "@context": "http://iiif.io/api/presentation/3/context.json",
    "type": "Manifest",
    "label": {
        "es": [
            "Celebrando las Navidades en el bar americano del edificio Capitol"
        ]
    },
    "summary": {
        "es": [
            "Papel fotogr\u00e1fico. Blanco y negro.\r\n12 x 18 cm\r\nImagen compartida por Alberto Herreros Castillo."
        ]
    },
    "homepage": [
        {
            "id": "https://www.memoriademadrid.es/view/439533",
            "type": "Text",
            "label": {
                "es": [
                    "Home Page"
                ]
            },
            "format": "text/html"
        }
    ],
    "behavior": [
        "continuous"
    ],
    "thumbnail": [
        {
            "id": "https://www.memoriademadrid.es/thumbnail/439533",
            "type": "Image",
            "format": "image/jpeg",
            "width": 1024,
            "height": 687
        }
    ],
    "metadata": [
        {
            "label": {
                "es": [
                    "Clase de Patrimonio"
                ]
            },
            "value": {
                "es": [
                    "Patrimonio art\u00edstico"
                ]
            }
        },
        {
            "label": {
                "es": [
                    "URL Derechos"
                ]
            },
            "value": {
                "es": [
                    "<a>Creative Commons BY-NC 4.0</a>"
                ]
            }
        },
        {
            "label": {
                "es": [
                    "Tipo de recurso"
                ]
            },
            "value": {
                "es": [
                    "IMAGE"
                ]
            }
        },
        {
            "label": {
                "es": [
                    "OpenAccess Perfil"
                ]
            },
            "value": {
                "es": [
                    "Imagen"
                ]
            }
        },
        {
            "label": {
                "es": [
                    "OpenAccess Nombre"
                ]
            },
            "value": {
                "es": [
                    "Celebrando las Navidades en el bar americano del edificio Capitol"
                ]
            }
        },
        {
            "label": {
                "es": [
                    "OpenAccess Log"
                ]
            },
            "value": {
                "es": [
                    "Updated in OpenAccess at 2025.12.09 12:34:47."
                ]
            }
        },
        {
            "label": {
                "es": [
                    "OpenAccess ID Esquema de Metadatos"
                ]
            },
            "value": {
                "es": [
                    "4"
                ]
            }
        },
        {
            "label": {
                "es": [
                    "OpenAccess Estado"
                ]
            },
            "value": {
                "es": [
                    "PUBLISH"
                ]
            }
        },
        {
            "label": {
                "es": [
                    "OpenAccess Enlace"
                ]
            },
            "value": {
                "es": [
                    "https://www.memoriademadrid.es/view/439533"
                ]
            }
        },
        {
            "label": {
                "es": [
                    "OpenAccess Colecci\u00f3n"
                ]
            },
            "value": {
                "es": [
                    "224843"
                ]
            }
        },
        {
            "label": {
                "es": [
                    "Notas (privadas)"
                ]
            },
            "value": {
                "es": [
                    "Memoria de los Barrios. Navidad"
                ]
            }
        },
        {
            "label": {
                "es": [
                    "Latitud/Longitud WGS 84"
                ]
            },
            "value": {
                "es": [
                    "40.4203878,-3.7064441"
                ]
            }
        },
        {
            "label": {
                "es": [
                    "Instituci\u00f3n"
                ]
            },
            "value": {
                "es": [
                    "Aportaciones ciudadanas"
                ]
            }
        },
        {
            "label": {
                "es": [
                    "ImportadoDesde"
                ]
            },
            "value": {
                "es": [
                    "Vargas"
                ]
            }
        },
        {
            "label": {
                "es": [
                    "Idioma"
                ]
            },
            "value": {
                "es": [
                    "spa"
                ]
            }
        },
        {
            "label": {
                "es": [
                    "Formato"
                ]
            },
            "value": {
                "es": [
                    "image/jpeg"
                ]
            }
        },
        {
            "label": {
                "es": [
                    "A\u00f1o Publicaci\u00f3n"
                ]
            },
            "value": {
                "es": [
                    "1955"
                ]
            }
        },
        {
            "label": {
                "es": [
                    "Editor"
                ]
            },
            "value": {
                "es": [
                    "Ayuntamiento de Madrid"
                ]
            }
        },
        {
            "label": {
                "es": [
                    "edm:isShownBy"
                ]
            },
            "value": {
                "es": [
                    "https://www.memoriademadrid.es/viewer/439533"
                ]
            }
        },
        {
            "label": {
                "es": [
                    "edm:object"
                ]
            },
            "value": {
                "es": [
                    "https://www.memoriademadrid.es/thumbnail/439533"
                ]
            }
        },
        {
            "label": {
                "es": [
                    "edm:provider"
                ]
            },
            "value": {
                "es": [
                    "Hispana"
                ]
            }
        },
        {
            "label": {
                "es": [
                    "Fecha de creaci\u00f3n final"
                ]
            },
            "value": {
                "es": [
                    "1955-12-31"
                ]
            }
        },
        {
            "label": {
                "es": [
                    "ID Vargas"
                ]
            },
            "value": {
                "es": [
                    "274918"
                ]
            }
        },
        {
            "label": {
                "es": [
                    "T\u00edtulo"
                ]
            },
            "value": {
                "es": [
                    "Celebrando las Navidades en el bar americano del edificio Capitol"
                ]
            }
        },
        {
            "label": {
                "es": [
                    "Fecha de creaci\u00f3n inicial"
                ]
            },
            "value": {
                "es": [
                    "1955-12-01"
                ]
            }
        },
        {
            "label": {
                "es": [
                    "Fecha de creaci\u00f3n Matiz"
                ]
            },
            "value": {
                "es": [
                    "Diciembre de 1955"
                ]
            }
        },
        {
            "label": {
                "es": [
                    "Fecha del registro"
                ]
            },
            "value": {
                "es": [
                    "2017-10-30"
                ]
            }
        },
        {
            "label": {
                "es": [
                    "Lugar"
                ]
            },
            "value": {
                "es": [
                    "Madrid (Centro)"
                ]
            }
        },
        {
            "label": {
                "es": [
                    "Descripci\u00f3n"
                ]
            },
            "value": {
                "es": [
                    "Papel fotogr\u00e1fico. Blanco y negro.\r\n12 x 18 cm\r\nImagen compartida por Alberto Herreros Castillo."
                ]
            }
        },
        {
            "label": {
                "es": [
                    "Tipo de documento"
                ]
            },
            "value": {
                "es": [
                    "Fotograf\u00edas"
                ]
            }
        },
        {
            "label": {
                "es": [
                    "Signatura"
                ]
            },
            "value": {
                "es": [
                    "MDB_PioBaroja_20170725_009"
                ]
            }
        },
        {
            "label": {
                "es": [
                    "Materia"
                ]
            },
            "value": {
                "es": [
                    "Gran V\u00eda",
                    "Retratos"
                ]
            }
        },
        {
            "label": {
                "es": [
                    "Comentarios (p\u00fablico)"
                ]
            },
            "value": {
                "es": [
                    "Imagen de varios camareros y otros empleados del bar americano establecido en el edificio Carri\u00f3n en plenas fiestas de Navidad. La segunda persona empezando por la izquierda es Jos\u00e9 Herreros Sevilla, padre del donante.\r\n\r\nEl edificio Capitol surge de la iniciativa de Enrique Carri\u00f3n y Vec\u00edn, II marqu\u00e9s de Mel\u00edn, quien en 1931 encarga a los arquitectos Luis Mart\u00ednez-Feduchi y Vicente Eced la conversi\u00f3n en un centro multifuncional del solar de 1.363 metros cuadrados de su propiedad sito en la confluencia de la Gran V\u00eda y la calle de Jacometrezo. El resultado ser\u00eda la erecci\u00f3n de un bloque de 14 plantas con una altura de 54 metros inaugurado en 1933 que pasar\u00e1 a albergar un cine, una sala de fiestas, un bar, una cafeter\u00eda, un hotel y oficinas. El conocido tambi\u00e9n como edificio Carri\u00f3n es uno de los mejores exponentes del racionalismo arquitect\u00f3nico espa\u00f1ol en su vertiente expresionista."
                ]
            }
        },
        {
            "label": {
                "es": [
                    "Derechos"
                ]
            },
            "value": {
                "es": [
                    "http://creativecommons.org/licenses/by-nc/4.0/"
                ]
            }
        }
    ],
    "items": [
        {
            "id": "https://www.memoriademadrid.es/iiif/439533/canvas/p1",
            "type": "Canvas",
            "label": {
                "es": [
                    1
                ]
            },
            "width": 1000,
            "height": 671,
            "thumbnail": [
                {
                    "id": "https://www.memoriademadrid.es/iiif/3/1282159/full/^500,/0/default.jpg",
                    "type": "Image",
                    "format": "image/jpeg",
                    "width": 500,
                    "height": 335,
                    "services": [
                        {
                            "id": "https://www.memoriademadrid.es/iiif/3/1282159",
                            "profile": "http://iiif.io/api/image/3/level1.json",
                            "@type": "http://iiif.io/api/image/3/context.json"
                        }
                    ]
                }
            ],
            "items": [
                {
                    "id": "https://www.memoriademadrid.es/iiif/3/1282159",
                    "type": "AnnotationPage",
                    "items": [
                        {
                            "id": "https://www.memoriademadrid.es/iiif/3/1282159",
                            "type": "Annotation",
                            "motivation": "painting",
                            "target": "https://www.memoriademadrid.es/iiif/3/1282159",
                            "body": {
                                "id": "https://www.memoriademadrid.es/iiif/3/1282159/full/^1000,/0/default.jpg",
                                "type": "Image",
                                "format": "image/jpeg",
                                "width": 1000,
                                "height": 671,
                                "service": [
                                    {
                                        "id": "https://www.memoriademadrid.es/iiif/2/1282159",
                                        "profile": "http://iiif.io/api/image/2/level2.json",
                                        "type": "ImageService2"
                                    }
                                ]
                            }
                        }
                    ]
                }
            ]
        },
        {
            "id": "https://www.memoriademadrid.es/iiif/439533/canvas/p2",
            "type": "Canvas",
            "label": {
                "es": [
                    2
                ]
            },
            "width": 1000,
            "height": 671,
            "thumbnail": [
                {
                    "id": "https://www.memoriademadrid.es/iiif/3/1282162/full/^500,/0/default.jpg",
                    "type": "Image",
                    "format": "image/jpeg",
                    "width": 500,
                    "height": 335,
                    "services": [
                        {
                            "id": "https://www.memoriademadrid.es/iiif/3/1282162",
                            "profile": "http://iiif.io/api/image/3/level1.json",
                            "@type": "http://iiif.io/api/image/3/context.json"
                        }
                    ]
                }
            ],
            "items": [
                {
                    "id": "https://www.memoriademadrid.es/iiif/3/1282162",
                    "type": "AnnotationPage",
                    "items": [
                        {
                            "id": "https://www.memoriademadrid.es/iiif/3/1282162",
                            "type": "Annotation",
                            "motivation": "painting",
                            "target": "https://www.memoriademadrid.es/iiif/3/1282162",
                            "body": {
                                "id": "https://www.memoriademadrid.es/iiif/3/1282162/full/^1000,/0/default.jpg",
                                "type": "Image",
                                "format": "image/jpeg",
                                "width": 1000,
                                "height": 671,
                                "service": [
                                    {
                                        "id": "https://www.memoriademadrid.es/iiif/2/1282162",
                                        "profile": "http://iiif.io/api/image/2/level2.json",
                                        "type": "ImageService2"
                                    }
                                ]
                            }
                        }
                    ]
                }
            ]
        }
    ],
    "structures": []
}