{
    "id": "https://www.memoriademadrid.es/iiif/manifest/439583",
    "@context": "http://iiif.io/api/presentation/3/context.json",
    "type": "Manifest",
    "label": {
        "es": [
            "Procesi\u00f3n de los enfermos en la glorieta Santa Mar\u00eda de la Cabeza"
        ]
    },
    "summary": {
        "es": [
            "Papel fotogr\u00e1fico. Blanco y negro.\r\n12 x 18 cm.\r\nImagen compartida por Consuelo Camar\u00f3n Jim\u00e9nez"
        ]
    },
    "homepage": [
        {
            "id": "https://www.memoriademadrid.es/view/439583",
            "type": "Text",
            "label": {
                "es": [
                    "Home Page"
                ]
            },
            "format": "text/html"
        }
    ],
    "behavior": [
        "continuous"
    ],
    "thumbnail": [
        {
            "id": "https://www.memoriademadrid.es/thumbnail/439583",
            "type": "Image",
            "format": "image/jpeg",
            "width": 1024,
            "height": 644
        }
    ],
    "metadata": [
        {
            "label": {
                "es": [
                    "Editor"
                ]
            },
            "value": {
                "es": [
                    "Ayuntamiento de Madrid"
                ]
            }
        },
        {
            "label": {
                "es": [
                    "OpenAccess Log"
                ]
            },
            "value": {
                "es": [
                    "Updated in OpenAccess at 2025.05.30 09:31:21"
                ]
            }
        },
        {
            "label": {
                "es": [
                    "OpenAccess Colecci\u00f3n"
                ]
            },
            "value": {
                "es": [
                    "224843"
                ]
            }
        },
        {
            "label": {
                "es": [
                    "OpenAccess Perfil"
                ]
            },
            "value": {
                "es": [
                    "Imagen"
                ]
            }
        },
        {
            "label": {
                "es": [
                    "OpenAccess ID Esquema de Metadatos"
                ]
            },
            "value": {
                "es": [
                    "4"
                ]
            }
        },
        {
            "label": {
                "es": [
                    "OpenAccess Nombre"
                ]
            },
            "value": {
                "es": [
                    "Procesi\u00f3n de los enfermos en la glorieta Santa Mar\u00eda de la Cabeza"
                ]
            }
        },
        {
            "label": {
                "es": [
                    "ImportadoDesde"
                ]
            },
            "value": {
                "es": [
                    "Vargas"
                ]
            }
        },
        {
            "label": {
                "es": [
                    "A\u00f1o Publicaci\u00f3n"
                ]
            },
            "value": {
                "es": [
                    "1951"
                ]
            }
        },
        {
            "label": {
                "es": [
                    "ID Vargas"
                ]
            },
            "value": {
                "es": [
                    "277161"
                ]
            }
        },
        {
            "label": {
                "es": [
                    "Notas (privadas)"
                ]
            },
            "value": {
                "es": [
                    "Crear palabras clave \"Glorieta de Santa Mar\u00eda de la Cabeza\"\r\n\"Panificadora Popular Madrile\u00f1a S.A.\""
                ]
            }
        },
        {
            "label": {
                "es": [
                    "Clase de Patrimonio"
                ]
            },
            "value": {
                "es": [
                    "Patrimonio art\u00edstico"
                ]
            }
        },
        {
            "label": {
                "es": [
                    "Formato"
                ]
            },
            "value": {
                "es": [
                    "image/jpeg"
                ]
            }
        },
        {
            "label": {
                "es": [
                    "Tipo de recurso"
                ]
            },
            "value": {
                "es": [
                    "IMAGE"
                ]
            }
        },
        {
            "label": {
                "es": [
                    "Latitud/Longitud WGS 84"
                ]
            },
            "value": {
                "es": [
                    "40.40092288,-3.69956975"
                ]
            }
        },
        {
            "label": {
                "es": [
                    "URL Derechos"
                ]
            },
            "value": {
                "es": [
                    "<a href=http://creativecommons.org/licenses/by-nc/4.0/ >Creative Commons BY-NC 4.0</a>"
                ]
            }
        },
        {
            "label": {
                "es": [
                    "OpenAccess Estado"
                ]
            },
            "value": {
                "es": [
                    "PUBLISH"
                ]
            }
        },
        {
            "label": {
                "es": [
                    "Fecha de creaci\u00f3n final"
                ]
            },
            "value": {
                "es": [
                    "1951-12-31"
                ]
            }
        },
        {
            "label": {
                "es": [
                    "OpenAccess Enlace"
                ]
            },
            "value": {
                "es": [
                    "https://www.memoriademadrid.es/view/439583"
                ]
            }
        },
        {
            "label": {
                "es": [
                    "edm:isShownBy"
                ]
            },
            "value": {
                "es": [
                    "https://www.memoriademadrid.es/viewer/439583"
                ]
            }
        },
        {
            "label": {
                "es": [
                    "Idioma"
                ]
            },
            "value": {
                "es": [
                    "spa"
                ]
            }
        },
        {
            "label": {
                "es": [
                    "edm:object"
                ]
            },
            "value": {
                "es": [
                    "https://www.memoriademadrid.es/thumbnail/439583"
                ]
            }
        },
        {
            "label": {
                "es": [
                    "Instituci\u00f3n"
                ]
            },
            "value": {
                "es": [
                    "Aportaciones ciudadanas"
                ]
            }
        },
        {
            "label": {
                "es": [
                    "edm:provider"
                ]
            },
            "value": {
                "es": [
                    "Hispana"
                ]
            }
        },
        {
            "label": {
                "es": [
                    "T\u00edtulo"
                ]
            },
            "value": {
                "es": [
                    "Procesi\u00f3n de los enfermos en la glorieta Santa Mar\u00eda de la Cabeza"
                ]
            }
        },
        {
            "label": {
                "es": [
                    "Fecha del registro"
                ]
            },
            "value": {
                "es": [
                    "2017-11-23"
                ]
            }
        },
        {
            "label": {
                "es": [
                    "Fecha de creaci\u00f3n Matiz"
                ]
            },
            "value": {
                "es": [
                    "ca. 1951"
                ]
            }
        },
        {
            "label": {
                "es": [
                    "Fecha de creaci\u00f3n inicial"
                ]
            },
            "value": {
                "es": [
                    "1951-01-01"
                ]
            }
        },
        {
            "label": {
                "es": [
                    "Lugar"
                ]
            },
            "value": {
                "es": [
                    "Madrid (Arganzuela)"
                ]
            }
        },
        {
            "label": {
                "es": [
                    "Descripci\u00f3n"
                ]
            },
            "value": {
                "es": [
                    "Papel fotogr\u00e1fico. Blanco y negro.\r\n12 x 18 cm.\r\nImagen compartida por Consuelo Camar\u00f3n Jim\u00e9nez"
                ]
            }
        },
        {
            "label": {
                "es": [
                    "Tipo de documento"
                ]
            },
            "value": {
                "es": [
                    "Fotograf\u00edas"
                ]
            }
        },
        {
            "label": {
                "es": [
                    "Signatura"
                ]
            },
            "value": {
                "es": [
                    "MDB_PioBaroja_20170915_008"
                ]
            }
        },
        {
            "label": {
                "es": [
                    "Materia"
                ]
            },
            "value": {
                "es": [
                    "Glorieta de Santa Mar\u00eda de la Cabeza"
                ]
            }
        },
        {
            "label": {
                "es": [
                    "Comentarios (p\u00fablico)"
                ]
            },
            "value": {
                "es": [
                    "El sequito que acompa\u00f1a a la eucarist\u00eda destinada a los enfermos, precedida de una carroza que proporcionaba el Ayuntamiento para esta ocasi\u00f3n, en el momento de rodear la glorieta de Santa Mar\u00eda de la Cabeza.\r\n\r\nEl gran edificio de ladrillo que destaca al fondo es la Panificadora Popular Madrile\u00f1a S.A. Seg\u00fan noticia que recoge el Mundo Grafico del d\u00eda 9, esta fabrica de harinas se inaugur\u00f3 el 3 de mayo de 1917 por el rey Alfonso XIII con los \u00faltimos avances en la maquinaria dedicada a la molturaci\u00f3n del grano. Se inaugur\u00f3 como fabrica de harinas y posteriormente se complet\u00f3 con la fabrica de pan. \r\n\r\nOcupaba un gran solar entre la v\u00eda de circunvalaci\u00f3n y el paseo del Canal (\u00faltimo tramo del paseo de Santa Mar\u00eda de la Cabeza) y dispon\u00eda de apartadero propio para carga y descarga de las mercanc\u00edas transportadas por el ferrocarril.\r\n\r\nFuente http://harineras.blogspot.com.es/"
                ]
            }
        },
        {
            "label": {
                "es": [
                    "Derechos"
                ]
            },
            "value": {
                "es": [
                    "http://creativecommons.org/licenses/by-nc/4.0/"
                ]
            }
        }
    ],
    "items": [
        {
            "id": "https://www.memoriademadrid.es/iiif/439583/canvas/p1",
            "type": "Canvas",
            "label": {
                "es": [
                    1
                ]
            },
            "width": 1000,
            "height": 629,
            "thumbnail": [
                {
                    "id": "https://www.memoriademadrid.es/iiif/3/1271995/full/^500,/0/default.jpg",
                    "type": "Image",
                    "format": "image/jpeg",
                    "width": 0,
                    "height": 0,
                    "services": [
                        {
                            "id": "https://www.memoriademadrid.es/iiif/3/1271995",
                            "profile": "http://iiif.io/api/image/3/level1.json",
                            "@type": "http://iiif.io/api/image/3/context.json"
                        }
                    ]
                }
            ],
            "items": [
                {
                    "id": "https://www.memoriademadrid.es/iiif/3/1271995",
                    "type": "AnnotationPage",
                    "items": [
                        {
                            "id": "https://www.memoriademadrid.es/iiif/3/1271995",
                            "type": "Annotation",
                            "motivation": "painting",
                            "target": "https://www.memoriademadrid.es/iiif/3/1271995",
                            "body": {
                                "id": "https://www.memoriademadrid.es/iiif/3/1271995/full/^1000,/0/default.jpg",
                                "type": "Image",
                                "format": "image/jpeg",
                                "width": 1000,
                                "height": 629,
                                "service": [
                                    {
                                        "id": "https://www.memoriademadrid.es/iiif/2/1271995",
                                        "profile": "http://iiif.io/api/image/2/level2.json",
                                        "type": "ImageService2"
                                    }
                                ]
                            }
                        }
                    ]
                }
            ]
        },
        {
            "id": "https://www.memoriademadrid.es/iiif/439583/canvas/p2",
            "type": "Canvas",
            "label": {
                "es": [
                    2
                ]
            },
            "width": 1000,
            "height": 629,
            "thumbnail": [
                {
                    "id": "https://www.memoriademadrid.es/iiif/3/1272002/full/^500,/0/default.jpg",
                    "type": "Image",
                    "format": "image/jpeg",
                    "width": 500,
                    "height": 314,
                    "services": [
                        {
                            "id": "https://www.memoriademadrid.es/iiif/3/1272002",
                            "profile": "http://iiif.io/api/image/3/level1.json",
                            "@type": "http://iiif.io/api/image/3/context.json"
                        }
                    ]
                }
            ],
            "items": [
                {
                    "id": "https://www.memoriademadrid.es/iiif/3/1272002",
                    "type": "AnnotationPage",
                    "items": [
                        {
                            "id": "https://www.memoriademadrid.es/iiif/3/1272002",
                            "type": "Annotation",
                            "motivation": "painting",
                            "target": "https://www.memoriademadrid.es/iiif/3/1272002",
                            "body": {
                                "id": "https://www.memoriademadrid.es/iiif/3/1272002/full/^1000,/0/default.jpg",
                                "type": "Image",
                                "format": "image/jpeg",
                                "width": 1000,
                                "height": 629,
                                "service": [
                                    {
                                        "id": "https://www.memoriademadrid.es/iiif/2/1272002",
                                        "profile": "http://iiif.io/api/image/2/level2.json",
                                        "type": "ImageService2"
                                    }
                                ]
                            }
                        }
                    ]
                }
            ]
        }
    ],
    "structures": []
}