{
    "id": "https://www.memoriademadrid.es/iiif/manifest/439611",
    "@context": "http://iiif.io/api/presentation/3/context.json",
    "type": "Manifest",
    "label": {
        "es": [
            "Lampadario romano"
        ]
    },
    "summary": {
        "es": [
            "Elaborado en bronce fundido.\r\nFragmento de lampadario que conserva la base circular, de perfil convexo moldurado por anillos conc\u00e9ntricos y borde con restos de decoraci\u00f3n gallonada. Conserva tambi\u00e9n tres fragmentos del fuste, recorrido por estr\u00edas muy marcadas que dan lugar a una secci\u00f3n polilobulada.\r\n\r\nBase: Altura = 1,30 cm; Di\u00e1metro = 13,80 cm \r\nFuste. Fragmento (1): Altura = 7,90 cm; Di\u00e1metro = 3 cm \r\nFuste. Fragmento (2): Altura = 15,20 cm; Di\u00e1metro = 2,70 cm \r\nFuste. Fragmento (3): Altura = 17 cm; Di\u00e1metro = 3,40 cm.\r\n\r\nFotograf\u00eda: Miguel \u00c1ngel Otero Ib\u00e1\u00f1ez."
        ]
    },
    "homepage": [
        {
            "id": "https://www.memoriademadrid.es/view/439611",
            "type": "Text",
            "label": {
                "es": [
                    "Home Page"
                ]
            },
            "format": "text/html"
        }
    ],
    "behavior": [
        "continuous"
    ],
    "thumbnail": [
        {
            "id": "https://www.memoriademadrid.es/thumbnail/439611",
            "type": "Image",
            "format": "image/jpeg",
            "width": 1024,
            "height": 685
        }
    ],
    "metadata": [
        {
            "label": {
                "es": [
                    "A\u00f1o Publicaci\u00f3n"
                ]
            },
            "value": {
                "es": [
                    "1"
                ]
            }
        },
        {
            "label": {
                "es": [
                    "edm:provider"
                ]
            },
            "value": {
                "es": [
                    "Hispana"
                ]
            }
        },
        {
            "label": {
                "es": [
                    "edm:object"
                ]
            },
            "value": {
                "es": [
                    "https://www.memoriademadrid.es/thumbnail/439611"
                ]
            }
        },
        {
            "label": {
                "es": [
                    "edm:isShownBy"
                ]
            },
            "value": {
                "es": [
                    "https://www.memoriademadrid.es/viewer/439611"
                ]
            }
        },
        {
            "label": {
                "es": [
                    "OpenAccess Enlace"
                ]
            },
            "value": {
                "es": [
                    "https://www.memoriademadrid.es/view/439611"
                ]
            }
        },
        {
            "label": {
                "es": [
                    "OpenAccess Estado"
                ]
            },
            "value": {
                "es": [
                    "PUBLISH"
                ]
            }
        },
        {
            "label": {
                "es": [
                    "URL Derechos"
                ]
            },
            "value": {
                "es": [
                    "<a href=http://creativecommons.org/licenses/by-nc/4.0/ >Creative Commons BY-NC 4.0</a>"
                ]
            }
        },
        {
            "label": {
                "es": [
                    "Clase de Patrimonio"
                ]
            },
            "value": {
                "es": [
                    "Patrimonio art\u00edstico"
                ]
            }
        },
        {
            "label": {
                "es": [
                    "OpenAccess Log"
                ]
            },
            "value": {
                "es": [
                    "Updated in OpenAccess at 2025.02.15 09:30:21"
                ]
            }
        },
        {
            "label": {
                "es": [
                    "OpenAccess Perfil"
                ]
            },
            "value": {
                "es": [
                    "Imagen"
                ]
            }
        },
        {
            "label": {
                "es": [
                    "OpenAccess Colecci\u00f3n"
                ]
            },
            "value": {
                "es": [
                    "260321"
                ]
            }
        },
        {
            "label": {
                "es": [
                    "OpenAccess ID Esquema de Metadatos"
                ]
            },
            "value": {
                "es": [
                    "4"
                ]
            }
        },
        {
            "label": {
                "es": [
                    "OpenAccess Nombre"
                ]
            },
            "value": {
                "es": [
                    "Lampadario romano"
                ]
            }
        },
        {
            "label": {
                "es": [
                    "ImportadoDesde"
                ]
            },
            "value": {
                "es": [
                    "Vargas"
                ]
            }
        },
        {
            "label": {
                "es": [
                    "ID Vargas"
                ]
            },
            "value": {
                "es": [
                    "280908"
                ]
            }
        },
        {
            "label": {
                "es": [
                    "Formato"
                ]
            },
            "value": {
                "es": [
                    "image/jpeg"
                ]
            }
        },
        {
            "label": {
                "es": [
                    "Tipo de recurso"
                ]
            },
            "value": {
                "es": [
                    "IMAGE"
                ]
            }
        },
        {
            "label": {
                "es": [
                    "Editor"
                ]
            },
            "value": {
                "es": [
                    "Ayuntamiento de Madrid"
                ]
            }
        },
        {
            "label": {
                "es": [
                    "Fecha de creaci\u00f3n final"
                ]
            },
            "value": {
                "es": [
                    "100-12-31"
                ]
            }
        },
        {
            "label": {
                "es": [
                    "Instituci\u00f3n"
                ]
            },
            "value": {
                "es": [
                    "Museo de San Isidro"
                ]
            }
        },
        {
            "label": {
                "es": [
                    "Idioma"
                ]
            },
            "value": {
                "es": [
                    "spa"
                ]
            }
        },
        {
            "label": {
                "es": [
                    "T\u00edtulo"
                ]
            },
            "value": {
                "es": [
                    "Lampadario romano"
                ]
            }
        },
        {
            "label": {
                "es": [
                    "Fecha del registro"
                ]
            },
            "value": {
                "es": [
                    "2017-12-14"
                ]
            }
        },
        {
            "label": {
                "es": [
                    "Fecha de creaci\u00f3n Matiz"
                ]
            },
            "value": {
                "es": [
                    "Siglo I d. C."
                ]
            }
        },
        {
            "label": {
                "es": [
                    "Fecha de creaci\u00f3n inicial"
                ]
            },
            "value": {
                "es": [
                    "1-01-30"
                ]
            }
        },
        {
            "label": {
                "es": [
                    "Lugar"
                ]
            },
            "value": {
                "es": [
                    "Madrid"
                ]
            }
        },
        {
            "label": {
                "es": [
                    "Descripci\u00f3n"
                ]
            },
            "value": {
                "es": [
                    "Elaborado en bronce fundido.\r\nFragmento de lampadario que conserva la base circular, de perfil convexo moldurado por anillos conc\u00e9ntricos y borde con restos de decoraci\u00f3n gallonada. Conserva tambi\u00e9n tres fragmentos del fuste, recorrido por estr\u00edas muy marcadas que dan lugar a una secci\u00f3n polilobulada.\r\n\r\nBase: Altura = 1,30 cm; Di\u00e1metro = 13,80 cm \r\nFuste. Fragmento (1): Altura = 7,90 cm; Di\u00e1metro = 3 cm \r\nFuste. Fragmento (2): Altura = 15,20 cm; Di\u00e1metro = 2,70 cm \r\nFuste. Fragmento (3): Altura = 17 cm; Di\u00e1metro = 3,40 cm.\r\n\r\nFotograf\u00eda: Miguel \u00c1ngel Otero Ib\u00e1\u00f1ez."
                ]
            }
        },
        {
            "label": {
                "es": [
                    "Tipo de documento"
                ]
            },
            "value": {
                "es": [
                    "Arqueolog\u00eda"
                ]
            }
        },
        {
            "label": {
                "es": [
                    "Signatura"
                ]
            },
            "value": {
                "es": [
                    "Inv. CE1974/124/406"
                ]
            }
        },
        {
            "label": {
                "es": [
                    "Materia"
                ]
            },
            "value": {
                "es": [
                    "Cer\u00e1mica",
                    "Madrid Medieval",
                    "Madrid isl\u00e1mico"
                ]
            }
        },
        {
            "label": {
                "es": [
                    "Comentarios (p\u00fablico)"
                ]
            },
            "value": {
                "es": [
                    "Los lampadarios de bronce fueron objetos muy abundantes en las casas romanas, destinados a servir de pie a las lucernas de aceite empleadas para la iluminaci\u00f3n, a veces fijos y otras de altura regulable para permitir su adaptaci\u00f3n a la lectura. Los restos aqu\u00ed estudiados corresponden a un tipo de lampadario muy sencillo, destinado a soportar una sola lamparilla (en algunos casos pod\u00edan servir de pie a m\u00e1s de diez) y constituido por un fuste estriado cil\u00edndrico y macizo, una plataforma superior para alojar la lucerna y un pie formado por un platillo circular con tres patas cortas. Pertenece a un tipo cl\u00e1sico del que se han encontrado numerosos ejemplares en Pompeya y Herculano. \r\n\r\nApareci\u00f3 en los estratos correspondientes a la villa inferior de Villaverde Bajo y Balil, bas\u00e1ndose en su tipolog\u00eda, lo consider\u00f3 obra del siglo I d.. C. , mas bien de su primera mitad, por lo que formar\u00eda parte de los objetos de mobiliario m\u00e1s antiguos de la villa, que seg\u00fan \u00e9l habr\u00eda sido construida en \u00e9poca de Tiberio, mientras Barradas retrasaba dicha construcci\u00f3n hasta finales del siglo primero o comienzos del segundo. \r\n\r\nFuente: Cat\u00e1logo del Museo de San Isidro. Los Or\u00edgenes de Madrid."
                ]
            }
        },
        {
            "label": {
                "es": [
                    "Derechos"
                ]
            },
            "value": {
                "es": [
                    "http://creativecommons.org/licenses/by-nc/4.0/"
                ]
            }
        }
    ],
    "items": [
        {
            "id": "https://www.memoriademadrid.es/iiif/439611/canvas/p1",
            "type": "Canvas",
            "label": {
                "es": [
                    1
                ]
            },
            "width": 1114,
            "height": 745,
            "thumbnail": [
                {
                    "id": "https://www.memoriademadrid.es/iiif/3/1272131/full/^500,/0/default.jpg",
                    "type": "Image",
                    "format": "image/jpeg",
                    "width": 500,
                    "height": 334,
                    "services": [
                        {
                            "id": "https://www.memoriademadrid.es/iiif/3/1272131",
                            "profile": "http://iiif.io/api/image/3/level1.json",
                            "@type": "http://iiif.io/api/image/3/context.json"
                        }
                    ]
                }
            ],
            "items": [
                {
                    "id": "https://www.memoriademadrid.es/iiif/3/1272131",
                    "type": "AnnotationPage",
                    "items": [
                        {
                            "id": "https://www.memoriademadrid.es/iiif/3/1272131",
                            "type": "Annotation",
                            "motivation": "painting",
                            "target": "https://www.memoriademadrid.es/iiif/3/1272131",
                            "body": {
                                "id": "https://www.memoriademadrid.es/iiif/3/1272131/full/^1000,/0/default.jpg",
                                "type": "Image",
                                "format": "image/jpeg",
                                "width": 1114,
                                "height": 745,
                                "service": [
                                    {
                                        "id": "https://www.memoriademadrid.es/iiif/2/1272131",
                                        "profile": "http://iiif.io/api/image/2/level2.json",
                                        "type": "ImageService2"
                                    }
                                ]
                            }
                        }
                    ]
                }
            ]
        },
        {
            "id": "https://www.memoriademadrid.es/iiif/439611/canvas/p2",
            "type": "Canvas",
            "label": {
                "es": [
                    2
                ]
            },
            "width": 1114,
            "height": 745,
            "thumbnail": [
                {
                    "id": "https://www.memoriademadrid.es/iiif/3/1272136/full/^500,/0/default.jpg",
                    "type": "Image",
                    "format": "image/jpeg",
                    "width": 0,
                    "height": 0,
                    "services": [
                        {
                            "id": "https://www.memoriademadrid.es/iiif/3/1272136",
                            "profile": "http://iiif.io/api/image/3/level1.json",
                            "@type": "http://iiif.io/api/image/3/context.json"
                        }
                    ]
                }
            ],
            "items": [
                {
                    "id": "https://www.memoriademadrid.es/iiif/3/1272136",
                    "type": "AnnotationPage",
                    "items": [
                        {
                            "id": "https://www.memoriademadrid.es/iiif/3/1272136",
                            "type": "Annotation",
                            "motivation": "painting",
                            "target": "https://www.memoriademadrid.es/iiif/3/1272136",
                            "body": {
                                "id": "https://www.memoriademadrid.es/iiif/3/1272136/full/^1000,/0/default.jpg",
                                "type": "Image",
                                "format": "image/jpeg",
                                "width": 1114,
                                "height": 745,
                                "service": [
                                    {
                                        "id": "https://www.memoriademadrid.es/iiif/2/1272136",
                                        "profile": "http://iiif.io/api/image/2/level2.json",
                                        "type": "ImageService2"
                                    }
                                ]
                            }
                        }
                    ]
                }
            ]
        }
    ],
    "structures": []
}