{
    "id": "https://www.memoriademadrid.es/iiif/manifest/440209",
    "@context": "http://iiif.io/api/presentation/3/context.json",
    "type": "Manifest",
    "label": {
        "es": [
            "Rumbo a la Puerta de Alcal\u00e1"
        ]
    },
    "summary": {
        "es": [
            "Papel fotogr\u00e1fico. Blanco y Negro.\r\n10 x 7 cm.\r\nCompartido por Pilar Guerra Le\u00f3n"
        ]
    },
    "homepage": [
        {
            "id": "https://www.memoriademadrid.es/view/440209",
            "type": "Text",
            "label": {
                "es": [
                    "Home Page"
                ]
            },
            "format": "text/html"
        }
    ],
    "behavior": [
        "continuous"
    ],
    "thumbnail": [
        {
            "id": "https://www.memoriademadrid.es/thumbnail/440209",
            "type": "Image",
            "format": "image/jpeg",
            "width": 1024,
            "height": 767
        }
    ],
    "metadata": [
        {
            "label": {
                "es": [
                    "A\u00f1o Publicaci\u00f3n"
                ]
            },
            "value": {
                "es": [
                    "1957"
                ]
            }
        },
        {
            "label": {
                "es": [
                    "edm:provider"
                ]
            },
            "value": {
                "es": [
                    "Hispana"
                ]
            }
        },
        {
            "label": {
                "es": [
                    "edm:object"
                ]
            },
            "value": {
                "es": [
                    "https://www.memoriademadrid.es/thumbnail/440209"
                ]
            }
        },
        {
            "label": {
                "es": [
                    "edm:isShownBy"
                ]
            },
            "value": {
                "es": [
                    "https://www.memoriademadrid.es/viewer/440209"
                ]
            }
        },
        {
            "label": {
                "es": [
                    "OpenAccess Enlace"
                ]
            },
            "value": {
                "es": [
                    "https://www.memoriademadrid.es/view/440209"
                ]
            }
        },
        {
            "label": {
                "es": [
                    "OpenAccess Estado"
                ]
            },
            "value": {
                "es": [
                    "PUBLISH"
                ]
            }
        },
        {
            "label": {
                "es": [
                    "URL Derechos"
                ]
            },
            "value": {
                "es": [
                    "<a href=http://creativecommons.org/licenses/by-nc/4.0/ >Creative Commons BY-NC 4.0</a>"
                ]
            }
        },
        {
            "label": {
                "es": [
                    "Clase de Patrimonio"
                ]
            },
            "value": {
                "es": [
                    "Patrimonio art\u00edstico"
                ]
            }
        },
        {
            "label": {
                "es": [
                    "OpenAccess Log"
                ]
            },
            "value": {
                "es": [
                    "Updated in OpenAccess at 2025.07.04 09:49:43."
                ]
            }
        },
        {
            "label": {
                "es": [
                    "OpenAccess Colecci\u00f3n"
                ]
            },
            "value": {
                "es": [
                    "224843"
                ]
            }
        },
        {
            "label": {
                "es": [
                    "OpenAccess Perfil"
                ]
            },
            "value": {
                "es": [
                    "Imagen"
                ]
            }
        },
        {
            "label": {
                "es": [
                    "OpenAccess ID Esquema de Metadatos"
                ]
            },
            "value": {
                "es": [
                    "4"
                ]
            }
        },
        {
            "label": {
                "es": [
                    "OpenAccess Nombre"
                ]
            },
            "value": {
                "es": [
                    "Rumbo a la Puerta de Alcal\u00e1"
                ]
            }
        },
        {
            "label": {
                "es": [
                    "ImportadoDesde"
                ]
            },
            "value": {
                "es": [
                    "Vargas"
                ]
            }
        },
        {
            "label": {
                "es": [
                    "ID Vargas"
                ]
            },
            "value": {
                "es": [
                    "317693"
                ]
            }
        },
        {
            "label": {
                "es": [
                    "Notas (privadas)"
                ]
            },
            "value": {
                "es": [
                    "Palacio Lorite ; simbolog\u00eda franquista ; simbolog\u00eda falangista"
                ]
            }
        },
        {
            "label": {
                "es": [
                    "Instituci\u00f3n"
                ]
            },
            "value": {
                "es": [
                    "Aportaciones ciudadanas"
                ]
            }
        },
        {
            "label": {
                "es": [
                    "Formato"
                ]
            },
            "value": {
                "es": [
                    "image/jpeg"
                ]
            }
        },
        {
            "label": {
                "es": [
                    "Tipo de recurso"
                ]
            },
            "value": {
                "es": [
                    "IMAGE"
                ]
            }
        },
        {
            "label": {
                "es": [
                    "Editor"
                ]
            },
            "value": {
                "es": [
                    "Ayuntamiento de Madrid"
                ]
            }
        },
        {
            "label": {
                "es": [
                    "Latitud/Longitud WGS 84"
                ]
            },
            "value": {
                "es": [
                    "40.41897174,-3.69586372"
                ]
            }
        },
        {
            "label": {
                "es": [
                    "Idioma"
                ]
            },
            "value": {
                "es": [
                    "spa"
                ]
            }
        },
        {
            "label": {
                "es": [
                    "Fecha de creaci\u00f3n final"
                ]
            },
            "value": {
                "es": [
                    "1957-09-30"
                ]
            }
        },
        {
            "label": {
                "es": [
                    "Autor"
                ]
            },
            "value": {
                "es": [
                    "Julio LE\u00d3N COSTALES"
                ]
            }
        },
        {
            "label": {
                "es": [
                    "T\u00edtulo"
                ]
            },
            "value": {
                "es": [
                    "Rumbo a la Puerta de Alcal\u00e1"
                ]
            }
        },
        {
            "label": {
                "es": [
                    "Fecha del registro"
                ]
            },
            "value": {
                "es": [
                    "2018-08-24"
                ]
            }
        },
        {
            "label": {
                "es": [
                    "Fecha de creaci\u00f3n inicial"
                ]
            },
            "value": {
                "es": [
                    "1957-09-01"
                ]
            }
        },
        {
            "label": {
                "es": [
                    "Fecha de creaci\u00f3n Matiz"
                ]
            },
            "value": {
                "es": [
                    "Septiembre de 1957"
                ]
            }
        },
        {
            "label": {
                "es": [
                    "Lugar"
                ]
            },
            "value": {
                "es": [
                    "Madrid (Centro)"
                ]
            }
        },
        {
            "label": {
                "es": [
                    "Descripci\u00f3n"
                ]
            },
            "value": {
                "es": [
                    "Papel fotogr\u00e1fico. Blanco y Negro.\r\n10 x 7 cm.\r\nCompartido por Pilar Guerra Le\u00f3n"
                ]
            }
        },
        {
            "label": {
                "es": [
                    "Tipo de documento"
                ]
            },
            "value": {
                "es": [
                    "Fotograf\u00edas"
                ]
            }
        },
        {
            "label": {
                "es": [
                    "Signatura"
                ]
            },
            "value": {
                "es": [
                    "MDB_IvanDeVargas_20180808_003"
                ]
            }
        },
        {
            "label": {
                "es": [
                    "Materia"
                ]
            },
            "value": {
                "es": [
                    "Calle de Alcal\u00e1",
                    "Teatro Espa\u00f1ol-S.XVI-XVII"
                ]
            }
        },
        {
            "label": {
                "es": [
                    "Comentarios (p\u00fablico)"
                ]
            },
            "value": {
                "es": [
                    "Vista de la calle de Alcal\u00e1 cerca de la fuente de la Cibeles que apenas se intuye en esta foto. \r\n\r\nLos arquitectos Antonio Palacios y Joaqu\u00edn Otamendi construyeron dos de los edificios m\u00e1s representativos: el edificio Cari\u00e1tides en Alcal\u00e1 49 donde leemos Banco Central (hoy sede del Instituto Cervantes) y en diagonal, cruzando la Plaza, el Palacio de Comunicaciones (hoy Ayuntamiento de Madrid). Frente a \u00e9ste, en la acera impar, el Palacio de Linares deshabitado y con todas sus leyendas. Nuevamente cruzando en diagonal, est\u00e1 el Banco de Espa\u00f1a. En la otra esquina est\u00e1 oculto el Palacio de Buenavista, sede por entonces del Ministerio del Ej\u00e9rcito.\r\nHay dos edificios que merecen una especial menci\u00f3n.\r\nPegado al Banco de Espa\u00f1a se ve el desaparecido Palacio Lorite, proyectado por el arquitecto Jos\u00e9 de Lorite Kramer para la Banca Garc\u00eda-Calamarte. El Banco de Espa\u00f1a lo adquiri\u00f3 en 1950 pensando en una ampliaci\u00f3n que entonces no se llev\u00f3 a cabo porque no pudo desalojar a sus inquilinos. Este edificio protegido en 1985 por el Plan Especial de Conservaci\u00f3n del Ayuntamiento de Madrid e incluido en el Plan General de Ordenaci\u00f3n Urbana fue desprotegido por el gobierno en 1997 y demolido en 2003 para realizar la postergada ampliaci\u00f3n proyectada ahora por Rafael Moneo. \r\nVemos sobre la fachada de Alcal\u00e1 44 un enorme emblema del yugo y las flechas de la falange. Este edificio fue sede de la Secretar\u00eda General del Movimiento Esta insignia era una estructura de madera pintada de rojo que ocupaba varias plantas. Fue retirada en la madrugada del viernes 8 de abril de 1977, al d\u00eda siguiente de que en el Bolet\u00edn Oficial del Estado se publicaran dos decretos ley por los que se declaraban extinguidos la Secretar\u00eda General del Movimiento y los \u00f3rganos pol\u00edticos dependientes de la misma.\r\nAl fondo, la Puerta de Alcal\u00e1. Julio Le\u00f3n Costales (Asturias, 1930-2010) fotografi\u00f3 esto caminando por Madrid."
                ]
            }
        },
        {
            "label": {
                "es": [
                    "Derechos"
                ]
            },
            "value": {
                "es": [
                    "http://creativecommons.org/licenses/by-nc/4.0/"
                ]
            }
        }
    ],
    "items": [
        {
            "id": "https://www.memoriademadrid.es/iiif/440209/canvas/p1",
            "type": "Canvas",
            "label": {
                "es": [
                    1
                ]
            },
            "width": 1000,
            "height": 749,
            "thumbnail": [
                {
                    "id": "https://www.memoriademadrid.es/iiif/3/1279279/full/^500,/0/default.jpg",
                    "type": "Image",
                    "format": "image/jpeg",
                    "width": 0,
                    "height": 0,
                    "services": [
                        {
                            "id": "https://www.memoriademadrid.es/iiif/3/1279279",
                            "profile": "http://iiif.io/api/image/3/level1.json",
                            "@type": "http://iiif.io/api/image/3/context.json"
                        }
                    ]
                }
            ],
            "items": [
                {
                    "id": "https://www.memoriademadrid.es/iiif/3/1279279",
                    "type": "AnnotationPage",
                    "items": [
                        {
                            "id": "https://www.memoriademadrid.es/iiif/3/1279279",
                            "type": "Annotation",
                            "motivation": "painting",
                            "target": "https://www.memoriademadrid.es/iiif/3/1279279",
                            "body": {
                                "id": "https://www.memoriademadrid.es/iiif/3/1279279/full/^1000,/0/default.jpg",
                                "type": "Image",
                                "format": "image/jpeg",
                                "width": 1000,
                                "height": 749,
                                "service": [
                                    {
                                        "id": "https://www.memoriademadrid.es/iiif/2/1279279",
                                        "profile": "http://iiif.io/api/image/2/level2.json",
                                        "type": "ImageService2"
                                    }
                                ]
                            }
                        }
                    ]
                }
            ]
        },
        {
            "id": "https://www.memoriademadrid.es/iiif/440209/canvas/p2",
            "type": "Canvas",
            "label": {
                "es": [
                    2
                ]
            },
            "width": 1000,
            "height": 749,
            "thumbnail": [
                {
                    "id": "https://www.memoriademadrid.es/iiif/3/1279284/full/^500,/0/default.jpg",
                    "type": "Image",
                    "format": "image/jpeg",
                    "width": 0,
                    "height": 0,
                    "services": [
                        {
                            "id": "https://www.memoriademadrid.es/iiif/3/1279284",
                            "profile": "http://iiif.io/api/image/3/level1.json",
                            "@type": "http://iiif.io/api/image/3/context.json"
                        }
                    ]
                }
            ],
            "items": [
                {
                    "id": "https://www.memoriademadrid.es/iiif/3/1279284",
                    "type": "AnnotationPage",
                    "items": [
                        {
                            "id": "https://www.memoriademadrid.es/iiif/3/1279284",
                            "type": "Annotation",
                            "motivation": "painting",
                            "target": "https://www.memoriademadrid.es/iiif/3/1279284",
                            "body": {
                                "id": "https://www.memoriademadrid.es/iiif/3/1279284/full/^1000,/0/default.jpg",
                                "type": "Image",
                                "format": "image/jpeg",
                                "width": 1000,
                                "height": 749,
                                "service": [
                                    {
                                        "id": "https://www.memoriademadrid.es/iiif/2/1279284",
                                        "profile": "http://iiif.io/api/image/2/level2.json",
                                        "type": "ImageService2"
                                    }
                                ]
                            }
                        }
                    ]
                }
            ]
        }
    ],
    "structures": []
}