{
    "id": "https://www.memoriademadrid.es/iiif/manifest/440367",
    "@context": "http://iiif.io/api/presentation/3/context.json",
    "type": "Manifest",
    "label": {
        "es": [
            "Panorama de la finca El Polvor\u00edn"
        ]
    },
    "summary": {
        "es": [
            "Papel fotogr\u00e1fico. Blanco y negro.\r\nDigitalizaci\u00f3n realizada por el donante de la imagen.\r\nDocumento compartido por Carlos Guti\u00e9rrez Iglesias."
        ]
    },
    "homepage": [
        {
            "id": "https://www.memoriademadrid.es/view/440367",
            "type": "Text",
            "label": {
                "es": [
                    "Home Page"
                ]
            },
            "format": "text/html"
        }
    ],
    "behavior": [
        "continuous"
    ],
    "thumbnail": [
        {
            "id": "https://www.memoriademadrid.es/thumbnail/440367",
            "type": "Image",
            "format": "image/jpeg",
            "width": 1024,
            "height": 407
        }
    ],
    "metadata": [
        {
            "label": {
                "es": [
                    "Formato"
                ]
            },
            "value": {
                "es": [
                    "image/jpeg"
                ]
            }
        },
        {
            "label": {
                "es": [
                    "edm:isShownBy"
                ]
            },
            "value": {
                "es": [
                    "https://www.memoriademadrid.es/viewer/440367"
                ]
            }
        },
        {
            "label": {
                "es": [
                    "edm:object"
                ]
            },
            "value": {
                "es": [
                    "https://www.memoriademadrid.es/thumbnail/440367"
                ]
            }
        },
        {
            "label": {
                "es": [
                    "OpenAccess Estado"
                ]
            },
            "value": {
                "es": [
                    "PUBLISH"
                ]
            }
        },
        {
            "label": {
                "es": [
                    "OpenAccess Colecci\u00f3n"
                ]
            },
            "value": {
                "es": [
                    "224843"
                ]
            }
        },
        {
            "label": {
                "es": [
                    "OpenAccess Log"
                ]
            },
            "value": {
                "es": [
                    "Updated in OpenAccess at 2025.04.14 09:36:18"
                ]
            }
        },
        {
            "label": {
                "es": [
                    "OpenAccess Enlace"
                ]
            },
            "value": {
                "es": [
                    "https://www.memoriademadrid.es/view/440367"
                ]
            }
        },
        {
            "label": {
                "es": [
                    "OpenAccess Perfil"
                ]
            },
            "value": {
                "es": [
                    "Imagen"
                ]
            }
        },
        {
            "label": {
                "es": [
                    "OpenAccess ID Esquema de Metadatos"
                ]
            },
            "value": {
                "es": [
                    "4"
                ]
            }
        },
        {
            "label": {
                "es": [
                    "OpenAccess Nombre"
                ]
            },
            "value": {
                "es": [
                    "Panorama de la finca El Polvor\u00edn"
                ]
            }
        },
        {
            "label": {
                "es": [
                    "ImportadoDesde"
                ]
            },
            "value": {
                "es": [
                    "Vargas"
                ]
            }
        },
        {
            "label": {
                "es": [
                    "A\u00f1o Publicaci\u00f3n"
                ]
            },
            "value": {
                "es": [
                    "1966"
                ]
            }
        },
        {
            "label": {
                "es": [
                    "ID Vargas"
                ]
            },
            "value": {
                "es": [
                    "323573"
                ]
            }
        },
        {
            "label": {
                "es": [
                    "Tipo de recurso"
                ]
            },
            "value": {
                "es": [
                    "IMAGE"
                ]
            }
        },
        {
            "label": {
                "es": [
                    "Editor"
                ]
            },
            "value": {
                "es": [
                    "Ayuntamiento de Madrid"
                ]
            }
        },
        {
            "label": {
                "es": [
                    "Latitud/Longitud WGS 84"
                ]
            },
            "value": {
                "es": [
                    "40.380481,-3.767541"
                ]
            }
        },
        {
            "label": {
                "es": [
                    "Idioma"
                ]
            },
            "value": {
                "es": [
                    "spa"
                ]
            }
        },
        {
            "label": {
                "es": [
                    "Clase de Patrimonio"
                ]
            },
            "value": {
                "es": [
                    "Patrimonio Art\u00edstico"
                ]
            }
        },
        {
            "label": {
                "es": [
                    "Instituci\u00f3n"
                ]
            },
            "value": {
                "es": [
                    "Aportaciones ciudadanas"
                ]
            }
        },
        {
            "label": {
                "es": [
                    "T\u00edtulo"
                ]
            },
            "value": {
                "es": [
                    "Panorama de la finca El Polvor\u00edn"
                ]
            }
        },
        {
            "label": {
                "es": [
                    "Fecha del registro"
                ]
            },
            "value": {
                "es": [
                    "2018-12-14"
                ]
            }
        },
        {
            "label": {
                "es": [
                    "Fecha de creaci\u00f3n Matiz"
                ]
            },
            "value": {
                "es": [
                    "1966"
                ]
            }
        },
        {
            "label": {
                "es": [
                    "Fecha de creaci\u00f3n inicial"
                ]
            },
            "value": {
                "es": [
                    "1966-01-01"
                ]
            }
        },
        {
            "label": {
                "es": [
                    "Lugar"
                ]
            },
            "value": {
                "es": [
                    "Madrid (Latina)"
                ]
            }
        },
        {
            "label": {
                "es": [
                    "Descripci\u00f3n"
                ]
            },
            "value": {
                "es": [
                    "Papel fotogr\u00e1fico. Blanco y negro.\r\nDigitalizaci\u00f3n realizada por el donante de la imagen.\r\nDocumento compartido por Carlos Guti\u00e9rrez Iglesias."
                ]
            }
        },
        {
            "label": {
                "es": [
                    "Tipo de documento"
                ]
            },
            "value": {
                "es": [
                    "Fotograf\u00edas"
                ]
            }
        },
        {
            "label": {
                "es": [
                    "Signatura"
                ]
            },
            "value": {
                "es": [
                    "MDB_BDMM_20181210E_001"
                ]
            }
        },
        {
            "label": {
                "es": [
                    "Comentarios (p\u00fablico)"
                ]
            },
            "value": {
                "es": [
                    "Estas fotograf\u00edas fueron tomadas por el abuelo materno del donante de la imagen desde lo alto de los primeros edificios construido en la zona norte del barrio de la \u00c1guilas, junto la actual avenida del mismo nombre. En la imagen se observa la extensi\u00f3n de la Finca \"El Polvor\u00edn\" propiedad de su bisabuelo paterno, Facundo Guti\u00e9rrez se observa la extensi\u00f3n de la finca, ya vac\u00eda y en la que se observa el edificio llamado \u201cEl Polvor\u00edn\u201d  que ocupaba gran parte de lo que es actualmente la zona este del barrio de las \u00c1guilas que m\u00e1s tarde el gobierno utiliz\u00f3 para construir y que deb\u00eda su nombre a la cercan\u00eda con los militares de Cuatro Vientos.\r\n\r\nAl aportar esta imagen, Carlos nos comenta que \"Quer\u00eda dar a conocer la historia familiar de esta finca que fue muy importante para la historia del barrio, algo que las generaciones nuevas desconocen pero los vecinos antiguos de la zona recuerdan\"."
                ]
            }
        },
        {
            "label": {
                "es": [
                    "Derechos"
                ]
            },
            "value": {
                "es": [
                    "http://creativecommons.org/licenses/by-nc/4.0/"
                ]
            }
        }
    ],
    "items": [
        {
            "id": "https://www.memoriademadrid.es/iiif/440367/canvas/p1",
            "type": "Canvas",
            "label": {
                "es": [
                    1
                ]
            },
            "width": 1200,
            "height": 477,
            "thumbnail": [
                {
                    "id": "https://www.memoriademadrid.es/iiif/3/1058084/full/^500,/0/default.jpg",
                    "type": "Image",
                    "format": "image/jpeg",
                    "width": 500,
                    "height": 198,
                    "services": [
                        {
                            "id": "https://www.memoriademadrid.es/iiif/3/1058084",
                            "profile": "http://iiif.io/api/image/3/level1.json",
                            "@type": "http://iiif.io/api/image/3/context.json"
                        }
                    ]
                }
            ],
            "items": [
                {
                    "id": "https://www.memoriademadrid.es/iiif/3/1058084",
                    "type": "AnnotationPage",
                    "items": [
                        {
                            "id": "https://www.memoriademadrid.es/iiif/3/1058084",
                            "type": "Annotation",
                            "motivation": "painting",
                            "target": "https://www.memoriademadrid.es/iiif/3/1058084",
                            "body": {
                                "id": "https://www.memoriademadrid.es/iiif/3/1058084/full/^1000,/0/default.jpg",
                                "type": "Image",
                                "format": "image/jpeg",
                                "width": 1200,
                                "height": 477,
                                "service": [
                                    {
                                        "id": "https://www.memoriademadrid.es/iiif/2/1058084",
                                        "profile": "http://iiif.io/api/image/2/level2.json",
                                        "type": "ImageService2"
                                    }
                                ]
                            }
                        }
                    ]
                }
            ]
        }
    ],
    "structures": []
}