{
    "id": "https://www.memoriademadrid.es/iiif/manifest/440679",
    "@context": "http://iiif.io/api/presentation/3/context.json",
    "type": "Manifest",
    "label": {
        "es": [
            "Madrid 2020: retrato de una ciudad ins\u00f3lita"
        ]
    },
    "summary": {
        "es": [
            "Video que reune las fotograf\u00edas participantes en el Concurso organizado por el Museo de Historia de Madrid \"Madrid 2020: retrato de una ciudad ins\u00f3lita.\"\r\n\r\n7\u00b4 26\"."
        ]
    },
    "homepage": [
        {
            "id": "https://www.memoriademadrid.es/view/440679",
            "type": "Text",
            "label": {
                "es": [
                    "Home Page"
                ]
            },
            "format": "text/html"
        }
    ],
    "behavior": [
        "continuous"
    ],
    "thumbnail": [
        {
            "id": "https://www.memoriademadrid.es/thumbnail/440679",
            "type": "Image",
            "format": "image/jpeg",
            "width": 1024,
            "height": 719
        }
    ],
    "metadata": [
        {
            "label": {
                "es": [
                    "Formato"
                ]
            },
            "value": {
                "es": [
                    "video/mp4"
                ]
            }
        },
        {
            "label": {
                "es": [
                    "OpenAccess Estado"
                ]
            },
            "value": {
                "es": [
                    "PUBLISH"
                ]
            }
        },
        {
            "label": {
                "es": [
                    "OpenAccess Log"
                ]
            },
            "value": {
                "es": [
                    "Published in OpenAccess at 2024.11.06 01:41:20"
                ]
            }
        },
        {
            "label": {
                "es": [
                    "OpenAccess Enlace"
                ]
            },
            "value": {
                "es": [
                    "https://www.memoriademadrid.es/view/440679"
                ]
            }
        },
        {
            "label": {
                "es": [
                    "OpenAccess Perfil"
                ]
            },
            "value": {
                "es": [
                    "Video"
                ]
            }
        },
        {
            "label": {
                "es": [
                    "OpenAccess Colecci\u00f3n"
                ]
            },
            "value": {
                "es": [
                    "260321"
                ]
            }
        },
        {
            "label": {
                "es": [
                    "OpenAccess ID Esquema de Metadatos"
                ]
            },
            "value": {
                "es": [
                    "4"
                ]
            }
        },
        {
            "label": {
                "es": [
                    "OpenAccess Nombre"
                ]
            },
            "value": {
                "es": [
                    "Madrid 2020: retrato de una ciudad ins\u00f3lita"
                ]
            }
        },
        {
            "label": {
                "es": [
                    "ImportadoDesde"
                ]
            },
            "value": {
                "es": [
                    "Vargas"
                ]
            }
        },
        {
            "label": {
                "es": [
                    "A\u00f1o Publicaci\u00f3n"
                ]
            },
            "value": {
                "es": [
                    "2020"
                ]
            }
        },
        {
            "label": {
                "es": [
                    "Notas (privadas)"
                ]
            },
            "value": {
                "es": [
                    "Memorias de una pandemia"
                ]
            }
        },
        {
            "label": {
                "es": [
                    "edm:object"
                ]
            },
            "value": {
                "es": [
                    "https://www.memoriademadrid.es/thumbnail/440679"
                ]
            }
        },
        {
            "label": {
                "es": [
                    "edm:isShownBy"
                ]
            },
            "value": {
                "es": [
                    "https://www.memoriademadrid.es/viewer/440679"
                ]
            }
        },
        {
            "label": {
                "es": [
                    "Tipo de recurso"
                ]
            },
            "value": {
                "es": [
                    "VIDEO"
                ]
            }
        },
        {
            "label": {
                "es": [
                    "Editor"
                ]
            },
            "value": {
                "es": [
                    "Ayuntamiento de Madrid"
                ]
            }
        },
        {
            "label": {
                "es": [
                    "Idioma"
                ]
            },
            "value": {
                "es": [
                    "spa"
                ]
            }
        },
        {
            "label": {
                "es": [
                    "Clase de Patrimonio"
                ]
            },
            "value": {
                "es": [
                    "Patrimonio Art\u00edstico"
                ]
            }
        },
        {
            "label": {
                "es": [
                    "Instituci\u00f3n"
                ]
            },
            "value": {
                "es": [
                    "Museo de Historia"
                ]
            }
        },
        {
            "label": {
                "es": [
                    "ID Vargas"
                ]
            },
            "value": {
                "es": [
                    "382180"
                ]
            }
        },
        {
            "label": {
                "es": [
                    "T\u00edtulo"
                ]
            },
            "value": {
                "es": [
                    "Madrid 2020: retrato de una ciudad ins\u00f3lita"
                ]
            }
        },
        {
            "label": {
                "es": [
                    "Fecha del registro"
                ]
            },
            "value": {
                "es": [
                    "2020-10-26"
                ]
            }
        },
        {
            "label": {
                "es": [
                    "Fecha de creaci\u00f3n Matiz"
                ]
            },
            "value": {
                "es": [
                    "2020"
                ]
            }
        },
        {
            "label": {
                "es": [
                    "Fecha de creaci\u00f3n inicial"
                ]
            },
            "value": {
                "es": [
                    "2020-07-27"
                ]
            }
        },
        {
            "label": {
                "es": [
                    "Lugar"
                ]
            },
            "value": {
                "es": [
                    "Madrid"
                ]
            }
        },
        {
            "label": {
                "es": [
                    "Descripci\u00f3n"
                ]
            },
            "value": {
                "es": [
                    "Video que reune las fotograf\u00edas participantes en el Concurso organizado por el Museo de Historia de Madrid \"Madrid 2020: retrato de una ciudad ins\u00f3lita.\"\r\n\r\n7\u00b4 26\"."
                ]
            }
        },
        {
            "label": {
                "es": [
                    "Tipo de documento"
                ]
            },
            "value": {
                "es": [
                    "V\u00eddeos"
                ]
            }
        },
        {
            "label": {
                "es": [
                    "Signatura"
                ]
            },
            "value": {
                "es": [
                    "s/sign."
                ]
            }
        },
        {
            "label": {
                "es": [
                    "Materia"
                ]
            },
            "value": {
                "es": [
                    "Epidemias y enfermedades",
                    "COVID-19"
                ]
            }
        },
        {
            "label": {
                "es": [
                    "Comentarios (p\u00fablico)"
                ]
            },
            "value": {
                "es": [
                    "En este v\u00eddeo descubrimos los trabajos del primer concurso de fotograf\u00eda del Museo de Historia de Madrid.\r\n\r\nEl tema del concurso era la ciudad de Madrid y sus habitantes en el periodo en que nos hemos visto afectados por la Covid-19 y sus consecuencias.\r\nMadrid es una ciudad abierta y diversa, que se vio sorprendida por un estado de alarma que confin\u00f3 a su poblaci\u00f3n. Las calles quedaron desiertas, pero palpitando esperanza. Sus ciudadanos estuvieron confinados en sus casas, asomados a sus balcones y ventanas. Y luego tuvieron que salir y enfrentarse a la \u201cnueva normalidad\u201d.\r\n\r\nLas fotograf\u00edas muestran esa faceta de nuestra ciudad, espacios, edificios, monumentos, personas\u2026 Queremos que sea un homenaje a todos aquellos  madrile\u00f1os que ya no podr\u00e1n verlas."
                ]
            }
        },
        {
            "label": {
                "es": [
                    "Derechos"
                ]
            },
            "value": {
                "es": [
                    "http://creativecommons.org/licenses/by-nc/4.0/"
                ]
            }
        }
    ],
    "items": [
        {
            "id": "https://www.memoriademadrid.es/iiif/440679/canvas/p859887",
            "type": "Canvas",
            "label": {
                "es": [
                    "859887"
                ]
            },
            "duration": 446.242,
            "thumbnail": [
                {
                    "id": "https://www.memoriademadrid.es/thumbnail/568954",
                    "type": "Image",
                    "format": "image/jpeg",
                    "width": 1024,
                    "height": 719
                }
            ],
            "items": [
                {
                    "id": "https://www.memoriademadrid.es/file/859887/content",
                    "type": "AnnotationPage",
                    "items": [
                        {
                            "id": "https://www.memoriademadrid.es/file/859887/content",
                            "type": "Annotation",
                            "motivation": "painting",
                            "target": "https://www.memoriademadrid.es/file/859887/content",
                            "body": {
                                "id": "https://www.memoriademadrid.es/file/859887/content",
                                "type": "Video",
                                "format": "video/mp4"
                            }
                        }
                    ]
                }
            ]
        }
    ],
    "structures": []
}