{
    "id": "https://www.memoriademadrid.es/iiif/manifest/443342",
    "@context": "http://iiif.io/api/presentation/3/context.json",
    "type": "Manifest",
    "label": {
        "es": [
            "Nueva Casa Central de la Instituci\u00f3n Municipal de Puericultura y Maternolog\u00eda. Fachada Campillo del Mundo Nuevo"
        ]
    },
    "summary": {
        "es": [
            "Plano extra\u00eddo del libro \"Historia, organizaci\u00f3n y modo de funcionar de la instituci\u00f3n municipal de puericultura\". \r\nMadrid : Imp. Municipal, 1926\r\nPag. 69"
        ]
    },
    "homepage": [
        {
            "id": "https://www.memoriademadrid.es/view/443342",
            "type": "Text",
            "label": {
                "es": [
                    "Home Page"
                ]
            },
            "format": "text/html"
        }
    ],
    "behavior": [
        "continuous"
    ],
    "thumbnail": [
        {
            "id": "https://www.memoriademadrid.es/thumbnail/443342",
            "type": "Image",
            "format": "image/jpeg",
            "width": 1024,
            "height": 657
        }
    ],
    "metadata": [
        {
            "label": {
                "es": [
                    "ImportadoDesde"
                ]
            },
            "value": {
                "es": [
                    "Vargas"
                ]
            }
        },
        {
            "label": {
                "es": [
                    "edm:isShownBy"
                ]
            },
            "value": {
                "es": [
                    "https://www.memoriademadrid.es/viewer/443342"
                ]
            }
        },
        {
            "label": {
                "es": [
                    "edm:object"
                ]
            },
            "value": {
                "es": [
                    "https://www.memoriademadrid.es/thumbnail/443342"
                ]
            }
        },
        {
            "label": {
                "es": [
                    "Tipo de recurso"
                ]
            },
            "value": {
                "es": [
                    "IMAGE"
                ]
            }
        },
        {
            "label": {
                "es": [
                    "OpenAccess Perfil"
                ]
            },
            "value": {
                "es": [
                    "Imagen"
                ]
            }
        },
        {
            "label": {
                "es": [
                    "OpenAccess Nombre"
                ]
            },
            "value": {
                "es": [
                    "Nueva Casa Central de la Instituci\u00f3n Municipal de Puericultura y Maternolog\u00eda. Fachada Campillo del Mundo Nuevo"
                ]
            }
        },
        {
            "label": {
                "es": [
                    "OpenAccess ID Esquema de Metadatos"
                ]
            },
            "value": {
                "es": [
                    "4"
                ]
            }
        },
        {
            "label": {
                "es": [
                    "OpenAccess Estado"
                ]
            },
            "value": {
                "es": [
                    "PUBLISH"
                ]
            }
        },
        {
            "label": {
                "es": [
                    "OpenAccess Colecci\u00f3n"
                ]
            },
            "value": {
                "es": [
                    "260321"
                ]
            }
        },
        {
            "label": {
                "es": [
                    "Notas (privadas)"
                ]
            },
            "value": {
                "es": [
                    "Madrid Salud. Infancia"
                ]
            }
        },
        {
            "label": {
                "es": [
                    "A\u00f1o Publicaci\u00f3n"
                ]
            },
            "value": {
                "es": [
                    "1926"
                ]
            }
        },
        {
            "label": {
                "es": [
                    "Idioma"
                ]
            },
            "value": {
                "es": [
                    "spa"
                ]
            }
        },
        {
            "label": {
                "es": [
                    "ID Vargas"
                ]
            },
            "value": {
                "es": [
                    "30100"
                ]
            }
        },
        {
            "label": {
                "es": [
                    "Formato"
                ]
            },
            "value": {
                "es": [
                    "image/jpeg"
                ]
            }
        },
        {
            "label": {
                "es": [
                    "Fecha de creaci\u00f3n final"
                ]
            },
            "value": {
                "es": [
                    "1926-12-31"
                ]
            }
        },
        {
            "label": {
                "es": [
                    "Editor"
                ]
            },
            "value": {
                "es": [
                    "Ayuntamiento de Madrid. \u00c1rea de Las Artes"
                ]
            }
        },
        {
            "label": {
                "es": [
                    "Instituci\u00f3n"
                ]
            },
            "value": {
                "es": [
                    "Imprenta Municipal"
                ]
            }
        },
        {
            "label": {
                "es": [
                    "Clase de Patrimonio"
                ]
            },
            "value": {
                "es": [
                    "Patrimonio Documental"
                ]
            }
        },
        {
            "label": {
                "es": [
                    "T\u00edtulo"
                ]
            },
            "value": {
                "es": [
                    "Nueva Casa Central de la Instituci\u00f3n Municipal de Puericultura y Maternolog\u00eda. Fachada Campillo del Mundo Nuevo"
                ]
            }
        },
        {
            "label": {
                "es": [
                    "Fecha de creaci\u00f3n inicial"
                ]
            },
            "value": {
                "es": [
                    "1926-01-01"
                ]
            }
        },
        {
            "label": {
                "es": [
                    "Fecha del registro"
                ]
            },
            "value": {
                "es": [
                    "2012-07-05"
                ]
            }
        },
        {
            "label": {
                "es": [
                    "Lugar"
                ]
            },
            "value": {
                "es": [
                    "Madrid"
                ]
            }
        },
        {
            "label": {
                "es": [
                    "Descripci\u00f3n"
                ]
            },
            "value": {
                "es": [
                    "Plano extra\u00eddo del libro \"Historia, organizaci\u00f3n y modo de funcionar de la instituci\u00f3n municipal de puericultura\". \r\nMadrid : Imp. Municipal, 1926\r\nPag. 69"
                ]
            }
        },
        {
            "label": {
                "es": [
                    "Tipo de documento"
                ]
            },
            "value": {
                "es": [
                    "Planos"
                ]
            }
        },
        {
            "label": {
                "es": [
                    "Signatura"
                ]
            },
            "value": {
                "es": [
                    "IA 476"
                ]
            }
        },
        {
            "label": {
                "es": [
                    "Comentarios (p\u00fablico)"
                ]
            },
            "value": {
                "es": [
                    "Se puede leer en el libro en el que se publica la imagen: \r\n\r\n\"Expuesta queda la vida de la Instituci\u00f3n de Puericultura hasta esta fecha; pero para atender a todos los servicios con la perfecci\u00f3n debida, era obligado disponer de un edificio acondicionado para Casa Central, pues entre las varias deficiencias que deb\u00edan irse corrigiendo, la m\u00e1s saliente y de urgente remedio era disponer de amplitud para trabajar con holgura y de maquinaria adecuada para la preparaci\u00f3n de la leche y sus derivados, as\u00ed como de los diferentes productos alimenticios que requiere una bien entendida diet\u00e9tica de los ni\u00f1os sanos y enfermos.\r\n\r\nNuestros constantes apremios, fundados en las dificultades pr\u00e1cticas con que luch\u00e1bamos en la Central actual, instalada provisionalmente,\r\nhan logrado por fin ser atendidos, y en pr\u00f3ximo plazo se inaugurar\u00e1 un magn\u00edfico edificio construido bajo la direcci\u00f3n del inteligente arquitecto de edificios municipales, D. Luis Bellido, en la plaza del Campillo del Mundo Nuevo."
                ]
            }
        },
        {
            "label": {
                "es": [
                    "Derechos"
                ]
            },
            "value": {
                "es": [
                    "http://creativecommons.org/licenses/by-nc/4.0/"
                ]
            }
        }
    ],
    "items": [
        {
            "id": "https://www.memoriademadrid.es/iiif/443342/canvas/p1",
            "type": "Canvas",
            "label": {
                "es": [
                    1
                ]
            },
            "width": 850,
            "height": 545,
            "thumbnail": [
                {
                    "id": "https://www.memoriademadrid.es/iiif/3/667711/full/^500,/0/default.jpg",
                    "type": "Image",
                    "format": "image/jpeg",
                    "width": 500,
                    "height": 321,
                    "services": [
                        {
                            "id": "https://www.memoriademadrid.es/iiif/3/667711",
                            "profile": "http://iiif.io/api/image/3/level1.json",
                            "@type": "http://iiif.io/api/image/3/context.json"
                        }
                    ]
                }
            ],
            "items": [
                {
                    "id": "https://www.memoriademadrid.es/iiif/3/667711",
                    "type": "AnnotationPage",
                    "items": [
                        {
                            "id": "https://www.memoriademadrid.es/iiif/3/667711",
                            "type": "Annotation",
                            "motivation": "painting",
                            "target": "https://www.memoriademadrid.es/iiif/3/667711",
                            "body": {
                                "id": "https://www.memoriademadrid.es/iiif/3/667711/full/^850,/0/default.jpg",
                                "type": "Image",
                                "format": "image/jpeg",
                                "width": 850,
                                "height": 545,
                                "service": [
                                    {
                                        "id": "https://www.memoriademadrid.es/iiif/2/667711",
                                        "profile": "http://iiif.io/api/image/2/level2.json",
                                        "type": "ImageService2"
                                    }
                                ]
                            }
                        }
                    ]
                }
            ]
        }
    ],
    "structures": []
}