{
    "id": "https://www.memoriademadrid.es/iiif/manifest/443450",
    "@context": "http://iiif.io/api/presentation/3/context.json",
    "type": "Manifest",
    "label": {
        "es": [
            "Primer proyecto de Lucio del Vall para la reforma de la Puerta del Sol"
        ]
    },
    "summary": {
        "es": [
            "Extra\u00eddo del plano \"Proyectos para la reforma de la Puerta del Sol\".\r\n\"Revista de Obras P\u00fablicas\" / \"A. Olarte Gochea grab\u00f3\"\r\nEscala 1/1500."
        ]
    },
    "homepage": [
        {
            "id": "https://www.memoriademadrid.es/view/443450",
            "type": "Text",
            "label": {
                "es": [
                    "Home Page"
                ]
            },
            "format": "text/html"
        }
    ],
    "behavior": [
        "continuous"
    ],
    "thumbnail": [
        {
            "id": "https://www.memoriademadrid.es/thumbnail/443450",
            "type": "Image",
            "format": "image/jpeg",
            "width": 1024,
            "height": 793
        }
    ],
    "metadata": [
        {
            "label": {
                "es": [
                    "A\u00f1o Publicaci\u00f3n"
                ]
            },
            "value": {
                "es": [
                    "1857"
                ]
            }
        },
        {
            "label": {
                "es": [
                    "edm:provider"
                ]
            },
            "value": {
                "es": [
                    "Hispana"
                ]
            }
        },
        {
            "label": {
                "es": [
                    "edm:object"
                ]
            },
            "value": {
                "es": [
                    "https://www.memoriademadrid.es/thumbnail/443450"
                ]
            }
        },
        {
            "label": {
                "es": [
                    "edm:isShownBy"
                ]
            },
            "value": {
                "es": [
                    "https://www.memoriademadrid.es/viewer/443450"
                ]
            }
        },
        {
            "label": {
                "es": [
                    "OpenAccess Enlace"
                ]
            },
            "value": {
                "es": [
                    "https://www.memoriademadrid.es/view/443450"
                ]
            }
        },
        {
            "label": {
                "es": [
                    "OpenAccess Estado"
                ]
            },
            "value": {
                "es": [
                    "PUBLISH"
                ]
            }
        },
        {
            "label": {
                "es": [
                    "URL Derechos"
                ]
            },
            "value": {
                "es": [
                    "<a href=http://creativecommons.org/licenses/by-nc/4.0/ >Creative Commons BY-NC 4.0</a>"
                ]
            }
        },
        {
            "label": {
                "es": [
                    "Clase de Patrimonio"
                ]
            },
            "value": {
                "es": [
                    "Patrimonio documental"
                ]
            }
        },
        {
            "label": {
                "es": [
                    "OpenAccess Log"
                ]
            },
            "value": {
                "es": [
                    "Updated in OpenAccess at 2025.05.30 10:05:27"
                ]
            }
        },
        {
            "label": {
                "es": [
                    "VisorMapa"
                ]
            },
            "value": {
                "es": [
                    "SXIXCastro"
                ]
            }
        },
        {
            "label": {
                "es": [
                    "OpenAccess Perfil"
                ]
            },
            "value": {
                "es": [
                    "Imagen"
                ]
            }
        },
        {
            "label": {
                "es": [
                    "OpenAccess Colecci\u00f3n"
                ]
            },
            "value": {
                "es": [
                    "260321"
                ]
            }
        },
        {
            "label": {
                "es": [
                    "OpenAccess ID Esquema de Metadatos"
                ]
            },
            "value": {
                "es": [
                    "4"
                ]
            }
        },
        {
            "label": {
                "es": [
                    "OpenAccess Nombre"
                ]
            },
            "value": {
                "es": [
                    "Primer proyecto de Lucio del Vall para la reforma de la Puerta del Sol"
                ]
            }
        },
        {
            "label": {
                "es": [
                    "ImportadoDesde"
                ]
            },
            "value": {
                "es": [
                    "Vargas"
                ]
            }
        },
        {
            "label": {
                "es": [
                    "ID Vargas"
                ]
            },
            "value": {
                "es": [
                    "305304"
                ]
            }
        },
        {
            "label": {
                "es": [
                    "Notas (privadas)"
                ]
            },
            "value": {
                "es": [
                    "Reconstrucci\u00f3n de la Puerta del Sol. Proyectos"
                ]
            }
        },
        {
            "label": {
                "es": [
                    "Instituci\u00f3n"
                ]
            },
            "value": {
                "es": [
                    "Archivo de Villa"
                ]
            }
        },
        {
            "label": {
                "es": [
                    "Formato"
                ]
            },
            "value": {
                "es": [
                    "image/jpeg"
                ]
            }
        },
        {
            "label": {
                "es": [
                    "Tipo de recurso"
                ]
            },
            "value": {
                "es": [
                    "IMAGE"
                ]
            }
        },
        {
            "label": {
                "es": [
                    "Editor"
                ]
            },
            "value": {
                "es": [
                    "Ayuntamiento de Madrid"
                ]
            }
        },
        {
            "label": {
                "es": [
                    "Latitud/Longitud WGS 84"
                ]
            },
            "value": {
                "es": [
                    "40.41684216,-3.7033387"
                ]
            }
        },
        {
            "label": {
                "es": [
                    "Idioma"
                ]
            },
            "value": {
                "es": [
                    "spa"
                ]
            }
        },
        {
            "label": {
                "es": [
                    "Autor"
                ]
            },
            "value": {
                "es": [
                    "Lucio del VALLE ARANA"
                ]
            }
        },
        {
            "label": {
                "es": [
                    "T\u00edtulo"
                ]
            },
            "value": {
                "es": [
                    "Primer proyecto de Lucio del Vall para la reforma de la Puerta del Sol"
                ]
            }
        },
        {
            "label": {
                "es": [
                    "Fecha de creaci\u00f3n Matiz"
                ]
            },
            "value": {
                "es": [
                    "Mayo de 1857"
                ]
            }
        },
        {
            "label": {
                "es": [
                    "Fecha de creaci\u00f3n inicial"
                ]
            },
            "value": {
                "es": [
                    "1857-05-01"
                ]
            }
        },
        {
            "label": {
                "es": [
                    "Fecha del registro"
                ]
            },
            "value": {
                "es": [
                    "2018-03-12"
                ]
            }
        },
        {
            "label": {
                "es": [
                    "Lugar"
                ]
            },
            "value": {
                "es": [
                    "Madrid"
                ]
            }
        },
        {
            "label": {
                "es": [
                    "Descripci\u00f3n"
                ]
            },
            "value": {
                "es": [
                    "Extra\u00eddo del plano \"Proyectos para la reforma de la Puerta del Sol\".\r\n\"Revista de Obras P\u00fablicas\" / \"A. Olarte Gochea grab\u00f3\"\r\nEscala 1/1500."
                ]
            }
        },
        {
            "label": {
                "es": [
                    "Tipo de documento"
                ]
            },
            "value": {
                "es": [
                    "Planos"
                ]
            }
        },
        {
            "label": {
                "es": [
                    "Signatura"
                ]
            },
            "value": {
                "es": [
                    "0,69-12-1"
                ]
            }
        },
        {
            "label": {
                "es": [
                    "Materia"
                ]
            },
            "value": {
                "es": [
                    "Puerta del Sol"
                ]
            }
        },
        {
            "label": {
                "es": [
                    "Comentarios (p\u00fablico)"
                ]
            },
            "value": {
                "es": [
                    "El mismo d\u00eda de la publicaci\u00f3n del Proyecto de ley de instrucci\u00f3n p\u00fablica que dar\u00eda fama a Claudio Moyano, se public\u00f3 en la Gaceta de Madrid el Proyecto de ley \"autorizando al Gobierno para proceder a la ejecuci\u00f3n de las obras de ensanche y embellecimiento de la Puerta del Sol\". En \u00e9l se especifica que el Gobierno iba a prescindir de todo lo que se hab\u00eda realizado hasta ese momento a excepci\u00f3n de ley de 21 de Julio de 1855, que declaraba las obras de utilidad p\u00fablica, y el d ct\u00e1men que sobre su interpretaci\u00f3n y aplicaci\u00f3n emiti\u00f3 el Tribunal Supremo contencioso-administrativo que dictamin\u00f3 que el Gobierno estaba facultado para determinar cu\u00e1les eran las casas o propiedades cuya enajenaci\u00f3n forzosa consideraba necesaria para llevar a efecto la obra. Dado que se consideraba que las obras no pod\u00edan tener un car\u00e1cter exclusivamente municipal se impuso un gravamen al Estado, disponi\u00e9ndose la creaci\u00f3n de las \"Acciones de la Puerta del Sol\", con el abono del 8% de inter\u00e9s anual, el 10% de amortizaci\u00f3n, y el 1% de premio.\r\n\r\nEl plano adjuntado por el Ministerio para la realizaci\u00f3n del Proyecto se encarg\u00f3 a Lucio del Valle, Juan Rivera y Jos\u00e9 Morer Morer, que por entoncestrabajaban en la construcci\u00f3n del Canal de Isabel II, y que se inspiraron en el priomer proyecto del Conde de San Luis para dotar a la plaza de la que iba a ser caracteristica curva en las fachadas del norte.\r\n\r\nEn este proyecto, seg\u00fan comenta Navascu\u00e9s \"se deja a un lado el edificio de Correos, y con un criterio mucho m\u00e1s pr\u00e1ctico lleva el centro de la plaza al punto en que se encuentran las l\u00edneas m\u00e1s densas de circulaci\u00f3n. A su vez el arco formado por el lado norte distanciaba la desembocadura de las calles, adem\u00e1s de haber suprimido la salida de Carmen. Si alg\u00fan defecto tiene el proyecto de Lucio del Valle, es la escasa superficie dada a la nueva plaza (9846 metros cuadrados frenta a los 5069 con los que contaba la antigua."
                ]
            }
        },
        {
            "label": {
                "es": [
                    "Derechos"
                ]
            },
            "value": {
                "es": [
                    "http://creativecommons.org/licenses/by-nc/4.0/"
                ]
            }
        }
    ],
    "items": [
        {
            "id": "https://www.memoriademadrid.es/iiif/443450/canvas/p1",
            "type": "Canvas",
            "label": {
                "es": [
                    1
                ]
            },
            "width": 1000,
            "height": 774,
            "thumbnail": [
                {
                    "id": "https://www.memoriademadrid.es/iiif/3/1277775/full/^500,/0/default.jpg",
                    "type": "Image",
                    "format": "image/jpeg",
                    "width": 500,
                    "height": 387,
                    "services": [
                        {
                            "id": "https://www.memoriademadrid.es/iiif/3/1277775",
                            "profile": "http://iiif.io/api/image/3/level1.json",
                            "@type": "http://iiif.io/api/image/3/context.json"
                        }
                    ]
                }
            ],
            "items": [
                {
                    "id": "https://www.memoriademadrid.es/iiif/3/1277775",
                    "type": "AnnotationPage",
                    "items": [
                        {
                            "id": "https://www.memoriademadrid.es/iiif/3/1277775",
                            "type": "Annotation",
                            "motivation": "painting",
                            "target": "https://www.memoriademadrid.es/iiif/3/1277775",
                            "body": {
                                "id": "https://www.memoriademadrid.es/iiif/3/1277775/full/^1000,/0/default.jpg",
                                "type": "Image",
                                "format": "image/jpeg",
                                "width": 1000,
                                "height": 774,
                                "service": [
                                    {
                                        "id": "https://www.memoriademadrid.es/iiif/2/1277775",
                                        "profile": "http://iiif.io/api/image/2/level2.json",
                                        "type": "ImageService2"
                                    }
                                ]
                            }
                        }
                    ]
                }
            ]
        },
        {
            "id": "https://www.memoriademadrid.es/iiif/443450/canvas/p2",
            "type": "Canvas",
            "label": {
                "es": [
                    2
                ]
            },
            "width": 1000,
            "height": 774,
            "thumbnail": [
                {
                    "id": "https://www.memoriademadrid.es/iiif/3/1277780/full/^500,/0/default.jpg",
                    "type": "Image",
                    "format": "image/jpeg",
                    "width": 0,
                    "height": 0,
                    "services": [
                        {
                            "id": "https://www.memoriademadrid.es/iiif/3/1277780",
                            "profile": "http://iiif.io/api/image/3/level1.json",
                            "@type": "http://iiif.io/api/image/3/context.json"
                        }
                    ]
                }
            ],
            "items": [
                {
                    "id": "https://www.memoriademadrid.es/iiif/3/1277780",
                    "type": "AnnotationPage",
                    "items": [
                        {
                            "id": "https://www.memoriademadrid.es/iiif/3/1277780",
                            "type": "Annotation",
                            "motivation": "painting",
                            "target": "https://www.memoriademadrid.es/iiif/3/1277780",
                            "body": {
                                "id": "https://www.memoriademadrid.es/iiif/3/1277780/full/^1000,/0/default.jpg",
                                "type": "Image",
                                "format": "image/jpeg",
                                "width": 1000,
                                "height": 774,
                                "service": [
                                    {
                                        "id": "https://www.memoriademadrid.es/iiif/2/1277780",
                                        "profile": "http://iiif.io/api/image/2/level2.json",
                                        "type": "ImageService2"
                                    }
                                ]
                            }
                        }
                    ]
                }
            ]
        }
    ],
    "structures": []
}