{
    "id": "https://www.memoriademadrid.es/iiif/manifest/443474",
    "@context": "http://iiif.io/api/presentation/3/context.json",
    "type": "Manifest",
    "label": {
        "es": [
            "Felipa Polo Asenjo \"La Felipa\""
        ]
    },
    "summary": {
        "es": [
            "C/ de los Libreros, 16\r\nDistrito: Centro\r\nColocada en el 23 de abril de 2018"
        ]
    },
    "homepage": [
        {
            "id": "https://www.memoriademadrid.es/view/443474",
            "type": "Text",
            "label": {
                "es": [
                    "Home Page"
                ]
            },
            "format": "text/html"
        }
    ],
    "behavior": [
        "continuous"
    ],
    "thumbnail": [
        {
            "id": "https://www.memoriademadrid.es/thumbnail/443474",
            "type": "Image",
            "format": "image/jpeg",
            "width": 768,
            "height": 1024
        }
    ],
    "metadata": [
        {
            "label": {
                "es": [
                    "Tipo de recurso"
                ]
            },
            "value": {
                "es": [
                    "IMAGE"
                ]
            }
        },
        {
            "label": {
                "es": [
                    "OpenAccess Log"
                ]
            },
            "value": {
                "es": [
                    "Updated in OpenAccess at 2025.04.07 02:12:20"
                ]
            }
        },
        {
            "label": {
                "es": [
                    "OpenAccess Colecci\u00f3n"
                ]
            },
            "value": {
                "es": [
                    "364478"
                ]
            }
        },
        {
            "label": {
                "es": [
                    "OpenAccess Enlace"
                ]
            },
            "value": {
                "es": [
                    "https://www.memoriademadrid.es/view/443474"
                ]
            }
        },
        {
            "label": {
                "es": [
                    "OpenAccess Perfil"
                ]
            },
            "value": {
                "es": [
                    "Imagen"
                ]
            }
        },
        {
            "label": {
                "es": [
                    "OpenAccess ID Esquema de Metadatos"
                ]
            },
            "value": {
                "es": [
                    "4"
                ]
            }
        },
        {
            "label": {
                "es": [
                    "OpenAccess Nombre"
                ]
            },
            "value": {
                "es": [
                    "Felipa Polo Asenjo \"La Felipa\""
                ]
            }
        },
        {
            "label": {
                "es": [
                    "ImportadoDesde"
                ]
            },
            "value": {
                "es": [
                    "Vargas"
                ]
            }
        },
        {
            "label": {
                "es": [
                    "Objeto master"
                ]
            },
            "value": {
                "es": [
                    "No existen coincidencias"
                ]
            }
        },
        {
            "label": {
                "es": [
                    "A\u00f1o Publicaci\u00f3n"
                ]
            },
            "value": {
                "es": [
                    "2018"
                ]
            }
        },
        {
            "label": {
                "es": [
                    "Notas (privadas)"
                ]
            },
            "value": {
                "es": [
                    "Mujeres c\u00e9lebres"
                ]
            }
        },
        {
            "label": {
                "es": [
                    "OpenAccess Estado"
                ]
            },
            "value": {
                "es": [
                    "PUBLISH"
                ]
            }
        },
        {
            "label": {
                "es": [
                    "edm:object"
                ]
            },
            "value": {
                "es": [
                    "https://www.memoriademadrid.es/thumbnail/443474"
                ]
            }
        },
        {
            "label": {
                "es": [
                    "Formato"
                ]
            },
            "value": {
                "es": [
                    "image/jpeg"
                ]
            }
        },
        {
            "label": {
                "es": [
                    "Editor"
                ]
            },
            "value": {
                "es": [
                    "Ayuntamiento de Madrid"
                ]
            }
        },
        {
            "label": {
                "es": [
                    "Latitud/Longitud WGS 84"
                ]
            },
            "value": {
                "es": [
                    "40.42197274,-3.70638739"
                ]
            }
        },
        {
            "label": {
                "es": [
                    "edm:isShownBy"
                ]
            },
            "value": {
                "es": [
                    "https://www.memoriademadrid.es/viewer/443474"
                ]
            }
        },
        {
            "label": {
                "es": [
                    "Idioma"
                ]
            },
            "value": {
                "es": [
                    "spa"
                ]
            }
        },
        {
            "label": {
                "es": [
                    "Clase de Patrimonio"
                ]
            },
            "value": {
                "es": [
                    "Patrimonio Urbano"
                ]
            }
        },
        {
            "label": {
                "es": [
                    "Instituci\u00f3n"
                ]
            },
            "value": {
                "es": [
                    "Patrimonio urbano"
                ]
            }
        },
        {
            "label": {
                "es": [
                    "ID Vargas"
                ]
            },
            "value": {
                "es": [
                    "309256"
                ]
            }
        },
        {
            "label": {
                "es": [
                    "T\u00edtulo"
                ]
            },
            "value": {
                "es": [
                    "Felipa Polo Asenjo \"La Felipa\""
                ]
            }
        },
        {
            "label": {
                "es": [
                    "Fecha de creaci\u00f3n Matiz"
                ]
            },
            "value": {
                "es": [
                    "2018"
                ]
            }
        },
        {
            "label": {
                "es": [
                    "Fecha del registro"
                ]
            },
            "value": {
                "es": [
                    "2018-04-23"
                ]
            }
        },
        {
            "label": {
                "es": [
                    "Fecha de creaci\u00f3n inicial"
                ]
            },
            "value": {
                "es": [
                    "2018-04-23"
                ]
            }
        },
        {
            "label": {
                "es": [
                    "Lugar"
                ]
            },
            "value": {
                "es": [
                    "Madrid"
                ]
            }
        },
        {
            "label": {
                "es": [
                    "Descripci\u00f3n"
                ]
            },
            "value": {
                "es": [
                    "C/ de los Libreros, 16\r\nDistrito: Centro\r\nColocada en el 23 de abril de 2018"
                ]
            }
        },
        {
            "label": {
                "es": [
                    "Tipo de documento"
                ]
            },
            "value": {
                "es": [
                    "Placas conmemorativas"
                ]
            }
        },
        {
            "label": {
                "es": [
                    "Signatura"
                ]
            },
            "value": {
                "es": [
                    "s/sign."
                ]
            }
        },
        {
            "label": {
                "es": [
                    "Materia"
                ]
            },
            "value": {
                "es": [
                    "Librer\u00edas e imprentas"
                ]
            }
        },
        {
            "label": {
                "es": [
                    "Comentarios (p\u00fablico)"
                ]
            },
            "value": {
                "es": [
                    "\u201cFelipa Polo Asenjo, \u2018La Felipa\u2019 (1911-2002). Amiga de los estudiantes y los amantes del libro\u201d. \r\n\r\nAs\u00ed reza el texto de la placa con la que Madrid recuerda a la propietaria de la librer\u00eda posiblemente m\u00e1s frecuentada por los universitarios madrile\u00f1os de la segunda mitad del siglo XX.\r\n\r\nFelipa naci\u00f3 en Loranca de Taju\u00f1a, Guadalajara, donde pas\u00f3 sus primeros a\u00f1os. Lleg\u00f3 a Madrid con 9 despu\u00e9s de quedarse hu\u00e9rfana y a los 12 comenz\u00f3 a trabajar en la librer\u00eda de Do\u00f1a Pepita, otra mujer excepcional de su tiempo que adem\u00e1s de amante de los libros fue maestra de sordomudos y radiotelegrafista. De su mano Felipa aprendi\u00f3 un oficio que en esa \u00e9poca no solo consist\u00eda en comprar y vender vol\u00famenes sino que precisaba tambi\u00e9n saber encuadernar y restaurar los libros si era preciso. En 1944, cuando falleci\u00f3 su benefactora, Felipa abri\u00f3 su propio negocio en la calle Libreros, uno de los lugares de la ciudad donde se concentraban numerosas librer\u00edas debido a su cercan\u00eda a la entonces sede de la Universidad Central situada en la calle San Bernardo. En el mismo edificio donde estaba su establecimiento, en el n\u00famero 16 de esta calle, fij\u00f3 su hogar en la primera planta.\r\n\r\nAll\u00ed desarroll\u00f3 su trabajo durante 64 a\u00f1os. En principio, se dedic\u00f3 a comprar libros usados que restauraba para luego venderlos. Posteriormente empez\u00f3 a comprar tambi\u00e9n libros nuevos y con los a\u00f1os su negocio adquiri\u00f3 tanta fama que atrajo no s\u00f3lo a los estudiantes madrile\u00f1os sino a otros provenientes de todo el pa\u00eds. Las colas para acceder a la librer\u00eda se convirtieron en el paisaje habitual de cada comienzo de curso acad\u00e9mico. Felipa no se limitaba a vender vol\u00famenes, tambi\u00e9n aconsejaba a sus clientes y ayudaba a los que se encontraban en dificultades econ\u00f3micas, prest\u00e1ndoles los libros que necesitaban para preparar sus ex\u00e1menes. En este trabajo que fue la pasi\u00f3n de su vida permaneci\u00f3 hasta el a\u00f1o 2000, cuando decidi\u00f3 cerrar el establecimiento. Falleci\u00f3 dos a\u00f1os despu\u00e9s."
                ]
            }
        },
        {
            "label": {
                "es": [
                    "URL Cat\u00e1logo"
                ]
            },
            "value": {
                "es": [
                    "http://especiales.memoriademadrid.es/index/verficha/idpk/309256/id/8/obj/A/idag/25"
                ]
            }
        },
        {
            "label": {
                "es": [
                    "Derechos"
                ]
            },
            "value": {
                "es": [
                    "http://creativecommons.org/licenses/by-nc/4.0/"
                ]
            }
        },
        {
            "label": {
                "es": [
                    "Enlace Externo"
                ]
            },
            "value": {
                "es": [
                    "<a href='http://especiales.memoriademadrid.es/index/verficha/idpk/309256/id/8/obj/A/idag/25'>Ver en el cat\u00e1logo</a>"
                ]
            }
        }
    ],
    "items": [
        {
            "id": "https://www.memoriademadrid.es/iiif/443474/canvas/p1",
            "type": "Canvas",
            "label": {
                "es": [
                    1
                ]
            },
            "width": 720,
            "height": 960,
            "thumbnail": [
                {
                    "id": "https://www.memoriademadrid.es/iiif/3/1056795/full/^500,/0/default.jpg",
                    "type": "Image",
                    "format": "image/jpeg",
                    "width": 500,
                    "height": 667,
                    "services": [
                        {
                            "id": "https://www.memoriademadrid.es/iiif/3/1056795",
                            "profile": "http://iiif.io/api/image/3/level1.json",
                            "@type": "http://iiif.io/api/image/3/context.json"
                        }
                    ]
                }
            ],
            "items": [
                {
                    "id": "https://www.memoriademadrid.es/iiif/3/1056795",
                    "type": "AnnotationPage",
                    "items": [
                        {
                            "id": "https://www.memoriademadrid.es/iiif/3/1056795",
                            "type": "Annotation",
                            "motivation": "painting",
                            "target": "https://www.memoriademadrid.es/iiif/3/1056795",
                            "body": {
                                "id": "https://www.memoriademadrid.es/iiif/3/1056795/full/^720,/0/default.jpg",
                                "type": "Image",
                                "format": "image/jpeg",
                                "width": 720,
                                "height": 960,
                                "service": [
                                    {
                                        "id": "https://www.memoriademadrid.es/iiif/2/1056795",
                                        "profile": "http://iiif.io/api/image/2/level2.json",
                                        "type": "ImageService2"
                                    }
                                ]
                            }
                        }
                    ]
                }
            ]
        }
    ],
    "structures": []
}