{
    "id": "https://www.memoriademadrid.es/iiif/manifest/443686",
    "@context": "http://iiif.io/api/presentation/3/context.json",
    "type": "Manifest",
    "label": {
        "es": [
            "Las calles de la f\u00e1brica Portland Valderrivas"
        ]
    },
    "summary": {
        "es": [
            "Entrevista en audio.\r\n02:10 min. \r\nProcedente del proyecto Plantaci\u00f3n de la Memoria. Imagina Madrid (Vic\u00e1lvaro).\r\nEntrevistado: Rafael del Olmo.\r\nEntrevistador: Diego Saban\u00e9s. Sonidista: Fernando Neque\u00e7a\u00fcr"
        ]
    },
    "homepage": [
        {
            "id": "https://www.memoriademadrid.es/view/443686",
            "type": "Text",
            "label": {
                "es": [
                    "Home Page"
                ]
            },
            "format": "text/html"
        }
    ],
    "behavior": [
        "continuous"
    ],
    "thumbnail": [
        {
            "id": "https://www.memoriademadrid.es/thumbnail/443686",
            "type": "Image",
            "format": "image/jpeg",
            "width": 1024,
            "height": 768
        }
    ],
    "metadata": [
        {
            "label": {
                "es": [
                    "MasterCarpeta"
                ]
            },
            "value": {
                "es": [
                    "MDB_ImaginaMadrid_PlantacionMemoria_092"
                ]
            }
        },
        {
            "label": {
                "es": [
                    "A\u00f1o Publicaci\u00f3n"
                ]
            },
            "value": {
                "es": [
                    "2018"
                ]
            }
        },
        {
            "label": {
                "es": [
                    "ID Vargas"
                ]
            },
            "value": {
                "es": [
                    "323272"
                ]
            }
        },
        {
            "label": {
                "es": [
                    "ImportadoDesde"
                ]
            },
            "value": {
                "es": [
                    "Vargas"
                ]
            }
        },
        {
            "label": {
                "es": [
                    "OpenAccess Nombre"
                ]
            },
            "value": {
                "es": [
                    "Las calles de la f\u00e1brica Portland Valderrivas"
                ]
            }
        },
        {
            "label": {
                "es": [
                    "OpenAccess ID Esquema de Metadatos"
                ]
            },
            "value": {
                "es": [
                    "4"
                ]
            }
        },
        {
            "label": {
                "es": [
                    "OpenAccess Perfil"
                ]
            },
            "value": {
                "es": [
                    "Audio"
                ]
            }
        },
        {
            "label": {
                "es": [
                    "OpenAccess Colecci\u00f3n"
                ]
            },
            "value": {
                "es": [
                    "364463"
                ]
            }
        },
        {
            "label": {
                "es": [
                    "OpenAccess Log"
                ]
            },
            "value": {
                "es": [
                    "Updated in OpenAccess at 2025.05.31 12:15:16"
                ]
            }
        },
        {
            "label": {
                "es": [
                    "Objeto master"
                ]
            },
            "value": {
                "es": [
                    "302.354"
                ]
            }
        },
        {
            "label": {
                "es": [
                    "Clase de Patrimonio"
                ]
            },
            "value": {
                "es": [
                    "Patrimonio bibliogr\u00e1fico"
                ]
            }
        },
        {
            "label": {
                "es": [
                    "URL Derechos"
                ]
            },
            "value": {
                "es": [
                    "<a href=http://creativecommons.org/licenses/by-nc/4.0/ >Creative Commons BY-NC 4.0</a>"
                ]
            }
        },
        {
            "label": {
                "es": [
                    "OpenAccess Estado"
                ]
            },
            "value": {
                "es": [
                    "PUBLISH"
                ]
            }
        },
        {
            "label": {
                "es": [
                    "OpenAccess Enlace"
                ]
            },
            "value": {
                "es": [
                    "https://www.memoriademadrid.es/view/443686"
                ]
            }
        },
        {
            "label": {
                "es": [
                    "edm:isShownBy"
                ]
            },
            "value": {
                "es": [
                    "https://www.memoriademadrid.es/viewer/443686"
                ]
            }
        },
        {
            "label": {
                "es": [
                    "edm:object"
                ]
            },
            "value": {
                "es": [
                    "https://www.memoriademadrid.es/thumbnail/443686"
                ]
            }
        },
        {
            "label": {
                "es": [
                    "edm:provider"
                ]
            },
            "value": {
                "es": [
                    "Hispana"
                ]
            }
        },
        {
            "label": {
                "es": [
                    "Notas (privadas)"
                ]
            },
            "value": {
                "es": [
                    "Historias de vida\r\nmiramadrid. Plantaci\u00f3n de la memoria"
                ]
            }
        },
        {
            "label": {
                "es": [
                    "Instituci\u00f3n"
                ]
            },
            "value": {
                "es": [
                    "Intermediae-Matadero Madrid"
                ]
            }
        },
        {
            "label": {
                "es": [
                    "Formato"
                ]
            },
            "value": {
                "es": [
                    "audio/mpeg3"
                ]
            }
        },
        {
            "label": {
                "es": [
                    "Tipo de recurso"
                ]
            },
            "value": {
                "es": [
                    "SOUND"
                ]
            }
        },
        {
            "label": {
                "es": [
                    "Editor"
                ]
            },
            "value": {
                "es": [
                    "Ayuntamiento de Madrid"
                ]
            }
        },
        {
            "label": {
                "es": [
                    "Latitud/Longitud WGS 84"
                ]
            },
            "value": {
                "es": [
                    "40.39823326,-3.60407826"
                ]
            }
        },
        {
            "label": {
                "es": [
                    "Idioma"
                ]
            },
            "value": {
                "es": [
                    "spa"
                ]
            }
        },
        {
            "label": {
                "es": [
                    "Autor"
                ]
            },
            "value": {
                "es": [
                    "Diego SABAN\u00c9S"
                ]
            }
        },
        {
            "label": {
                "es": [
                    "T\u00edtulo"
                ]
            },
            "value": {
                "es": [
                    "Las calles de la f\u00e1brica Portland Valderrivas"
                ]
            }
        },
        {
            "label": {
                "es": [
                    "Fecha de creaci\u00f3n Matiz"
                ]
            },
            "value": {
                "es": [
                    "2018-09-29"
                ]
            }
        },
        {
            "label": {
                "es": [
                    "Fecha de creaci\u00f3n inicial"
                ]
            },
            "value": {
                "es": [
                    "2018-09-29"
                ]
            }
        },
        {
            "label": {
                "es": [
                    "Fecha del registro"
                ]
            },
            "value": {
                "es": [
                    "2018-12-07"
                ]
            }
        },
        {
            "label": {
                "es": [
                    "Lugar"
                ]
            },
            "value": {
                "es": [
                    "Madrid (Vic\u00e1lvaro)"
                ]
            }
        },
        {
            "label": {
                "es": [
                    "Descripci\u00f3n"
                ]
            },
            "value": {
                "es": [
                    "Entrevista en audio.\r\n02:10 min. \r\nProcedente del proyecto Plantaci\u00f3n de la Memoria. Imagina Madrid (Vic\u00e1lvaro).\r\nEntrevistado: Rafael del Olmo.\r\nEntrevistador: Diego Saban\u00e9s. Sonidista: Fernando Neque\u00e7a\u00fcr"
                ]
            }
        },
        {
            "label": {
                "es": [
                    "Tipo de documento"
                ]
            },
            "value": {
                "es": [
                    "Audio"
                ]
            }
        },
        {
            "label": {
                "es": [
                    "Signatura"
                ]
            },
            "value": {
                "es": [
                    "MDB_ImaginaMadrid_PlantacionMemoria_092"
                ]
            }
        },
        {
            "label": {
                "es": [
                    "Materia"
                ]
            },
            "value": {
                "es": [
                    "Testimonios orales",
                    "Cines madrile\u00f1os"
                ]
            }
        },
        {
            "label": {
                "es": [
                    "Comentarios (p\u00fablico)"
                ]
            },
            "value": {
                "es": [
                    "Esto era la Telef\u00f3nica, que luego se convirti\u00f3 en una casa ocupada y autogestionada, que ahora est\u00e1 en venta. En principio despu\u00e9s de quitar la f\u00e1brica se dijo que ser\u00eda un centro de salud, pero a la fecha est\u00e1 paralizado. Al final de la calle de Minerva estaba la entrada a la f\u00e1brica. Impresionaba porque parec\u00eda que entrabas a la NASA. Era un edifcio gris enorme que impon\u00eda bastante. Los chalets aquitectonicamente est\u00e1n chulos. Era un lujo. En el 2001 o 2002 empezaron a construir y se hicieron unas seis mil viviendas. De la calle Minerva se dijo hace unos seis a\u00f1os en un art\u00edculo que era la calle de Europa (o de Espa\u00f1a, no recuerdo bien) con mayor n\u00famero de nacimientos. Se dice que falta un instituto porque cuando los chavales llegan a sexto de primaria ya no tienen a d\u00f3nde ir. El nombre del barrio es Valderrivas, por eso la f\u00e1bica tom\u00f3 el nombre y pas\u00f3 a llamarse: Portland Valderrivas. Los nombres de las calles tienen que ver con la f\u00e1brica, por ejemplo: la calle de los Ynzengas (que me parece que fueron los fundadores de la f\u00e1bica), la calle Titanio, la calle Marmolina... hac\u00edan referencia a los materiales que se utilizaban en la f\u00e1brica."
                ]
            }
        },
        {
            "label": {
                "es": [
                    "URL Cat\u00e1logo"
                ]
            },
            "value": {
                "es": [
                    "https://www.imagina-madrid.es/es/lugares/plaza-brigadas-internacionales"
                ]
            }
        },
        {
            "label": {
                "es": [
                    "Derechos"
                ]
            },
            "value": {
                "es": [
                    "http://creativecommons.org/licenses/by-nc/4.0/"
                ]
            }
        },
        {
            "label": {
                "es": [
                    "Enlace Externo"
                ]
            },
            "value": {
                "es": [
                    "<a href=\"https://www.imagina-madrid.es/es/lugares/plaza-brigadas-internacionales\">Ver en el cat\u00e1logo</a>"
                ]
            }
        }
    ],
    "items": [
        {
            "id": "https://www.memoriademadrid.es/iiif/443686/canvas/p1280212",
            "type": "Canvas",
            "label": {
                "es": [
                    "1280212"
                ]
            },
            "duration": 131.0563291705818,
            "thumbnail": [
                {
                    "id": "https://www.memoriademadrid.es/thumbnail/765287",
                    "type": "Image",
                    "format": "image/jpeg",
                    "width": 1024,
                    "height": 768
                }
            ],
            "items": [
                {
                    "id": "https://www.memoriademadrid.es/file/1280212/content",
                    "type": "AnnotationPage",
                    "items": [
                        {
                            "id": "https://www.memoriademadrid.es/file/1280212/content",
                            "type": "Annotation",
                            "motivation": "painting",
                            "target": "https://www.memoriademadrid.es/file/1280212/content",
                            "body": {
                                "id": "https://www.memoriademadrid.es/file/1280212/content",
                                "type": "Sound",
                                "format": "audio/mp3"
                            }
                        }
                    ]
                }
            ]
        }
    ],
    "structures": []
}