{
    "id": "https://www.memoriademadrid.es/iiif/manifest/473629",
    "@context": "http://iiif.io/api/presentation/3/context.json",
    "type": "Manifest",
    "label": {
        "es": [
            "Mar\u00eda Zambrano"
        ]
    },
    "summary": {
        "es": [
            "Plaza del Conde de Barajas, 3\r\nDistrito: Centro\r\nColocada en el a\u00f1o 1991\r\nEditor: Ayuntamiento de Madrid"
        ]
    },
    "homepage": [
        {
            "id": "https://www.memoriademadrid.es/view/473629",
            "type": "Text",
            "label": {
                "es": [
                    "Home Page"
                ]
            },
            "format": "text/html"
        }
    ],
    "behavior": [
        "continuous"
    ],
    "thumbnail": [
        {
            "id": "https://www.memoriademadrid.es/thumbnail/473629",
            "type": "Image",
            "format": "image/jpeg",
            "width": 1024,
            "height": 993
        }
    ],
    "metadata": [
        {
            "label": {
                "es": [
                    "MasterCarpeta"
                ]
            },
            "value": {
                "es": [
                    "Patrimonio_urbano_58076"
                ]
            }
        },
        {
            "label": {
                "es": [
                    "ID Vargas"
                ]
            },
            "value": {
                "es": [
                    "58076"
                ]
            }
        },
        {
            "label": {
                "es": [
                    "Objeto master"
                ]
            },
            "value": {
                "es": [
                    "No existen coincidencias"
                ]
            }
        },
        {
            "label": {
                "es": [
                    "ImportadoDesde"
                ]
            },
            "value": {
                "es": [
                    "Vargas"
                ]
            }
        },
        {
            "label": {
                "es": [
                    "OpenAccess Nombre"
                ]
            },
            "value": {
                "es": [
                    "Mar\u00eda Zambrano"
                ]
            }
        },
        {
            "label": {
                "es": [
                    "OpenAccess ID Esquema de Metadatos"
                ]
            },
            "value": {
                "es": [
                    "4"
                ]
            }
        },
        {
            "label": {
                "es": [
                    "OpenAccess Perfil"
                ]
            },
            "value": {
                "es": [
                    "Imagen"
                ]
            }
        },
        {
            "label": {
                "es": [
                    "OpenAccess Colecci\u00f3n"
                ]
            },
            "value": {
                "es": [
                    "364478"
                ]
            }
        },
        {
            "label": {
                "es": [
                    "OpenAccess Log"
                ]
            },
            "value": {
                "es": [
                    "Updated in OpenAccess at 2025.05.30 12:42:30"
                ]
            }
        },
        {
            "label": {
                "es": [
                    "A\u00f1o Publicaci\u00f3n"
                ]
            },
            "value": {
                "es": [
                    "1991"
                ]
            }
        },
        {
            "label": {
                "es": [
                    "Clase de Patrimonio"
                ]
            },
            "value": {
                "es": [
                    "Patrimonio arquitect\u00f3nico y monumental"
                ]
            }
        },
        {
            "label": {
                "es": [
                    "URL Derechos"
                ]
            },
            "value": {
                "es": [
                    "<a href=http://creativecommons.org/licenses/by-nc/4.0/ >Creative Commons BY-NC 4.0</a>"
                ]
            }
        },
        {
            "label": {
                "es": [
                    "OpenAccess Estado"
                ]
            },
            "value": {
                "es": [
                    "PUBLISH"
                ]
            }
        },
        {
            "label": {
                "es": [
                    "OpenAccess Enlace"
                ]
            },
            "value": {
                "es": [
                    "https://www.memoriademadrid.es/view/473629"
                ]
            }
        },
        {
            "label": {
                "es": [
                    "edm:isShownBy"
                ]
            },
            "value": {
                "es": [
                    "https://www.memoriademadrid.es/viewer/473629"
                ]
            }
        },
        {
            "label": {
                "es": [
                    "edm:object"
                ]
            },
            "value": {
                "es": [
                    "https://www.memoriademadrid.es/thumbnail/473629"
                ]
            }
        },
        {
            "label": {
                "es": [
                    "edm:provider"
                ]
            },
            "value": {
                "es": [
                    "Hispana"
                ]
            }
        },
        {
            "label": {
                "es": [
                    "Notas (privadas)"
                ]
            },
            "value": {
                "es": [
                    "Mujeres c\u00e9lebres\r\nVisto Antonio"
                ]
            }
        },
        {
            "label": {
                "es": [
                    "Instituci\u00f3n"
                ]
            },
            "value": {
                "es": [
                    "Patrimonio urbano"
                ]
            }
        },
        {
            "label": {
                "es": [
                    "Formato"
                ]
            },
            "value": {
                "es": [
                    "image/jpeg"
                ]
            }
        },
        {
            "label": {
                "es": [
                    "Tipo de recurso"
                ]
            },
            "value": {
                "es": [
                    "IMAGE"
                ]
            }
        },
        {
            "label": {
                "es": [
                    "Editor"
                ]
            },
            "value": {
                "es": [
                    "Ayuntamiento de Madrid"
                ]
            }
        },
        {
            "label": {
                "es": [
                    "Latitud/Longitud WGS 84"
                ]
            },
            "value": {
                "es": [
                    "40.414406,-3.70854"
                ]
            }
        },
        {
            "label": {
                "es": [
                    "Idioma"
                ]
            },
            "value": {
                "es": [
                    "spa"
                ]
            }
        },
        {
            "label": {
                "es": [
                    "T\u00edtulo"
                ]
            },
            "value": {
                "es": [
                    "Mar\u00eda Zambrano"
                ]
            }
        },
        {
            "label": {
                "es": [
                    "Fecha de creaci\u00f3n inicial"
                ]
            },
            "value": {
                "es": [
                    "1991-01-01"
                ]
            }
        },
        {
            "label": {
                "es": [
                    "Fecha del registro"
                ]
            },
            "value": {
                "es": [
                    "2013-08-29"
                ]
            }
        },
        {
            "label": {
                "es": [
                    "Fecha de creaci\u00f3n Matiz"
                ]
            },
            "value": {
                "es": [
                    "1991"
                ]
            }
        },
        {
            "label": {
                "es": [
                    "Lugar"
                ]
            },
            "value": {
                "es": [
                    "Madrid"
                ]
            }
        },
        {
            "label": {
                "es": [
                    "Descripci\u00f3n"
                ]
            },
            "value": {
                "es": [
                    "Plaza del Conde de Barajas, 3\r\nDistrito: Centro\r\nColocada en el a\u00f1o 1991\r\nEditor: Ayuntamiento de Madrid"
                ]
            }
        },
        {
            "label": {
                "es": [
                    "Tipo de documento"
                ]
            },
            "value": {
                "es": [
                    "Placas conmemorativas"
                ]
            }
        },
        {
            "label": {
                "es": [
                    "Signatura"
                ]
            },
            "value": {
                "es": [
                    "s/sig"
                ]
            }
        },
        {
            "label": {
                "es": [
                    "Materia"
                ]
            },
            "value": {
                "es": [
                    "Aristocracia y realeza",
                    "Reyes"
                ]
            }
        },
        {
            "label": {
                "es": [
                    "Comentarios (p\u00fablico)"
                ]
            },
            "value": {
                "es": [
                    "En esta casa vivi\u00f3 la fil\u00f3sofa MAR\u00cdA ZAMBRANO de 1931 a 1936\r\n\r\nEl a\u00f1o anterior a la muerte de la pensadora y escritora Mar\u00eda Zambrano (1904 \u2013 1991), el Ayuntamiento  de Madrid le comunic\u00f3 su intenci\u00f3n de colocar esta placa  en la que ella misma quiso a\u00f1adir: \u201cAqu\u00ed inici\u00f3 su carrera universitaria. Son los a\u00f1os del Despertar de Espa\u00f1a, a\u00f1os de fraternidad, del Madrid ya no castizo pero s\u00ed de casta.\u201d\r\n\r\nLa escritora aci\u00f3 en V\u00e9lez M\u00e1laga. Vivi\u00f3 en Madrid en 1908, en la calle Redondilla n\u00ba 8. Tambi\u00e9n desde 1926 a 1936 y desde 1984 hasta su muerte. Concretamente, en esta casa vivi\u00f3 desde 1931 hasta 1936.  En esta casa es donde inici\u00f3 su carrera universitaria de Filosof\u00eda y empez\u00f3 a trabajar como profesora auxiliar de la C\u00e1tedra de Historia de la  Filosof\u00eda de la Universidad Central, en sustituci\u00f3n de Xavier Zubiri.\r\n\r\nCamilo Jos\u00e9 Cela, en los Cuadernos del Norte escribe \u201cLejanos Recuerdos\u201d y dice: \u201cMar\u00eda Zambrano viv\u00eda en el Madrid viejo, en la Plaza del Conde de Barajas, en una casa acogedora y llena de libros. A los amigos nos recib\u00eda los domingos por la tarde y nos daba una taza de t\u00e9.\u201d\r\n\r\nEl 14 de septiembre de de 1936 se cas\u00f3 con Alfonso Rodr\u00edguez Aldave en el Juzgado del Distrito de La Latina y se fueron a Santiago de Chile donde \u00e9l era secretario de la Embajada. En 1937, el mismo d\u00eda en el que cay\u00f3 la ciudad de Bilbao, Mar\u00eda y su marido regresan a Espa\u00f1a. Colabora desde entonces en la defensa de la Rep\u00fablica y es nombrada Consejera de Propaganda y consejera de la Infancia Evacuada. Al finalizar la guerra, se exila a M\u00e9xico, La Habana, Par\u00eds, Roma\u2026.\r\n\r\nCuando regres\u00f3, en noviembre de 1984, vivi\u00f3 en la calle Antonio Maura, 14, 4\u00ba B. All\u00ed escribi\u00f3 sus \u00faltimos libros y trabajos, y fue donde recibi\u00f3 Premios como el Cervantes y el Pr\u00edncipe de Asturias.\r\n\r\nMuri\u00f3 en el Hospital de la Princesa el d\u00eda de Reyes de 1991."
                ]
            }
        },
        {
            "label": {
                "es": [
                    "URL Cat\u00e1logo"
                ]
            },
            "value": {
                "es": [
                    "http://especiales.memoriademadrid.es/index/verficha/idpk/58076/id/8/obj/A/idag/25"
                ]
            }
        },
        {
            "label": {
                "es": [
                    "Derechos"
                ]
            },
            "value": {
                "es": [
                    "http://creativecommons.org/licenses/by-nc/4.0/"
                ]
            }
        },
        {
            "label": {
                "es": [
                    "Enlace Externo"
                ]
            },
            "value": {
                "es": [
                    "<a href=\"http://especiales.memoriademadrid.es/index/verficha/idpk/58076/id/8/obj/A/idag/25\">Ver en el cat\u00e1logo</a>"
                ]
            }
        }
    ],
    "items": [
        {
            "id": "https://www.memoriademadrid.es/iiif/473629/canvas/p1",
            "type": "Canvas",
            "label": {
                "es": [
                    1
                ]
            },
            "width": 825,
            "height": 800,
            "thumbnail": [
                {
                    "id": "https://www.memoriademadrid.es/iiif/3/1255009/full/^500,/0/default.jpg",
                    "type": "Image",
                    "format": "image/jpeg",
                    "width": 500,
                    "height": 485,
                    "services": [
                        {
                            "id": "https://www.memoriademadrid.es/iiif/3/1255009",
                            "profile": "http://iiif.io/api/image/3/level1.json",
                            "@type": "http://iiif.io/api/image/3/context.json"
                        }
                    ]
                }
            ],
            "items": [
                {
                    "id": "https://www.memoriademadrid.es/iiif/3/1255009",
                    "type": "AnnotationPage",
                    "items": [
                        {
                            "id": "https://www.memoriademadrid.es/iiif/3/1255009",
                            "type": "Annotation",
                            "motivation": "painting",
                            "target": "https://www.memoriademadrid.es/iiif/3/1255009",
                            "body": {
                                "id": "https://www.memoriademadrid.es/iiif/3/1255009/full/^825,/0/default.jpg",
                                "type": "Image",
                                "format": "image/jpeg",
                                "width": 825,
                                "height": 800,
                                "service": [
                                    {
                                        "id": "https://www.memoriademadrid.es/iiif/2/1255009",
                                        "profile": "http://iiif.io/api/image/2/level2.json",
                                        "type": "ImageService2"
                                    }
                                ]
                            }
                        }
                    ]
                }
            ]
        },
        {
            "id": "https://www.memoriademadrid.es/iiif/473629/canvas/p2",
            "type": "Canvas",
            "label": {
                "es": [
                    2
                ]
            },
            "width": 825,
            "height": 800,
            "thumbnail": [
                {
                    "id": "https://www.memoriademadrid.es/iiif/3/1255015/full/^500,/0/default.jpg",
                    "type": "Image",
                    "format": "image/jpeg",
                    "width": 500,
                    "height": 485,
                    "services": [
                        {
                            "id": "https://www.memoriademadrid.es/iiif/3/1255015",
                            "profile": "http://iiif.io/api/image/3/level1.json",
                            "@type": "http://iiif.io/api/image/3/context.json"
                        }
                    ]
                }
            ],
            "items": [
                {
                    "id": "https://www.memoriademadrid.es/iiif/3/1255015",
                    "type": "AnnotationPage",
                    "items": [
                        {
                            "id": "https://www.memoriademadrid.es/iiif/3/1255015",
                            "type": "Annotation",
                            "motivation": "painting",
                            "target": "https://www.memoriademadrid.es/iiif/3/1255015",
                            "body": {
                                "id": "https://www.memoriademadrid.es/iiif/3/1255015/full/^825,/0/default.jpg",
                                "type": "Image",
                                "format": "image/jpeg",
                                "width": 825,
                                "height": 800,
                                "service": [
                                    {
                                        "id": "https://www.memoriademadrid.es/iiif/2/1255015",
                                        "profile": "http://iiif.io/api/image/2/level2.json",
                                        "type": "ImageService2"
                                    }
                                ]
                            }
                        }
                    ]
                }
            ]
        }
    ],
    "structures": []
}