{
    "id": "https://www.memoriademadrid.es/iiif/manifest/473661",
    "@context": "http://iiif.io/api/presentation/3/context.json",
    "type": "Manifest",
    "label": {
        "es": [
            "San Isidro Labrador"
        ]
    },
    "summary": {
        "es": [
            "Plaza de San Andr\u00e9s, 2\r\nDistrito: Centro\r\nColocada en el a\u00f1o 1991\r\nEditor: Ayuntamiento de Madrid"
        ]
    },
    "homepage": [
        {
            "id": "https://www.memoriademadrid.es/view/473661",
            "type": "Text",
            "label": {
                "es": [
                    "Home Page"
                ]
            },
            "format": "text/html"
        }
    ],
    "behavior": [
        "continuous"
    ],
    "thumbnail": [
        {
            "id": "https://www.memoriademadrid.es/thumbnail/473661",
            "type": "Image",
            "format": "image/jpeg",
            "width": 1024,
            "height": 989
        }
    ],
    "metadata": [
        {
            "label": {
                "es": [
                    "MasterCarpeta"
                ]
            },
            "value": {
                "es": [
                    "Patrimonio_urbano_58093"
                ]
            }
        },
        {
            "label": {
                "es": [
                    "ID Vargas"
                ]
            },
            "value": {
                "es": [
                    "58093"
                ]
            }
        },
        {
            "label": {
                "es": [
                    "Objeto master"
                ]
            },
            "value": {
                "es": [
                    "No existen coincidencias"
                ]
            }
        },
        {
            "label": {
                "es": [
                    "ImportadoDesde"
                ]
            },
            "value": {
                "es": [
                    "Vargas"
                ]
            }
        },
        {
            "label": {
                "es": [
                    "OpenAccess Nombre"
                ]
            },
            "value": {
                "es": [
                    "San Isidro Labrador"
                ]
            }
        },
        {
            "label": {
                "es": [
                    "OpenAccess ID Esquema de Metadatos"
                ]
            },
            "value": {
                "es": [
                    "4"
                ]
            }
        },
        {
            "label": {
                "es": [
                    "OpenAccess Perfil"
                ]
            },
            "value": {
                "es": [
                    "Imagen"
                ]
            }
        },
        {
            "label": {
                "es": [
                    "OpenAccess Colecci\u00f3n"
                ]
            },
            "value": {
                "es": [
                    "364478"
                ]
            }
        },
        {
            "label": {
                "es": [
                    "OpenAccess Log"
                ]
            },
            "value": {
                "es": [
                    "Updated in OpenAccess at 2025.05.30 12:45:44"
                ]
            }
        },
        {
            "label": {
                "es": [
                    "A\u00f1o Publicaci\u00f3n"
                ]
            },
            "value": {
                "es": [
                    "1991"
                ]
            }
        },
        {
            "label": {
                "es": [
                    "Clase de Patrimonio"
                ]
            },
            "value": {
                "es": [
                    "Patrimonio arquitect\u00f3nico y monumental"
                ]
            }
        },
        {
            "label": {
                "es": [
                    "URL Derechos"
                ]
            },
            "value": {
                "es": [
                    "<a href=http://creativecommons.org/licenses/by-nc/4.0/ >Creative Commons BY-NC 4.0</a>"
                ]
            }
        },
        {
            "label": {
                "es": [
                    "OpenAccess Estado"
                ]
            },
            "value": {
                "es": [
                    "PUBLISH"
                ]
            }
        },
        {
            "label": {
                "es": [
                    "OpenAccess Enlace"
                ]
            },
            "value": {
                "es": [
                    "https://www.memoriademadrid.es/view/473661"
                ]
            }
        },
        {
            "label": {
                "es": [
                    "edm:isShownBy"
                ]
            },
            "value": {
                "es": [
                    "https://www.memoriademadrid.es/viewer/473661"
                ]
            }
        },
        {
            "label": {
                "es": [
                    "edm:object"
                ]
            },
            "value": {
                "es": [
                    "https://www.memoriademadrid.es/thumbnail/473661"
                ]
            }
        },
        {
            "label": {
                "es": [
                    "edm:provider"
                ]
            },
            "value": {
                "es": [
                    "Hispana"
                ]
            }
        },
        {
            "label": {
                "es": [
                    "Notas (privadas)"
                ]
            },
            "value": {
                "es": [
                    "Visto Antonio"
                ]
            }
        },
        {
            "label": {
                "es": [
                    "Instituci\u00f3n"
                ]
            },
            "value": {
                "es": [
                    "Patrimonio urbano"
                ]
            }
        },
        {
            "label": {
                "es": [
                    "Formato"
                ]
            },
            "value": {
                "es": [
                    "image/jpeg"
                ]
            }
        },
        {
            "label": {
                "es": [
                    "Tipo de recurso"
                ]
            },
            "value": {
                "es": [
                    "IMAGE"
                ]
            }
        },
        {
            "label": {
                "es": [
                    "Editor"
                ]
            },
            "value": {
                "es": [
                    "Ayuntamiento de Madrid"
                ]
            }
        },
        {
            "label": {
                "es": [
                    "Latitud/Longitud WGS 84"
                ]
            },
            "value": {
                "es": [
                    "40.411476,-3.710911"
                ]
            }
        },
        {
            "label": {
                "es": [
                    "Idioma"
                ]
            },
            "value": {
                "es": [
                    "spa"
                ]
            }
        },
        {
            "label": {
                "es": [
                    "T\u00edtulo"
                ]
            },
            "value": {
                "es": [
                    "San Isidro Labrador"
                ]
            }
        },
        {
            "label": {
                "es": [
                    "Fecha de creaci\u00f3n inicial"
                ]
            },
            "value": {
                "es": [
                    "1991-01-01"
                ]
            }
        },
        {
            "label": {
                "es": [
                    "Fecha del registro"
                ]
            },
            "value": {
                "es": [
                    "2013-08-29"
                ]
            }
        },
        {
            "label": {
                "es": [
                    "Fecha de creaci\u00f3n Matiz"
                ]
            },
            "value": {
                "es": [
                    "1991"
                ]
            }
        },
        {
            "label": {
                "es": [
                    "Lugar"
                ]
            },
            "value": {
                "es": [
                    "Madrid"
                ]
            }
        },
        {
            "label": {
                "es": [
                    "Descripci\u00f3n"
                ]
            },
            "value": {
                "es": [
                    "Plaza de San Andr\u00e9s, 2\r\nDistrito: Centro\r\nColocada en el a\u00f1o 1991\r\nEditor: Ayuntamiento de Madrid"
                ]
            }
        },
        {
            "label": {
                "es": [
                    "Tipo de documento"
                ]
            },
            "value": {
                "es": [
                    "Placas conmemorativas"
                ]
            }
        },
        {
            "label": {
                "es": [
                    "Signatura"
                ]
            },
            "value": {
                "es": [
                    "s/sig"
                ]
            }
        },
        {
            "label": {
                "es": [
                    "Materia"
                ]
            },
            "value": {
                "es": [
                    "Escritores",
                    "Dramaturgos"
                ]
            }
        },
        {
            "label": {
                "es": [
                    "Comentarios (p\u00fablico)"
                ]
            },
            "value": {
                "es": [
                    "Aqu\u00ed vivi\u00f3 y muri\u00f3 hacia 1172 SAN ISIDRO LABRADOR y aqu\u00ed se halla el pozo milagroso.\r\n\r\nEl  reciente edificio del Museo de Los Or\u00edgenes de Madrid conserva el Pozo y la Capilla en el lugar que se se\u00f1ala como el de la muerte del San Isidro.\r\n\r\nEn esta casa vivi\u00f3 el santo muchos a\u00f1os, desde poco despu\u00e9s de  reci\u00e9n casado hasta su muerte. Era una casa de criados de Iv\u00e1n de Vargas. Se dice que vivi\u00f3 con su familia en un aposento de gran chimenea. Aqu\u00ed les naci\u00f3 su hijo Ill\u00e1n, cuyo padrino fue el propio amo. Hab\u00eda dentro de la casa un pozo de agua de 27 metros en el que cay\u00f3 el peque\u00f1o Ill\u00e1n de las manos de su madre, que lloraba amargamente su desgracia. Cuando Isidro volvi\u00f3 del trabajo en el campo ambos se pusieron a rezar junto al pozo con gran devoci\u00f3n, y vieron como sub\u00edan las aguas del pozo con el ni\u00f1o jugando con ellas.\r\n\r\nEl viernes d\u00eda 30 de noviembre de 1172, festividad del ap\u00f3stol San Andr\u00e9s y por ello fiesta de su parroquia, muri\u00f3 Isidro con noventa a\u00f1os de edad. Estuvieron a su lado su esposa Mar\u00eda y su hijo Ill\u00e1n, ambos santos. Recibi\u00f3 la extremaunci\u00f3n, dict\u00f3 testamento dejando alguna tierra, su borriquillo, los aperos de labranza y sus parcos vestidos. Pidi\u00f3 perd\u00f3n al se\u00f1or de sus faltas y diciendo que pronto vivir\u00edan en Madrid muchos cristianos rog\u00f3 a su familia que siguieran siendo fieles al amor de Dios."
                ]
            }
        },
        {
            "label": {
                "es": [
                    "URL Cat\u00e1logo"
                ]
            },
            "value": {
                "es": [
                    "http://especiales.memoriademadrid.es/index/verficha/idpk/58093/id/8/obj/A/idag/25"
                ]
            }
        },
        {
            "label": {
                "es": [
                    "Derechos"
                ]
            },
            "value": {
                "es": [
                    "http://creativecommons.org/licenses/by-nc/4.0/"
                ]
            }
        },
        {
            "label": {
                "es": [
                    "Enlace Externo"
                ]
            },
            "value": {
                "es": [
                    "<a href=\"http://especiales.memoriademadrid.es/index/verficha/idpk/58093/id/8/obj/A/idag/25\">Ver en el cat\u00e1logo</a>"
                ]
            }
        }
    ],
    "items": [
        {
            "id": "https://www.memoriademadrid.es/iiif/473661/canvas/p1",
            "type": "Canvas",
            "label": {
                "es": [
                    1
                ]
            },
            "width": 828,
            "height": 800,
            "thumbnail": [
                {
                    "id": "https://www.memoriademadrid.es/iiif/3/1255048/full/^500,/0/default.jpg",
                    "type": "Image",
                    "format": "image/jpeg",
                    "width": 500,
                    "height": 483,
                    "services": [
                        {
                            "id": "https://www.memoriademadrid.es/iiif/3/1255048",
                            "profile": "http://iiif.io/api/image/3/level1.json",
                            "@type": "http://iiif.io/api/image/3/context.json"
                        }
                    ]
                }
            ],
            "items": [
                {
                    "id": "https://www.memoriademadrid.es/iiif/3/1255048",
                    "type": "AnnotationPage",
                    "items": [
                        {
                            "id": "https://www.memoriademadrid.es/iiif/3/1255048",
                            "type": "Annotation",
                            "motivation": "painting",
                            "target": "https://www.memoriademadrid.es/iiif/3/1255048",
                            "body": {
                                "id": "https://www.memoriademadrid.es/iiif/3/1255048/full/^828,/0/default.jpg",
                                "type": "Image",
                                "format": "image/jpeg",
                                "width": 828,
                                "height": 800,
                                "service": [
                                    {
                                        "id": "https://www.memoriademadrid.es/iiif/2/1255048",
                                        "profile": "http://iiif.io/api/image/2/level2.json",
                                        "type": "ImageService2"
                                    }
                                ]
                            }
                        }
                    ]
                }
            ]
        },
        {
            "id": "https://www.memoriademadrid.es/iiif/473661/canvas/p2",
            "type": "Canvas",
            "label": {
                "es": [
                    2
                ]
            },
            "width": 828,
            "height": 800,
            "thumbnail": [
                {
                    "id": "https://www.memoriademadrid.es/iiif/3/1255052/full/^500,/0/default.jpg",
                    "type": "Image",
                    "format": "image/jpeg",
                    "width": 500,
                    "height": 483,
                    "services": [
                        {
                            "id": "https://www.memoriademadrid.es/iiif/3/1255052",
                            "profile": "http://iiif.io/api/image/3/level1.json",
                            "@type": "http://iiif.io/api/image/3/context.json"
                        }
                    ]
                }
            ],
            "items": [
                {
                    "id": "https://www.memoriademadrid.es/iiif/3/1255052",
                    "type": "AnnotationPage",
                    "items": [
                        {
                            "id": "https://www.memoriademadrid.es/iiif/3/1255052",
                            "type": "Annotation",
                            "motivation": "painting",
                            "target": "https://www.memoriademadrid.es/iiif/3/1255052",
                            "body": {
                                "id": "https://www.memoriademadrid.es/iiif/3/1255052/full/^828,/0/default.jpg",
                                "type": "Image",
                                "format": "image/jpeg",
                                "width": 828,
                                "height": 800,
                                "service": [
                                    {
                                        "id": "https://www.memoriademadrid.es/iiif/2/1255052",
                                        "profile": "http://iiif.io/api/image/2/level2.json",
                                        "type": "ImageService2"
                                    }
                                ]
                            }
                        }
                    ]
                }
            ]
        }
    ],
    "structures": []
}