{
    "id": "https://www.memoriademadrid.es/iiif/manifest/473751",
    "@context": "http://iiif.io/api/presentation/3/context.json",
    "type": "Manifest",
    "label": {
        "es": [
            "Enrique Herreros"
        ]
    },
    "summary": {
        "es": [
            "C/ Alburquerque, 8\r\nDistrito: Chamber\u00ed\r\nColocada en el a\u00f1o  1992\r\nEditor: Ayuntamiento de Madrid"
        ]
    },
    "homepage": [
        {
            "id": "https://www.memoriademadrid.es/view/473751",
            "type": "Text",
            "label": {
                "es": [
                    "Home Page"
                ]
            },
            "format": "text/html"
        }
    ],
    "behavior": [
        "continuous"
    ],
    "thumbnail": [
        {
            "id": "https://www.memoriademadrid.es/thumbnail/473751",
            "type": "Image",
            "format": "image/jpeg",
            "width": 753,
            "height": 1024
        }
    ],
    "metadata": [
        {
            "label": {
                "es": [
                    "Tipo de recurso"
                ]
            },
            "value": {
                "es": [
                    "IMAGE"
                ]
            }
        },
        {
            "label": {
                "es": [
                    "OpenAccess Log"
                ]
            },
            "value": {
                "es": [
                    "Updated in OpenAccess at 2025.04.07 01:17:00"
                ]
            }
        },
        {
            "label": {
                "es": [
                    "OpenAccess Colecci\u00f3n"
                ]
            },
            "value": {
                "es": [
                    "364478"
                ]
            }
        },
        {
            "label": {
                "es": [
                    "OpenAccess Enlace"
                ]
            },
            "value": {
                "es": [
                    "https://www.memoriademadrid.es/view/473751"
                ]
            }
        },
        {
            "label": {
                "es": [
                    "OpenAccess Perfil"
                ]
            },
            "value": {
                "es": [
                    "Imagen"
                ]
            }
        },
        {
            "label": {
                "es": [
                    "OpenAccess ID Esquema de Metadatos"
                ]
            },
            "value": {
                "es": [
                    "4"
                ]
            }
        },
        {
            "label": {
                "es": [
                    "OpenAccess Nombre"
                ]
            },
            "value": {
                "es": [
                    "Enrique Herreros"
                ]
            }
        },
        {
            "label": {
                "es": [
                    "ImportadoDesde"
                ]
            },
            "value": {
                "es": [
                    "Vargas"
                ]
            }
        },
        {
            "label": {
                "es": [
                    "Objeto master"
                ]
            },
            "value": {
                "es": [
                    "No existen coincidencias"
                ]
            }
        },
        {
            "label": {
                "es": [
                    "A\u00f1o Publicaci\u00f3n"
                ]
            },
            "value": {
                "es": [
                    "1992"
                ]
            }
        },
        {
            "label": {
                "es": [
                    "Notas (privadas)"
                ]
            },
            "value": {
                "es": [
                    "Visto Antonio"
                ]
            }
        },
        {
            "label": {
                "es": [
                    "OpenAccess Estado"
                ]
            },
            "value": {
                "es": [
                    "PUBLISH"
                ]
            }
        },
        {
            "label": {
                "es": [
                    "edm:object"
                ]
            },
            "value": {
                "es": [
                    "https://www.memoriademadrid.es/thumbnail/473751"
                ]
            }
        },
        {
            "label": {
                "es": [
                    "Formato"
                ]
            },
            "value": {
                "es": [
                    "image/jpeg"
                ]
            }
        },
        {
            "label": {
                "es": [
                    "Editor"
                ]
            },
            "value": {
                "es": [
                    "Ayuntamiento de Madrid"
                ]
            }
        },
        {
            "label": {
                "es": [
                    "Latitud/Longitud WGS 84"
                ]
            },
            "value": {
                "es": [
                    "40.430893,-3.701813"
                ]
            }
        },
        {
            "label": {
                "es": [
                    "edm:isShownBy"
                ]
            },
            "value": {
                "es": [
                    "https://www.memoriademadrid.es/viewer/473751"
                ]
            }
        },
        {
            "label": {
                "es": [
                    "Idioma"
                ]
            },
            "value": {
                "es": [
                    "spa"
                ]
            }
        },
        {
            "label": {
                "es": [
                    "Clase de Patrimonio"
                ]
            },
            "value": {
                "es": [
                    "Patrimonio Urbano"
                ]
            }
        },
        {
            "label": {
                "es": [
                    "Instituci\u00f3n"
                ]
            },
            "value": {
                "es": [
                    "Patrimonio urbano"
                ]
            }
        },
        {
            "label": {
                "es": [
                    "ID Vargas"
                ]
            },
            "value": {
                "es": [
                    "58167"
                ]
            }
        },
        {
            "label": {
                "es": [
                    "T\u00edtulo"
                ]
            },
            "value": {
                "es": [
                    "Enrique Herreros"
                ]
            }
        },
        {
            "label": {
                "es": [
                    "Fecha de creaci\u00f3n Matiz"
                ]
            },
            "value": {
                "es": [
                    "1992"
                ]
            }
        },
        {
            "label": {
                "es": [
                    "Fecha del registro"
                ]
            },
            "value": {
                "es": [
                    "2013-08-29"
                ]
            }
        },
        {
            "label": {
                "es": [
                    "Fecha de creaci\u00f3n inicial"
                ]
            },
            "value": {
                "es": [
                    "1992-01-01"
                ]
            }
        },
        {
            "label": {
                "es": [
                    "Lugar"
                ]
            },
            "value": {
                "es": [
                    "Madrid"
                ]
            }
        },
        {
            "label": {
                "es": [
                    "Descripci\u00f3n"
                ]
            },
            "value": {
                "es": [
                    "C/ Alburquerque, 8\r\nDistrito: Chamber\u00ed\r\nColocada en el a\u00f1o  1992\r\nEditor: Ayuntamiento de Madrid"
                ]
            }
        },
        {
            "label": {
                "es": [
                    "Tipo de documento"
                ]
            },
            "value": {
                "es": [
                    "Placas conmemorativas"
                ]
            }
        },
        {
            "label": {
                "es": [
                    "Signatura"
                ]
            },
            "value": {
                "es": [
                    "s/sig"
                ]
            }
        },
        {
            "label": {
                "es": [
                    "Materia"
                ]
            },
            "value": {
                "es": [
                    "Dibujantes"
                ]
            }
        },
        {
            "label": {
                "es": [
                    "Comentarios (p\u00fablico)"
                ]
            },
            "value": {
                "es": [
                    "Aqu\u00ed vivi\u00f3 el madrile\u00f1o ENRIQUE HERREROS (1903 - 1977). Pintor, humorista, cineasta y monta\u00f1ero.\r\n\r\nLa manera de encontrar a Enrique Herreros a trav\u00e9s de sus obras m\u00e1s famosas era, y es, en m\u00e1s de un centenar de portadas de La Codorniz, la m\u00edtica revista de humor y critica inteligente.\r\n\r\nFue Enrique Herreros un madrile\u00f1o nacido en la calle de San Andr\u00e9s, en 1921. Su personalidad le hac\u00eda ser muy prol\u00edfico en actividades profesionales muy dispares: fue pintor, hizo su primera exposici\u00f3n en el Palacio de la Prensa de Madrid en el a\u00f1o 1942, y otras despu\u00e9s, destacando su colecci\u00f3n de aguafuertes \u201cLa Tauromaquia de la Muerte\u201d y sus ilustraciones de \u201cEl Quijote\u201d, cuya primera versi\u00f3n (hizo tres) la present\u00f3 en el Circulo de Bellas Artes, en 1948. Enseguida se manifest\u00f3 como un importante cartelista.\r\n\r\nLa faceta de humorista la comienza en La Ametralladora y prosigue en La Codorniz, en la que fue uno de los ingenios fundamentales para sacar a la calle ese producto tan especial. Todos los nombres del humor de esa \u00e9poca estuvieron all\u00ed: Miguel Mihura, Tono, Edgar Neville, \u00c1lvaro de la Iglesia\u2026\r\n\r\nInaugurada en 1941, trabaj\u00f3 all\u00ed hasta su fallecimiento el 18 de Septiembre de 1977, en un accidente de monta\u00f1a junto a Potes. Esta casa es muy especial, en ella se respira un mundo colmado de ideas, de arte\u2026 Es un laboratorio de viejas pel\u00edculas y de recuerdos. Aqu\u00ed se firmo el contrato entre Juan de Ordu\u00f1a y la actriz Sara Montiel para filmar \u201cEl \u00daltimo Cupl\u00e9\u201d, se prepararon escaladas a los m\u00e1s altos picos, en ella se respira imaginaci\u00f3n, locura, sue\u00f1os... Muchos de ellos forman la Sala Enrique Herreros, del Museo Municipal de Madrid.\r\n\r\nAntonio Mingote dijo de \u00e9l: \u201cFue una luz que nos deslumbr\u00f3 con su genio de primer humorista, su sabidur\u00eda de gran dibujante, vicario de la mejor pintura, portaestandarte de La Codorniz en portadas rebosantes de originalidad, surrealismo, poes\u00eda e inagotable cachondeo.\u201d\r\n\r\nMuri\u00f3 en un accidente en los Picos de Europa en 1977."
                ]
            }
        },
        {
            "label": {
                "es": [
                    "URL Cat\u00e1logo"
                ]
            },
            "value": {
                "es": [
                    "http://especiales.memoriademadrid.es/index/verficha/idpk/58167/id/8/obj/A/idag/25"
                ]
            }
        },
        {
            "label": {
                "es": [
                    "Derechos"
                ]
            },
            "value": {
                "es": [
                    "http://creativecommons.org/licenses/by-nc/4.0/"
                ]
            }
        },
        {
            "label": {
                "es": [
                    "Enlace Externo"
                ]
            },
            "value": {
                "es": [
                    "<a href='http://especiales.memoriademadrid.es/index/verficha/idpk/58167/id/8/obj/A/idag/25'>Ver en el cat\u00e1logo</a>"
                ]
            }
        }
    ],
    "items": [
        {
            "id": "https://www.memoriademadrid.es/iiif/473751/canvas/p1",
            "type": "Canvas",
            "label": {
                "es": [
                    1
                ]
            },
            "width": 588,
            "height": 800,
            "thumbnail": [
                {
                    "id": "https://www.memoriademadrid.es/iiif/3/1049222/full/^500,/0/default.jpg",
                    "type": "Image",
                    "format": "image/jpeg",
                    "width": 500,
                    "height": 680,
                    "services": [
                        {
                            "id": "https://www.memoriademadrid.es/iiif/3/1049222",
                            "profile": "http://iiif.io/api/image/3/level1.json",
                            "@type": "http://iiif.io/api/image/3/context.json"
                        }
                    ]
                }
            ],
            "items": [
                {
                    "id": "https://www.memoriademadrid.es/iiif/3/1049222",
                    "type": "AnnotationPage",
                    "items": [
                        {
                            "id": "https://www.memoriademadrid.es/iiif/3/1049222",
                            "type": "Annotation",
                            "motivation": "painting",
                            "target": "https://www.memoriademadrid.es/iiif/3/1049222",
                            "body": {
                                "id": "https://www.memoriademadrid.es/iiif/3/1049222/full/^588,/0/default.jpg",
                                "type": "Image",
                                "format": "image/jpeg",
                                "width": 588,
                                "height": 800,
                                "service": [
                                    {
                                        "id": "https://www.memoriademadrid.es/iiif/2/1049222",
                                        "profile": "http://iiif.io/api/image/2/level2.json",
                                        "type": "ImageService2"
                                    }
                                ]
                            }
                        }
                    ]
                }
            ]
        }
    ],
    "structures": []
}