{
    "id": "https://www.memoriademadrid.es/iiif/manifest/473869",
    "@context": "http://iiif.io/api/presentation/3/context.json",
    "type": "Manifest",
    "label": {
        "es": [
            "San Antonio del Prado"
        ]
    },
    "summary": {
        "es": [
            "C/ Cervantes, 17\r\nDistrito: Centro\r\nColocada en el a\u00f1o  2002\r\nEditor: Ayuntamiento de Madrid"
        ]
    },
    "homepage": [
        {
            "id": "https://www.memoriademadrid.es/view/473869",
            "type": "Text",
            "label": {
                "es": [
                    "Home Page"
                ]
            },
            "format": "text/html"
        }
    ],
    "behavior": [
        "continuous"
    ],
    "thumbnail": [
        {
            "id": "https://www.memoriademadrid.es/thumbnail/473869",
            "type": "Image",
            "format": "image/jpeg",
            "width": 1024,
            "height": 967
        }
    ],
    "metadata": [
        {
            "label": {
                "es": [
                    "Tipo de recurso"
                ]
            },
            "value": {
                "es": [
                    "IMAGE"
                ]
            }
        },
        {
            "label": {
                "es": [
                    "OpenAccess Colecci\u00f3n"
                ]
            },
            "value": {
                "es": [
                    "364478"
                ]
            }
        },
        {
            "label": {
                "es": [
                    "OpenAccess Log"
                ]
            },
            "value": {
                "es": [
                    "Updated in OpenAccess at 2025.04.07 01:34:29"
                ]
            }
        },
        {
            "label": {
                "es": [
                    "OpenAccess Enlace"
                ]
            },
            "value": {
                "es": [
                    "https://www.memoriademadrid.es/view/473869"
                ]
            }
        },
        {
            "label": {
                "es": [
                    "OpenAccess Perfil"
                ]
            },
            "value": {
                "es": [
                    "Imagen"
                ]
            }
        },
        {
            "label": {
                "es": [
                    "OpenAccess ID Esquema de Metadatos"
                ]
            },
            "value": {
                "es": [
                    "4"
                ]
            }
        },
        {
            "label": {
                "es": [
                    "OpenAccess Nombre"
                ]
            },
            "value": {
                "es": [
                    "San Antonio del Prado"
                ]
            }
        },
        {
            "label": {
                "es": [
                    "ImportadoDesde"
                ]
            },
            "value": {
                "es": [
                    "Vargas"
                ]
            }
        },
        {
            "label": {
                "es": [
                    "Objeto master"
                ]
            },
            "value": {
                "es": [
                    "No existen coincidencias"
                ]
            }
        },
        {
            "label": {
                "es": [
                    "A\u00f1o Publicaci\u00f3n"
                ]
            },
            "value": {
                "es": [
                    "2001"
                ]
            }
        },
        {
            "label": {
                "es": [
                    "Notas (privadas)"
                ]
            },
            "value": {
                "es": [
                    "Paisaje de la luz. Paseo del Prado"
                ]
            }
        },
        {
            "label": {
                "es": [
                    "OpenAccess Estado"
                ]
            },
            "value": {
                "es": [
                    "PUBLISH"
                ]
            }
        },
        {
            "label": {
                "es": [
                    "edm:object"
                ]
            },
            "value": {
                "es": [
                    "https://www.memoriademadrid.es/thumbnail/473869"
                ]
            }
        },
        {
            "label": {
                "es": [
                    "Formato"
                ]
            },
            "value": {
                "es": [
                    "image/jpeg"
                ]
            }
        },
        {
            "label": {
                "es": [
                    "Editor"
                ]
            },
            "value": {
                "es": [
                    "Ayuntamiento de Madrid"
                ]
            }
        },
        {
            "label": {
                "es": [
                    "Latitud/Longitud WGS 84"
                ]
            },
            "value": {
                "es": [
                    "40.414116,-3.696771"
                ]
            }
        },
        {
            "label": {
                "es": [
                    "edm:isShownBy"
                ]
            },
            "value": {
                "es": [
                    "https://www.memoriademadrid.es/viewer/473869"
                ]
            }
        },
        {
            "label": {
                "es": [
                    "Idioma"
                ]
            },
            "value": {
                "es": [
                    "spa"
                ]
            }
        },
        {
            "label": {
                "es": [
                    "Clase de Patrimonio"
                ]
            },
            "value": {
                "es": [
                    "Patrimonio Urbano"
                ]
            }
        },
        {
            "label": {
                "es": [
                    "Instituci\u00f3n"
                ]
            },
            "value": {
                "es": [
                    "Patrimonio urbano"
                ]
            }
        },
        {
            "label": {
                "es": [
                    "ID Vargas"
                ]
            },
            "value": {
                "es": [
                    "58231"
                ]
            }
        },
        {
            "label": {
                "es": [
                    "T\u00edtulo"
                ]
            },
            "value": {
                "es": [
                    "San Antonio del Prado"
                ]
            }
        },
        {
            "label": {
                "es": [
                    "Fecha de creaci\u00f3n Matiz"
                ]
            },
            "value": {
                "es": [
                    "2002"
                ]
            }
        },
        {
            "label": {
                "es": [
                    "Fecha del registro"
                ]
            },
            "value": {
                "es": [
                    "2013-08-29"
                ]
            }
        },
        {
            "label": {
                "es": [
                    "Fecha de creaci\u00f3n inicial"
                ]
            },
            "value": {
                "es": [
                    "2001-01-01"
                ]
            }
        },
        {
            "label": {
                "es": [
                    "Lugar"
                ]
            },
            "value": {
                "es": [
                    "Madrid"
                ]
            }
        },
        {
            "label": {
                "es": [
                    "Descripci\u00f3n"
                ]
            },
            "value": {
                "es": [
                    "C/ Cervantes, 17\r\nDistrito: Centro\r\nColocada en el a\u00f1o  2002\r\nEditor: Ayuntamiento de Madrid"
                ]
            }
        },
        {
            "label": {
                "es": [
                    "Tipo de documento"
                ]
            },
            "value": {
                "es": [
                    "Placas conmemorativas"
                ]
            }
        },
        {
            "label": {
                "es": [
                    "Signatura"
                ]
            },
            "value": {
                "es": [
                    "s/sig"
                ]
            }
        },
        {
            "label": {
                "es": [
                    "Comentarios (p\u00fablico)"
                ]
            },
            "value": {
                "es": [
                    "En este lugar estuvo de 1612 a 1890 el convento y huerta de SAN ANTONIO DEL PRADO donde LUIS TRELLES Y NOGUEROL celebr\u00f3 la primera vigilia de LA ADORACI\u00d3N NOCTURANA ESPA\u00d1OLA en 1877.\r\n\r\nEl Convento de San Antonio del Prado estuvo entre las actuales calles de San Agust\u00edn, Cervantes, Duque de Medinaceli y la Plaza de las Cortes, por donde ten\u00eda la entrada a su Iglesia. La placa est\u00e1 colocada en la actual Iglesia y el Convento de las Esclavas del Sagrado Coraz\u00f3n, situado donde estuvo la huerta del  antiguo Monasterio de San Antonio del Prado de los Padres Capuchinos. Este Convento fue fundado por el Duque de Lerma, despu\u00e9s de ser nombrado Cardenal, nombramiento que le fue dado como salida honrosa despu\u00e9s de ser despedido como valido de Felipe III en 1609. Estuvieron en \u00e9l los monjes hasta la exclaustraci\u00f3n en 1835 y se derrib\u00f3 en 1890. En este convento estuvieron los restos de San Francisco de Borja durante un tiempo.\r\n\r\nEn esta iglesia comenz\u00f3 la Adoraci\u00f3n Nocturna de Espa\u00f1a en un tiempo de dificultades asociativas.\r\nEl d\u00eda 3 de noviembre de 1877, a las nueve y media de la noche, sin sacerdote, con el sagrario cerrado, ateridos de fr\u00edo y saliendo ya con el nuevo d\u00eda para no levantar sospechas Luis de Trelles y Noguerol y  otros siete hombres se reunieron para celebrar la primera vigilia de la Adoraci\u00f3n Nocturna al Sant\u00edsimo Sacramento comenzando una pr\u00e1ctica que hoy siguen m\u00e1s de veinticinco mil personas.\r\n\r\nTrelles fue un avanzado en la ayuda humanitaria y en la participaci\u00f3n de los seglares en la Iglesia. Abogado jurisconsulto, auditor y diputado, estuvo casado y fue padre de tres hijos. Luch\u00f3 por la instauraci\u00f3n del principio de \u201cin dubio pro reo\u201d en el C\u00f3digo Penal dando lugar posteriormente al Articulo 248. A ra\u00edz de la Tercera Guerra Carlista, Luis de Trelles trabaj\u00f3 en un Protocolo para los derechos de guerra: la eliminaci\u00f3n de las represalias, la ayuda humanitaria a los prisioneros, la protecci\u00f3n  a los no combatientes, la inmunidad de los lugares sagrados y protegidos, dejando sus energ\u00edas en un gran af\u00e1n, una labor personal ingente, que procur\u00f3, gesti\u00f3n a gesti\u00f3n, el canje de hasta 50.000 presos."
                ]
            }
        },
        {
            "label": {
                "es": [
                    "URL Cat\u00e1logo"
                ]
            },
            "value": {
                "es": [
                    "http://especiales.memoriademadrid.es/index/verficha/idpk/58231/id/8/obj/A/idag/25"
                ]
            }
        },
        {
            "label": {
                "es": [
                    "Derechos"
                ]
            },
            "value": {
                "es": [
                    "http://creativecommons.org/licenses/by-nc/4.0/"
                ]
            }
        },
        {
            "label": {
                "es": [
                    "Enlace Externo"
                ]
            },
            "value": {
                "es": [
                    "<a href='http://especiales.memoriademadrid.es/index/verficha/idpk/58231/id/8/obj/A/idag/25'>Ver en el cat\u00e1logo</a>"
                ]
            }
        }
    ],
    "items": [
        {
            "id": "https://www.memoriademadrid.es/iiif/473869/canvas/p1",
            "type": "Canvas",
            "label": {
                "es": [
                    1
                ]
            },
            "width": 847,
            "height": 800,
            "thumbnail": [
                {
                    "id": "https://www.memoriademadrid.es/iiif/3/1049405/full/^500,/0/default.jpg",
                    "type": "Image",
                    "format": "image/jpeg",
                    "width": 500,
                    "height": 472,
                    "services": [
                        {
                            "id": "https://www.memoriademadrid.es/iiif/3/1049405",
                            "profile": "http://iiif.io/api/image/3/level1.json",
                            "@type": "http://iiif.io/api/image/3/context.json"
                        }
                    ]
                }
            ],
            "items": [
                {
                    "id": "https://www.memoriademadrid.es/iiif/3/1049405",
                    "type": "AnnotationPage",
                    "items": [
                        {
                            "id": "https://www.memoriademadrid.es/iiif/3/1049405",
                            "type": "Annotation",
                            "motivation": "painting",
                            "target": "https://www.memoriademadrid.es/iiif/3/1049405",
                            "body": {
                                "id": "https://www.memoriademadrid.es/iiif/3/1049405/full/^847,/0/default.jpg",
                                "type": "Image",
                                "format": "image/jpeg",
                                "width": 847,
                                "height": 800,
                                "service": [
                                    {
                                        "id": "https://www.memoriademadrid.es/iiif/2/1049405",
                                        "profile": "http://iiif.io/api/image/2/level2.json",
                                        "type": "ImageService2"
                                    }
                                ]
                            }
                        }
                    ]
                }
            ]
        }
    ],
    "structures": []
}