{
    "id": "https://www.memoriademadrid.es/iiif/manifest/473873",
    "@context": "http://iiif.io/api/presentation/3/context.json",
    "type": "Manifest",
    "label": {
        "es": [
            "Alfonso Reyes"
        ]
    },
    "summary": {
        "es": [
            "C/ Serrano, 58\r\nDistrito: Salamanca\r\nColocada en el a\u00f1o 2002\r\nEditor: Ayuntamiento de Madrid"
        ]
    },
    "homepage": [
        {
            "id": "https://www.memoriademadrid.es/view/473873",
            "type": "Text",
            "label": {
                "es": [
                    "Home Page"
                ]
            },
            "format": "text/html"
        }
    ],
    "behavior": [
        "continuous"
    ],
    "thumbnail": [
        {
            "id": "https://www.memoriademadrid.es/thumbnail/473873",
            "type": "Image",
            "format": "image/jpeg",
            "width": 1024,
            "height": 987
        }
    ],
    "metadata": [
        {
            "label": {
                "es": [
                    "Tipo de recurso"
                ]
            },
            "value": {
                "es": [
                    "IMAGE"
                ]
            }
        },
        {
            "label": {
                "es": [
                    "OpenAccess Log"
                ]
            },
            "value": {
                "es": [
                    "Updated in OpenAccess at 2025.04.07 01:34:52"
                ]
            }
        },
        {
            "label": {
                "es": [
                    "OpenAccess Colecci\u00f3n"
                ]
            },
            "value": {
                "es": [
                    "364478"
                ]
            }
        },
        {
            "label": {
                "es": [
                    "OpenAccess Enlace"
                ]
            },
            "value": {
                "es": [
                    "https://www.memoriademadrid.es/view/473873"
                ]
            }
        },
        {
            "label": {
                "es": [
                    "OpenAccess Perfil"
                ]
            },
            "value": {
                "es": [
                    "Imagen"
                ]
            }
        },
        {
            "label": {
                "es": [
                    "OpenAccess ID Esquema de Metadatos"
                ]
            },
            "value": {
                "es": [
                    "4"
                ]
            }
        },
        {
            "label": {
                "es": [
                    "OpenAccess Nombre"
                ]
            },
            "value": {
                "es": [
                    "Alfonso Reyes"
                ]
            }
        },
        {
            "label": {
                "es": [
                    "ImportadoDesde"
                ]
            },
            "value": {
                "es": [
                    "Vargas"
                ]
            }
        },
        {
            "label": {
                "es": [
                    "Objeto master"
                ]
            },
            "value": {
                "es": [
                    "No existen coincidencias"
                ]
            }
        },
        {
            "label": {
                "es": [
                    "A\u00f1o Publicaci\u00f3n"
                ]
            },
            "value": {
                "es": [
                    "2001"
                ]
            }
        },
        {
            "label": {
                "es": [
                    "Notas (privadas)"
                ]
            },
            "value": {
                "es": [
                    "Visto Antonio"
                ]
            }
        },
        {
            "label": {
                "es": [
                    "OpenAccess Estado"
                ]
            },
            "value": {
                "es": [
                    "PUBLISH"
                ]
            }
        },
        {
            "label": {
                "es": [
                    "edm:object"
                ]
            },
            "value": {
                "es": [
                    "https://www.memoriademadrid.es/thumbnail/473873"
                ]
            }
        },
        {
            "label": {
                "es": [
                    "Formato"
                ]
            },
            "value": {
                "es": [
                    "image/jpeg"
                ]
            }
        },
        {
            "label": {
                "es": [
                    "Editor"
                ]
            },
            "value": {
                "es": [
                    "Ayuntamiento de Madrid"
                ]
            }
        },
        {
            "label": {
                "es": [
                    "Latitud/Longitud WGS 84"
                ]
            },
            "value": {
                "es": [
                    "40.428394,-3.687029"
                ]
            }
        },
        {
            "label": {
                "es": [
                    "edm:isShownBy"
                ]
            },
            "value": {
                "es": [
                    "https://www.memoriademadrid.es/viewer/473873"
                ]
            }
        },
        {
            "label": {
                "es": [
                    "Idioma"
                ]
            },
            "value": {
                "es": [
                    "spa"
                ]
            }
        },
        {
            "label": {
                "es": [
                    "Clase de Patrimonio"
                ]
            },
            "value": {
                "es": [
                    "Patrimonio Urbano"
                ]
            }
        },
        {
            "label": {
                "es": [
                    "Instituci\u00f3n"
                ]
            },
            "value": {
                "es": [
                    "Patrimonio urbano"
                ]
            }
        },
        {
            "label": {
                "es": [
                    "ID Vargas"
                ]
            },
            "value": {
                "es": [
                    "58233"
                ]
            }
        },
        {
            "label": {
                "es": [
                    "T\u00edtulo"
                ]
            },
            "value": {
                "es": [
                    "Alfonso Reyes"
                ]
            }
        },
        {
            "label": {
                "es": [
                    "Fecha de creaci\u00f3n Matiz"
                ]
            },
            "value": {
                "es": [
                    "2002"
                ]
            }
        },
        {
            "label": {
                "es": [
                    "Fecha del registro"
                ]
            },
            "value": {
                "es": [
                    "2013-08-29"
                ]
            }
        },
        {
            "label": {
                "es": [
                    "Fecha de creaci\u00f3n inicial"
                ]
            },
            "value": {
                "es": [
                    "2001-01-01"
                ]
            }
        },
        {
            "label": {
                "es": [
                    "Lugar"
                ]
            },
            "value": {
                "es": [
                    "Madrid"
                ]
            }
        },
        {
            "label": {
                "es": [
                    "Descripci\u00f3n"
                ]
            },
            "value": {
                "es": [
                    "C/ Serrano, 58\r\nDistrito: Salamanca\r\nColocada en el a\u00f1o 2002\r\nEditor: Ayuntamiento de Madrid"
                ]
            }
        },
        {
            "label": {
                "es": [
                    "Tipo de documento"
                ]
            },
            "value": {
                "es": [
                    "Placas conmemorativas"
                ]
            }
        },
        {
            "label": {
                "es": [
                    "Signatura"
                ]
            },
            "value": {
                "es": [
                    "s/sig"
                ]
            }
        },
        {
            "label": {
                "es": [
                    "Materia"
                ]
            },
            "value": {
                "es": [
                    "Escritores",
                    "Diplom\u00e1ticos"
                ]
            }
        },
        {
            "label": {
                "es": [
                    "Comentarios (p\u00fablico)"
                ]
            },
            "value": {
                "es": [
                    "En est\u00e1 casa vivi\u00f3 el escritor mexicano, diplom\u00e1tico y fundador en su pa\u00eds de \"La Casa de Espa\u00f1a\" ALFONSO REYES. \"Hagamos M\u00e9xico y Espa\u00f1a -de acuerdo y tan juntos como sea posible- la com\u00fan campa\u00f1a de la vida\" (1889-1959)\r\n\r\nEl escritor y diplom\u00e1tico mexicano, Alfonso Reyes, tuvo su \u00faltimo domicilio en Madrid en esta casa de la calle Serrano desde 1914 a 1924. A decir de Borges:  \u201cReyes ha sido uno de los mejores escritores de las diversas literaturas, cuyo instrumento es la lengua: es el mejor prosista de la lengua espa\u00f1ola de este y del otro lado del Atl\u00e1ntico.\u201d\r\n\r\nNaci\u00f3 en Monterrey, Nuevo Le\u00f3n, el 19 de mayo de 1889, hijo de uno de los pol\u00edticos m\u00e1s poderosos del r\u00e9gimen en ese momento, el general Bernardo Reyes. En 1913 el general muri\u00f3 por razones pol\u00edticas. Ese mismo a\u00f1o, el futuro escritor y pol\u00edgrafo termin\u00f3 Derecho y fue a Par\u00eds como segundo delegado de la legaci\u00f3n mexicana.\r\n\r\nLas diferencias pol\u00edticas le trajeron a Espa\u00f1a de exilado, pas\u00f3 penalidades, pero pudo participar de la vida cultural madrile\u00f1a, y en el trabajo period\u00edstico y editorial como colaborador en el Centro de Estudios Hist\u00f3ricos con Men\u00e9ndez Pidal. En 1917 public\u00f3 \u201cCartones de Madrid\u201d. En 1920 inici\u00f3 un nuevo rumbo a su carrera diplom\u00e1tica, que le conducir\u00e1n a Francia, Argentina y Brasil.\r\n\r\nEn marzo de 1939 fue nombrado presidente de la Casa de Espa\u00f1a, en M\u00e9xico, una instituci\u00f3n fundada por los refugiados de la Guerra Civil. En 1940 es nombrado miembro de la Academia Mexicana de la Lengua, que acabar\u00e1 por dirigir una d\u00e9cada m\u00e1s tarde. Fue tambi\u00e9n catedr\u00e1tico y fundador del Colegio Nacional.\r\n\r\nAlfonso Reyes es autor de numerosos libros, entre poes\u00eda, narrativa, ensayo, cr\u00edtica y memorias. Sus obras completas, editadas por el Fondo de Cultura Econ\u00f3mica, consta de 27 vol\u00famenes.  \r\n\r\nMuri\u00f3 en la ciudad de M\u00e9xico el 17 de diciembre de 1959."
                ]
            }
        },
        {
            "label": {
                "es": [
                    "URL Cat\u00e1logo"
                ]
            },
            "value": {
                "es": [
                    "http://especiales.memoriademadrid.es/index/verficha/idpk/58233/id/8/obj/A/idag/25"
                ]
            }
        },
        {
            "label": {
                "es": [
                    "Derechos"
                ]
            },
            "value": {
                "es": [
                    "http://creativecommons.org/licenses/by-nc/4.0/"
                ]
            }
        },
        {
            "label": {
                "es": [
                    "Enlace Externo"
                ]
            },
            "value": {
                "es": [
                    "<a href='http://especiales.memoriademadrid.es/index/verficha/idpk/58233/id/8/obj/A/idag/25'>Ver en el cat\u00e1logo</a>"
                ]
            }
        }
    ],
    "items": [
        {
            "id": "https://www.memoriademadrid.es/iiif/473873/canvas/p1",
            "type": "Canvas",
            "label": {
                "es": [
                    1
                ]
            },
            "width": 830,
            "height": 800,
            "thumbnail": [
                {
                    "id": "https://www.memoriademadrid.es/iiif/3/1049411/full/^500,/0/default.jpg",
                    "type": "Image",
                    "format": "image/jpeg",
                    "width": 500,
                    "height": 482,
                    "services": [
                        {
                            "id": "https://www.memoriademadrid.es/iiif/3/1049411",
                            "profile": "http://iiif.io/api/image/3/level1.json",
                            "@type": "http://iiif.io/api/image/3/context.json"
                        }
                    ]
                }
            ],
            "items": [
                {
                    "id": "https://www.memoriademadrid.es/iiif/3/1049411",
                    "type": "AnnotationPage",
                    "items": [
                        {
                            "id": "https://www.memoriademadrid.es/iiif/3/1049411",
                            "type": "Annotation",
                            "motivation": "painting",
                            "target": "https://www.memoriademadrid.es/iiif/3/1049411",
                            "body": {
                                "id": "https://www.memoriademadrid.es/iiif/3/1049411/full/^830,/0/default.jpg",
                                "type": "Image",
                                "format": "image/jpeg",
                                "width": 830,
                                "height": 800,
                                "service": [
                                    {
                                        "id": "https://www.memoriademadrid.es/iiif/2/1049411",
                                        "profile": "http://iiif.io/api/image/2/level2.json",
                                        "type": "ImageService2"
                                    }
                                ]
                            }
                        }
                    ]
                }
            ]
        }
    ],
    "structures": []
}